{"id":9946,"date":"2024-07-24T14:47:41","date_gmt":"2024-07-24T12:47:41","guid":{"rendered":"https:\/\/plancabanyal.es\/?p=9946"},"modified":"2024-07-24T14:48:51","modified_gmt":"2024-07-24T12:48:51","slug":"valencia-recupera-gran-parte-de-las-piezas-originales-del-monumento-a-sorolla-lo-que-hace-viable-su-reconstruccion","status":"publish","type":"post","link":"https:\/\/plancabanyal.es\/va\/valencia-recupera-gran-parte-de-las-piezas-originales-del-monumento-a-sorolla-lo-que-hace-viable-su-reconstruccion\/","title":{"rendered":"Val\u00e8ncia recupera gran part de les peces originals del monument a Sorolla, la qual cosa fa viable la seua reconstrucci\u00f3"},"content":{"rendered":"<div class=\"dateRedes\">\n<p><strong>24\/07\/2024<\/strong><\/p>\n<\/div>\n<p>&nbsp;<\/p>\n<ul>\n<li><strong>La voluntat de l&#8217;Ajuntament \u00e9s que esta obra s&#8217;alce de nou en el seu empla\u00e7ament original, a la platja del Cabanyal, d&#8217;acord amb la voluntat de l&#8217;artista valenci\u00e0<\/strong><\/li>\n<\/ul>\n<ul>\n<li><strong>El monument a Sorolla (1933-1957) i la Tortada de Goerlich (1933-1961) es van al\u00e7ar el mateix any i van ser dos conjunts monumentals coetanis, postal de la ciutat durant tres d\u00e8cades<\/strong><\/li>\n<\/ul>\n<p>L&#8217;alcaldessa, Maria Jos\u00e9 Catal\u00e1, ha visitat este mat\u00ed la parcel\u00b7la de Ferrocarrils de la Generalitat Valenciana (FGV), a Sant Isidre, on es troben restes de l&#8217;antic monument a Sorolla i de la Tortada de Goerlich. Fins ara, s&#8217;ha trobat gran part de les peces originals, la qual cosa fa viable la recuperaci\u00f3 del monument a Sorolla.<\/p>\n<p>Catal\u00e1 ha estat acompanyada per el regidor de Cultura, Jos\u00e9 Luis Morenos, i per l&#8217;arquitecte responsable de l&#8217;estudi d&#8217;inventari catalogaci\u00f3, digitalitzaci\u00f3 i intervencions puntuals; Javier Hidalgo, aix\u00ed com per personal del Servici d&#8217;Investigaci\u00f3 d&#8217;Arqueologia Municipal (SIAM) i personal t\u00e8cnic del Servici de Patrimoni Historicoart\u00edstic.<\/p>\n<p>\u201cEsta actuaci\u00f3 \u00e9s fruit d&#8217;un proc\u00e9s rigor\u00f3s i respectu\u00f3s amb l&#8217;obra original i suposa complir la voluntat de l&#8217;artista i rescabalar aix\u00ed un deute hist\u00f2ric\u201d, ha assenyalat la alcaldessa. \u201cEs tracta d&#8217;una de les iniciatives culturals m\u00e9s destacades en les quals estem treballant, volem retornar el monument, actualment descontextualitzat, al lloc que va inspirar les seues espl\u00e8ndides escenes de platja\u201d, ha afegit.<\/p>\n<p>El monument a Sorolla (1933-1957) i la Tortada de Goerlich (1933-1961) es van al\u00e7ar el mateix any i van ser dos conjunts monumentals coetanis, postal de la ciutat durant tres d\u00e8cades. Per aix\u00f2, \u201cestos treballs permeten recuperar una part de la hist\u00f2ria de Val\u00e8ncia, vinculada a dos dels nostres artistes m\u00e9s importants i a la persona considerada \u2018art\u00edfex de la Val\u00e8ncia moderna\u2019\u201d, ha assegurat l&#8217;alcaldessa.<\/p>\n<p>Respecte a la Tortada de Goerlich, l&#8217;estudi encarregat per l&#8217;Ajuntament determina que \u00e9s possible la reconstrucci\u00f3 parcial del p\u00f2rtic circular del mercat de les flors, un dels elements ic\u00f2nics del monument. En este sentit, tant el nombre de restes trobades com el seu estat de conservaci\u00f3 fan factible reconstruir un dels elements m\u00e9s recognoscibles del conjunt arquitect\u00f2nic, obra de Javier Goerlich, que va ocupar l&#8217;espai central de la pla\u00e7a de l&#8217;Ajuntament.<\/p>\n<p><strong>Monument a Sorolla<\/strong><\/p>\n<p>El conjunt monumental estava presidit per un bust de Sorolla en bronze, r\u00e8plica del realitzat en marbre per Mariano Benlliure pocs anys abans de la mort de l&#8217;artista, situat sobre una tribuna elevada amb vista a la mar i envoltat d&#8217;una columnata procedent de la Real F\u00e0brica d&#8217;Argenteries Mart\u00ednez de Madrid. Sorolla va expressar, uns anys abans de la seua mort, el seu desig que es col\u00b7locara el bust realitzat en 1916 en el seu honor \u201ca la platja, al costat de la mar llatina que tantes obres em va inspirar i on vaig passar els millors dies de la meua vida\u201d.<\/p>\n<p>L&#8217;Ajuntament va encarregar la seua construcci\u00f3 en 1925 a Francisco Mora, autor entre altres del Mercat de Col\u00f3n, el Palau de l&#8217;Exposici\u00f3 o la mateixa Casa Consistorial. Este es va inaugurar el 31 de desembre de 1933, situat entre les antigues Termes Victoria i l&#8217;Asil de La nostra Senyora del Carmen, i va quedar destru\u00eft per la riuada de 1957.<\/p>\n<p>A la fi de 2023, la Delegaci\u00f3 d&#8217;Acci\u00f3 Cultural, Patrimoni i Recursos Culturals va encarregar al SIAM l&#8217;elaboraci\u00f3 dels estudis previs per a la reconstrucci\u00f3 del monument, que s&#8217;al\u00e7ava en el Cabanyal. Fins al moment, s&#8217;ha pogut acreditar tant la proced\u00e8ncia dels materials com l&#8217;autenticitat de les peces.<\/p>\n<p>L&#8217;extracci\u00f3 de les restes va tindre lloc l&#8217;abril passat en el tram VII del Jard\u00ed T\u00faria, en l&#8217;antic escorxador municipal de Borbot\u00f3, en el solar de FGV i en el cementeri vell de Paiporta. El percentatge de peces originals existents del primitiu monument fa viable la seua recuperaci\u00f3 patrimonial per \u201canastilosi\u201d (reconstrucci\u00f3 per mitj\u00e0 de la reuni\u00f3 de les seues parts o fragments dispersos).<\/p>\n<p>D&#8217;esta manera, quan finalitzen els treballs d&#8217;inventari i catalogaci\u00f3, aix\u00ed com les consultes pr\u00e8vies amb la resta de servicis i administracions p\u00fabliques implicades, es redactar\u00e0 el projecte b\u00e0sic, que, una vegada autoritzat, donar\u00e0 pas a la contractaci\u00f3 de la redacci\u00f3 del projecte t\u00e8cnic de reconstrucci\u00f3 i, posteriorment, a l&#8217;execuci\u00f3 d&#8217;este.<\/p>\n<p>&nbsp;<\/p>\n<p>Fuente: <a href=\"https:\/\/www.valencia.es\/cas\/actualidad\/-\/content\/reconstrucci%C3%B3n-antiguo-monumento-a-sorolla-2\" target=\"_blank\" rel=\"noopener\">Actualidad &#8211; Ayuntamiento de Valencia<\/a><\/p>\n<p>&nbsp;<\/p>\n<p>&nbsp;<\/p>\n","protected":false},"excerpt":{"rendered":"<p>24\/07\/2024 &nbsp; La voluntat de l&#8217;Ajuntament \u00e9s que esta obra s&#8217;alce de nou en el seu empla\u00e7ament original, a la [&hellip;]<\/p>\n","protected":false},"author":2,"featured_media":9944,"comment_status":"open","ping_status":"open","sticky":false,"template":"","format":"standard","meta":{"site-sidebar-layout":"default","site-content-layout":"","ast-site-content-layout":"","site-content-style":"default","site-sidebar-style":"default","ast-global-header-display":"","ast-banner-title-visibility":"","ast-main-header-display":"","ast-hfb-above-header-display":"","ast-hfb-below-header-display":"","ast-hfb-mobile-header-display":"","site-post-title":"","ast-breadcrumbs-content":"","ast-featured-img":"","footer-sml-layout":"","theme-transparent-header-meta":"","adv-header-id-meta":"","stick-header-meta":"","header-above-stick-meta":"","header-main-stick-meta":"","header-below-stick-meta":"","astra-migrate-meta-layouts":"default","ast-page-background-enabled":"default","ast-page-background-meta":{"desktop":{"background-color":"var(--ast-global-color-5)","background-image":"","background-repeat":"repeat","background-position":"center center","background-size":"auto","background-attachment":"scroll","background-type":"","background-media":"","overlay-type":"","overlay-color":"","overlay-opacity":"","overlay-gradient":""},"tablet":{"background-color":"","background-image":"","background-repeat":"repeat","background-position":"center center","background-size":"auto","background-attachment":"scroll","background-type":"","background-media":"","overlay-type":"","overlay-color":"","overlay-opacity":"","overlay-gradient":""},"mobile":{"background-color":"","background-image":"","background-repeat":"repeat","background-position":"center center","background-size":"auto","background-attachment":"scroll","background-type":"","background-media":"","overlay-type":"","overlay-color":"","overlay-opacity":"","overlay-gradient":""}},"ast-content-background-meta":{"desktop":{"background-color":"var(--ast-global-color-4)","background-image":"","background-repeat":"repeat","background-position":"center center","background-size":"auto","background-attachment":"scroll","background-type":"","background-media":"","overlay-type":"","overlay-color":"","overlay-opacity":"","overlay-gradient":""},"tablet":{"background-color":"var(--ast-global-color-4)","background-image":"","background-repeat":"repeat","background-position":"center center","background-size":"auto","background-attachment":"scroll","background-type":"","background-media":"","overlay-type":"","overlay-color":"","overlay-opacity":"","overlay-gradient":""},"mobile":{"background-color":"var(--ast-global-color-4)","background-image":"","background-repeat":"repeat","background-position":"center center","background-size":"auto","background-attachment":"scroll","background-type":"","background-media":"","overlay-type":"","overlay-color":"","overlay-opacity":"","overlay-gradient":""}}},"categories":[49,57,23],"tags":[],"acf":[],"_links":{"self":[{"href":"https:\/\/plancabanyal.es\/va\/wp-json\/wp\/v2\/posts\/9946"}],"collection":[{"href":"https:\/\/plancabanyal.es\/va\/wp-json\/wp\/v2\/posts"}],"about":[{"href":"https:\/\/plancabanyal.es\/va\/wp-json\/wp\/v2\/types\/post"}],"author":[{"embeddable":true,"href":"https:\/\/plancabanyal.es\/va\/wp-json\/wp\/v2\/users\/2"}],"replies":[{"embeddable":true,"href":"https:\/\/plancabanyal.es\/va\/wp-json\/wp\/v2\/comments?post=9946"}],"version-history":[{"count":2,"href":"https:\/\/plancabanyal.es\/va\/wp-json\/wp\/v2\/posts\/9946\/revisions"}],"predecessor-version":[{"id":9950,"href":"https:\/\/plancabanyal.es\/va\/wp-json\/wp\/v2\/posts\/9946\/revisions\/9950"}],"wp:featuredmedia":[{"embeddable":true,"href":"https:\/\/plancabanyal.es\/va\/wp-json\/wp\/v2\/media\/9944"}],"wp:attachment":[{"href":"https:\/\/plancabanyal.es\/va\/wp-json\/wp\/v2\/media?parent=9946"}],"wp:term":[{"taxonomy":"category","embeddable":true,"href":"https:\/\/plancabanyal.es\/va\/wp-json\/wp\/v2\/categories?post=9946"},{"taxonomy":"post_tag","embeddable":true,"href":"https:\/\/plancabanyal.es\/va\/wp-json\/wp\/v2\/tags?post=9946"}],"curies":[{"name":"wp","href":"https:\/\/api.w.org\/{rel}","templated":true}]}}