{"id":9095,"date":"2024-03-26T08:27:49","date_gmt":"2024-03-26T07:27:49","guid":{"rendered":"https:\/\/plancabanyal.es\/?p=9095"},"modified":"2024-03-26T09:17:05","modified_gmt":"2024-03-26T08:17:05","slug":"plan-cabanyal-canyamelar-aprueba-las-ayudas-para-la-rehabilitacion-y-reedificacion-de-223-viviendas","status":"publish","type":"post","link":"https:\/\/plancabanyal.es\/va\/plan-cabanyal-canyamelar-aprueba-las-ayudas-para-la-rehabilitacion-y-reedificacion-de-223-viviendas\/","title":{"rendered":"Plan Cabanyal-Canyamelar aprova les ajudes per a la rehabilitaci\u00f3 i reedificaci\u00f3 de 223 habitatges"},"content":{"rendered":"<div class=\"dateRedes\">\n<p class=\"noticia-date\">25\/03\/2024<\/p>\n<p>Este mat\u00ed s&#8217;ha reunit el Consell d&#8217;Administraci\u00f3 del Plan Cabanyal-Canyamelar, S.A.<\/p>\n<\/div>\n<div>\n<ul>\n<li><strong>La societat destina 1.970.000 euros en subvencions de les quals el 84% s\u2019invertiran en rehabilitaci\u00f3 de 216 habitatges<\/strong><\/li>\n<\/ul>\n<ul>\n<li><strong>Per a la reedificaci\u00f3 d\u2019habitatges es destinen 315.000 euros a 7 vivendes del barri<\/strong><\/li>\n<\/ul>\n<ul>\n<li><strong>El Consell d\u2019Administraci\u00f3 enceta els tr\u00e0mits per a l\u2019alienaci\u00f3 d\u2019immobles al 2024<\/strong><\/li>\n<\/ul>\n<p>La Societat Plan Cabanyal-Canyamelar ha aprovat les ajudes per a la rehabilitaci\u00f3 i reedificaci\u00f3 d&#8217;habitatges en el barri, que comportaran una inversi\u00f3 d&#8217;1.970.000 euros durant 2024 en 223 habitatges, unes ajudes que s&#8217;emmarquen dins del conveni del Pla Estatal d&#8217;Habitatge. A m\u00e9s, durant el Consell d&#8217;Administraci\u00f3 celebrat hui, on s&#8217;han formulat els comptes de l&#8217;exercici 2023, s&#8217;ha aprovat encetar l&#8217;alienaci\u00f3 dels immobles inclosos en el pressupostos de l&#8217;entitat per a l&#8217;any 2024.<\/p>\n<p>Dels 1.970.000 euros destinats a subvencions, el 84%, 1.655.000 euros, afecten actuacions de rehabilitaci\u00f3 d&#8217;edificis i habitatges i el 16% restant, 315.000 euros, corresponen a actuacions de reedificaci\u00f3. D&#8217;altra banda, les ajudes de rehabilitaci\u00f3 d&#8217;edificis beneficiaran 216 habitatges en 44 edificis mentres que les subvencions per a la reedificaci\u00f3 d&#8217;edificis es destinaran a 7 habitatges en 5 edificis.<\/p>\n<p>Segons ha explicat el regidor d&#8217;Urbanisme, Juan Giner, \u201cla pol\u00edtica d&#8217;habitatge \u00e9s un dels pilars centrals del nou equip de govern. I hem d&#8217;oferir totes les possibilitats per a millorar els habitatges dels nostres barris, b\u00e9 amb ajudes a la rehabilitaci\u00f3 o a la reedificaci\u00f3 o a trav\u00e9s de projectes on es construiran nous habitatges com \u00e9s el cas de l&#8217;edifici que s&#8217;est\u00e0 dissenyant i que substituir\u00e0 al dels blocs portuaris\u201d.<\/p>\n<p>Les actuacions que engloba les subvencions comportaran millores de l&#8217;efici\u00e8ncia energ\u00e8tica i la sostenibilitat en habitatges. A m\u00e9s, inclou l&#8217;execuci\u00f3 d&#8217;obres de manteniment en edificis, fins i tot en el seu interior, instal\u00b7lacions fixes, equipament propi i elements comuns. La demolici\u00f3 d&#8217;edificis i edificaci\u00f3 d&#8217;edificis i habitatges, aix\u00ed com els costos de reallotjaments temporals, tamb\u00e9 s&#8217;inclouen en les ajudes.<\/p>\n<p>Quant a les quanties de les ajudes a la rehabilitaci\u00f3 d&#8217;habitatges, el 40% del cost subvencionable es realitzar\u00e0 amb c\u00e0rrec al Ministeri, amb un m\u00e0xim de 12.000 euros per habitatge, m\u00e9s el 20% del cost subvencionable amb c\u00e0rrec a la Generalitat Valenciana, amb un m\u00e0xim de 6.000 euros per habitatge, condicionades a l&#8217;assoliment dels objectius de millora energ\u00e8tica establits en la convocat\u00f2ria. A m\u00e9s, es podr\u00e0 aconseguir el 75% d&#8217;ajudes del Ministeri en aquells habitatges que escometen millores de l&#8217;accessibilitat en les quals residisca una persona amb discapacitat o major de 65 anys.<\/p>\n<p>Les ajudes per a la reedificaci\u00f3 d&#8217;edificis d&#8217;habitatges, el 40% del cost subvencionable, amb un m\u00e0xim de 30.000 euros, ser\u00e0 a c\u00e0rrec del Ministeri i fins al 20% del cost subvencionable i un m\u00e0xim de 15.000 euros amb c\u00e0rrec a la Generalitat Valenciana per cada habitatge constru\u00eft en substituci\u00f3 d&#8217;una altra pr\u00e8viament demolida.<\/p>\n<p><a href=\"https:\/\/www.lasprovincias.es\/valencia-ciudad\/plan-cabanyal-prepara-subasta-docena-viviendas-publicas-20240325145459-nt.html\" target=\"_blank\" rel=\"noopener\">Noticia Las Provincias<\/a><\/p>\n<p><a href=\"https:\/\/www.levante-emv.com\/valencia\/2024\/03\/25\/plan-cabanyal-aprueba-1-9-99946551.html\" target=\"_blank\" rel=\"noopener\">Noticia Levante-emv<\/a><\/p>\n<\/div>\n","protected":false},"excerpt":{"rendered":"<p>25\/03\/2024 Este mat\u00ed s&#8217;ha reunit el Consell d&#8217;Administraci\u00f3 del Plan Cabanyal-Canyamelar, S.A. La societat destina 1.970.000 euros en subvencions de [&hellip;]<\/p>\n","protected":false},"author":2,"featured_media":8720,"comment_status":"open","ping_status":"open","sticky":false,"template":"","format":"standard","meta":{"site-sidebar-layout":"default","site-content-layout":"","ast-site-content-layout":"","site-content-style":"default","site-sidebar-style":"default","ast-global-header-display":"","ast-banner-title-visibility":"","ast-main-header-display":"","ast-hfb-above-header-display":"","ast-hfb-below-header-display":"","ast-hfb-mobile-header-display":"","site-post-title":"","ast-breadcrumbs-content":"","ast-featured-img":"","footer-sml-layout":"","theme-transparent-header-meta":"","adv-header-id-meta":"","stick-header-meta":"","header-above-stick-meta":"","header-main-stick-meta":"","header-below-stick-meta":"","astra-migrate-meta-layouts":"default","ast-page-background-enabled":"default","ast-page-background-meta":{"desktop":{"background-color":"var(--ast-global-color-5)","background-image":"","background-repeat":"repeat","background-position":"center center","background-size":"auto","background-attachment":"scroll","background-type":"","background-media":"","overlay-type":"","overlay-color":"","overlay-opacity":"","overlay-gradient":""},"tablet":{"background-color":"","background-image":"","background-repeat":"repeat","background-position":"center center","background-size":"auto","background-attachment":"scroll","background-type":"","background-media":"","overlay-type":"","overlay-color":"","overlay-opacity":"","overlay-gradient":""},"mobile":{"background-color":"","background-image":"","background-repeat":"repeat","background-position":"center center","background-size":"auto","background-attachment":"scroll","background-type":"","background-media":"","overlay-type":"","overlay-color":"","overlay-opacity":"","overlay-gradient":""}},"ast-content-background-meta":{"desktop":{"background-color":"var(--ast-global-color-4)","background-image":"","background-repeat":"repeat","background-position":"center center","background-size":"auto","background-attachment":"scroll","background-type":"","background-media":"","overlay-type":"","overlay-color":"","overlay-opacity":"","overlay-gradient":""},"tablet":{"background-color":"var(--ast-global-color-4)","background-image":"","background-repeat":"repeat","background-position":"center center","background-size":"auto","background-attachment":"scroll","background-type":"","background-media":"","overlay-type":"","overlay-color":"","overlay-opacity":"","overlay-gradient":""},"mobile":{"background-color":"var(--ast-global-color-4)","background-image":"","background-repeat":"repeat","background-position":"center center","background-size":"auto","background-attachment":"scroll","background-type":"","background-media":"","overlay-type":"","overlay-color":"","overlay-opacity":"","overlay-gradient":""}}},"categories":[49,57,23],"tags":[],"acf":[],"_links":{"self":[{"href":"https:\/\/plancabanyal.es\/va\/wp-json\/wp\/v2\/posts\/9095"}],"collection":[{"href":"https:\/\/plancabanyal.es\/va\/wp-json\/wp\/v2\/posts"}],"about":[{"href":"https:\/\/plancabanyal.es\/va\/wp-json\/wp\/v2\/types\/post"}],"author":[{"embeddable":true,"href":"https:\/\/plancabanyal.es\/va\/wp-json\/wp\/v2\/users\/2"}],"replies":[{"embeddable":true,"href":"https:\/\/plancabanyal.es\/va\/wp-json\/wp\/v2\/comments?post=9095"}],"version-history":[{"count":6,"href":"https:\/\/plancabanyal.es\/va\/wp-json\/wp\/v2\/posts\/9095\/revisions"}],"predecessor-version":[{"id":9109,"href":"https:\/\/plancabanyal.es\/va\/wp-json\/wp\/v2\/posts\/9095\/revisions\/9109"}],"wp:featuredmedia":[{"embeddable":true,"href":"https:\/\/plancabanyal.es\/va\/wp-json\/wp\/v2\/media\/8720"}],"wp:attachment":[{"href":"https:\/\/plancabanyal.es\/va\/wp-json\/wp\/v2\/media?parent=9095"}],"wp:term":[{"taxonomy":"category","embeddable":true,"href":"https:\/\/plancabanyal.es\/va\/wp-json\/wp\/v2\/categories?post=9095"},{"taxonomy":"post_tag","embeddable":true,"href":"https:\/\/plancabanyal.es\/va\/wp-json\/wp\/v2\/tags?post=9095"}],"curies":[{"name":"wp","href":"https:\/\/api.w.org\/{rel}","templated":true}]}}