{"id":8623,"date":"2023-12-22T10:17:12","date_gmt":"2023-12-22T09:17:12","guid":{"rendered":"https:\/\/plancabanyal.es\/?p=8623"},"modified":"2023-12-22T10:21:44","modified_gmt":"2023-12-22T09:21:44","slug":"el-consejo-de-administracion-de-la-sociedad-plan-cabanyal-canyamelar-nombra-a-ignacio-pou-nuevo-gerente","status":"publish","type":"post","link":"https:\/\/plancabanyal.es\/va\/el-consejo-de-administracion-de-la-sociedad-plan-cabanyal-canyamelar-nombra-a-ignacio-pou-nuevo-gerente\/","title":{"rendered":"El Consell d&#8217;Administraci\u00f3 de la societat Plan Cabanyal-Canyamelar nomena a Ignacio Pou nou gerent"},"content":{"rendered":"<div class=\"dateRedes\">\n<div class=\"dateRedes\">\n<p>04\/12\/2023<\/p>\n<div>\n<ul>\n<li><strong>En la reuni\u00f3 de hui s&#8217;ha adjudicat, per 362.811\u20ac, la redacci\u00f3 del projecte de dos edificis d&#8217;habitatges per al reallotjament dels propietaris dels Blocs Portuaris<\/strong>El Consell d&#8217;Administraci\u00f3 del Plan Cabanyal-Canyamelar ha nomenat, en la seua reuni\u00f3 de hui, a l&#8217;enginyer t\u00e8cnic industrial Ignacio Pou com a nou gerent de la societat. Des de 1993, ha sigut enginyer t\u00e8cnic en Ocoval, com a responsable d&#8217;inspecci\u00f3, i en l&#8217;actualitat era director t\u00e8cnic i de qualitat de l&#8217;empresa.D&#8217;altra banda, en la reuni\u00f3 s&#8217;ha adjudicat, per 362.811 \u20ac, la redacci\u00f3 del projecte b\u00e0sic i d&#8217;execuci\u00f3 per a la construcci\u00f3 de dos edificis d&#8217;habitatges destinats al reallotjament dels propietaris dels Blocs Portuaris.\n<p>Amb esta adjudicaci\u00f3 es redactar\u00e0 el projecte b\u00e0sic i d&#8217;execuci\u00f3 per a la construcci\u00f3 d&#8217;uns 50 habitatges p\u00fabliques, que tindran entre 50 i 90 metres quadrats, de 1, 2 o 3 dormitoris, en dos blocs de cases paral\u00b7lels que estaran dividits en superf\u00edcie per un espai d&#8217;\u00fas p\u00fablic, per\u00f2 que estaran units per un aparcament subterrani i que suposar\u00e0 una inversi\u00f3 superior als 9 milions d&#8217;euros.<\/p>\n<p>El pressupost base de licitaci\u00f3 va ser de 525.814 \u20ac, en un proc\u00e9s on s&#8217;han presentat 15 empreses, per la qual cosa s&#8217;ha produ\u00eft una baixa del 31% fins als 362.811 \u20ac de l&#8217;adjudicaci\u00f3 final.<\/li>\n<\/ul>\n<\/div>\n<\/div>\n<\/div>\n","protected":false},"excerpt":{"rendered":"<p>04\/12\/2023 En la reuni\u00f3 de hui s&#8217;ha adjudicat, per 362.811\u20ac, la redacci\u00f3 del projecte de dos edificis d&#8217;habitatges per al [&hellip;]<\/p>\n","protected":false},"author":2,"featured_media":8621,"comment_status":"open","ping_status":"open","sticky":false,"template":"","format":"standard","meta":{"site-sidebar-layout":"default","site-content-layout":"","ast-site-content-layout":"","site-content-style":"default","site-sidebar-style":"default","ast-global-header-display":"","ast-banner-title-visibility":"","ast-main-header-display":"","ast-hfb-above-header-display":"","ast-hfb-below-header-display":"","ast-hfb-mobile-header-display":"","site-post-title":"","ast-breadcrumbs-content":"","ast-featured-img":"","footer-sml-layout":"","theme-transparent-header-meta":"","adv-header-id-meta":"","stick-header-meta":"","header-above-stick-meta":"","header-main-stick-meta":"","header-below-stick-meta":"","astra-migrate-meta-layouts":"default","ast-page-background-enabled":"default","ast-page-background-meta":{"desktop":{"background-color":"var(--ast-global-color-5)","background-image":"","background-repeat":"repeat","background-position":"center center","background-size":"auto","background-attachment":"scroll","background-type":"","background-media":"","overlay-type":"","overlay-color":"","overlay-opacity":"","overlay-gradient":""},"tablet":{"background-color":"","background-image":"","background-repeat":"repeat","background-position":"center center","background-size":"auto","background-attachment":"scroll","background-type":"","background-media":"","overlay-type":"","overlay-color":"","overlay-opacity":"","overlay-gradient":""},"mobile":{"background-color":"","background-image":"","background-repeat":"repeat","background-position":"center center","background-size":"auto","background-attachment":"scroll","background-type":"","background-media":"","overlay-type":"","overlay-color":"","overlay-opacity":"","overlay-gradient":""}},"ast-content-background-meta":{"desktop":{"background-color":"var(--ast-global-color-4)","background-image":"","background-repeat":"repeat","background-position":"center center","background-size":"auto","background-attachment":"scroll","background-type":"","background-media":"","overlay-type":"","overlay-color":"","overlay-opacity":"","overlay-gradient":""},"tablet":{"background-color":"var(--ast-global-color-4)","background-image":"","background-repeat":"repeat","background-position":"center center","background-size":"auto","background-attachment":"scroll","background-type":"","background-media":"","overlay-type":"","overlay-color":"","overlay-opacity":"","overlay-gradient":""},"mobile":{"background-color":"var(--ast-global-color-4)","background-image":"","background-repeat":"repeat","background-position":"center center","background-size":"auto","background-attachment":"scroll","background-type":"","background-media":"","overlay-type":"","overlay-color":"","overlay-opacity":"","overlay-gradient":""}}},"categories":[49,57,23],"tags":[],"acf":[],"_links":{"self":[{"href":"https:\/\/plancabanyal.es\/va\/wp-json\/wp\/v2\/posts\/8623"}],"collection":[{"href":"https:\/\/plancabanyal.es\/va\/wp-json\/wp\/v2\/posts"}],"about":[{"href":"https:\/\/plancabanyal.es\/va\/wp-json\/wp\/v2\/types\/post"}],"author":[{"embeddable":true,"href":"https:\/\/plancabanyal.es\/va\/wp-json\/wp\/v2\/users\/2"}],"replies":[{"embeddable":true,"href":"https:\/\/plancabanyal.es\/va\/wp-json\/wp\/v2\/comments?post=8623"}],"version-history":[{"count":5,"href":"https:\/\/plancabanyal.es\/va\/wp-json\/wp\/v2\/posts\/8623\/revisions"}],"predecessor-version":[{"id":8630,"href":"https:\/\/plancabanyal.es\/va\/wp-json\/wp\/v2\/posts\/8623\/revisions\/8630"}],"wp:featuredmedia":[{"embeddable":true,"href":"https:\/\/plancabanyal.es\/va\/wp-json\/wp\/v2\/media\/8621"}],"wp:attachment":[{"href":"https:\/\/plancabanyal.es\/va\/wp-json\/wp\/v2\/media?parent=8623"}],"wp:term":[{"taxonomy":"category","embeddable":true,"href":"https:\/\/plancabanyal.es\/va\/wp-json\/wp\/v2\/categories?post=8623"},{"taxonomy":"post_tag","embeddable":true,"href":"https:\/\/plancabanyal.es\/va\/wp-json\/wp\/v2\/tags?post=8623"}],"curies":[{"name":"wp","href":"https:\/\/api.w.org\/{rel}","templated":true}]}}