{"id":7966,"date":"2023-04-04T09:40:57","date_gmt":"2023-04-04T07:40:57","guid":{"rendered":"https:\/\/plancabanyal.es\/?p=7966"},"modified":"2023-05-26T15:28:21","modified_gmt":"2023-05-26T13:28:21","slug":"plan-cabanyal-canyamelar-s-a-contara-amb-un-espai-per-a-la-memoria-arquitectonica-del-barri","status":"publish","type":"post","link":"https:\/\/plancabanyal.es\/va\/plan-cabanyal-canyamelar-s-a-contara-amb-un-espai-per-a-la-memoria-arquitectonica-del-barri\/","title":{"rendered":"Plan Cabanyal-Canyamelar, S.A. contar\u00e0 amb un espai per a la mem\u00f2ria arquitect\u00f2nica del barri."},"content":{"rendered":"<p>La vicealcaldessa de Val\u00e8ncia i regidora de Desenvolupament Urb\u00e0, Sandra G\u00f3mez, ha anunciat que la planta baixa de l&#8217;edifici d&#8217;oficines de la societat es transformar\u00e0 en un espai obert a la ciutadan\u00eda i expositiu dedicat al &#8220;patrimoni arquitect\u00f2nic i mem\u00f2ria&#8221; del barri.<\/p>\n<p>G\u00f3mez ha visitat este dilluns les que ser\u00e0n les noves oficines de la seu de Plan Cabanyal-Canyamelar, S.A. situades al carrer Empar Guillem, 4, ubicades en la primera i segona planta de l&#8217;edifici rehabilitat, on s&#8217;oferir\u00e0 &#8220;un servici d&#8217;atenci\u00f3 a tots els plans de regeneraci\u00f3 i rehabilitaci\u00f3 urbana&#8221;<\/p>\n<p><a href=\"https:\/\/www.elperiodic.com\/valencia\/plan-cabanyal-contara-espacio-para-memoria-arquitectonica-barrio_894290?fbclid=IwAR0qdDc5RQb3TushuCMPcX2lrKjGQOZ57z1aJVlryoJC8osBX_DILYmFcEQ\" target=\"_blank\" rel=\"noopener\">Noticia El peri\u00f2dic (1).<\/a><\/p>\n<p><a href=\"https:\/\/www.europapress.es\/comunitat-valenciana\/noticia-ayuntamiento-valencia-abrira-espacio-expositivo-patrimonio-memoria-cabanyal-20230403151249.html\" target=\"_blank\" rel=\"noopener\">Noticia El peri\u00f2dic (2).<\/a><\/p>\n<p>&nbsp;<\/p>\n","protected":false},"excerpt":{"rendered":"<p>La vicealcaldessa de Val\u00e8ncia i regidora de Desenvolupament Urb\u00e0, Sandra G\u00f3mez, ha anunciat que la planta baixa de l&#8217;edifici d&#8217;oficines [&hellip;]<\/p>\n","protected":false},"author":2,"featured_media":7959,"comment_status":"open","ping_status":"open","sticky":false,"template":"","format":"standard","meta":{"site-sidebar-layout":"default","site-content-layout":"","ast-site-content-layout":"","site-content-style":"default","site-sidebar-style":"default","ast-global-header-display":"","ast-banner-title-visibility":"","ast-main-header-display":"","ast-hfb-above-header-display":"","ast-hfb-below-header-display":"","ast-hfb-mobile-header-display":"","site-post-title":"","ast-breadcrumbs-content":"","ast-featured-img":"","footer-sml-layout":"","theme-transparent-header-meta":"","adv-header-id-meta":"","stick-header-meta":"","header-above-stick-meta":"","header-main-stick-meta":"","header-below-stick-meta":"","astra-migrate-meta-layouts":"default","ast-page-background-enabled":"default","ast-page-background-meta":{"desktop":{"background-color":"var(--ast-global-color-5)","background-image":"","background-repeat":"repeat","background-position":"center center","background-size":"auto","background-attachment":"scroll","background-type":"","background-media":"","overlay-type":"","overlay-color":"","overlay-opacity":"","overlay-gradient":""},"tablet":{"background-color":"","background-image":"","background-repeat":"repeat","background-position":"center center","background-size":"auto","background-attachment":"scroll","background-type":"","background-media":"","overlay-type":"","overlay-color":"","overlay-opacity":"","overlay-gradient":""},"mobile":{"background-color":"","background-image":"","background-repeat":"repeat","background-position":"center center","background-size":"auto","background-attachment":"scroll","background-type":"","background-media":"","overlay-type":"","overlay-color":"","overlay-opacity":"","overlay-gradient":""}},"ast-content-background-meta":{"desktop":{"background-color":"var(--ast-global-color-4)","background-image":"","background-repeat":"repeat","background-position":"center center","background-size":"auto","background-attachment":"scroll","background-type":"","background-media":"","overlay-type":"","overlay-color":"","overlay-opacity":"","overlay-gradient":""},"tablet":{"background-color":"var(--ast-global-color-4)","background-image":"","background-repeat":"repeat","background-position":"center center","background-size":"auto","background-attachment":"scroll","background-type":"","background-media":"","overlay-type":"","overlay-color":"","overlay-opacity":"","overlay-gradient":""},"mobile":{"background-color":"var(--ast-global-color-4)","background-image":"","background-repeat":"repeat","background-position":"center center","background-size":"auto","background-attachment":"scroll","background-type":"","background-media":"","overlay-type":"","overlay-color":"","overlay-opacity":"","overlay-gradient":""}}},"categories":[49,57,23],"tags":[],"acf":[],"_links":{"self":[{"href":"https:\/\/plancabanyal.es\/va\/wp-json\/wp\/v2\/posts\/7966"}],"collection":[{"href":"https:\/\/plancabanyal.es\/va\/wp-json\/wp\/v2\/posts"}],"about":[{"href":"https:\/\/plancabanyal.es\/va\/wp-json\/wp\/v2\/types\/post"}],"author":[{"embeddable":true,"href":"https:\/\/plancabanyal.es\/va\/wp-json\/wp\/v2\/users\/2"}],"replies":[{"embeddable":true,"href":"https:\/\/plancabanyal.es\/va\/wp-json\/wp\/v2\/comments?post=7966"}],"version-history":[{"count":4,"href":"https:\/\/plancabanyal.es\/va\/wp-json\/wp\/v2\/posts\/7966\/revisions"}],"predecessor-version":[{"id":7975,"href":"https:\/\/plancabanyal.es\/va\/wp-json\/wp\/v2\/posts\/7966\/revisions\/7975"}],"wp:featuredmedia":[{"embeddable":true,"href":"https:\/\/plancabanyal.es\/va\/wp-json\/wp\/v2\/media\/7959"}],"wp:attachment":[{"href":"https:\/\/plancabanyal.es\/va\/wp-json\/wp\/v2\/media?parent=7966"}],"wp:term":[{"taxonomy":"category","embeddable":true,"href":"https:\/\/plancabanyal.es\/va\/wp-json\/wp\/v2\/categories?post=7966"},{"taxonomy":"post_tag","embeddable":true,"href":"https:\/\/plancabanyal.es\/va\/wp-json\/wp\/v2\/tags?post=7966"}],"curies":[{"name":"wp","href":"https:\/\/api.w.org\/{rel}","templated":true}]}}