{"id":13870,"date":"2026-09-04T13:47:26","date_gmt":"2026-09-04T11:47:26","guid":{"rendered":"https:\/\/plancabanyal.es\/?p=13870"},"modified":"2026-09-04T13:50:04","modified_gmt":"2026-09-04T11:50:04","slug":"luz-verde-para-la-rehabilitacion-del-polideportivo-del-cabanyal-canyamelar-con-15-me","status":"publish","type":"post","link":"https:\/\/plancabanyal.es\/va\/luz-verde-para-la-rehabilitacion-del-polideportivo-del-cabanyal-canyamelar-con-15-me\/","title":{"rendered":"Llum verda per a la rehabilitaci\u00f3 del Poliesportiu del Cabanyal-Canyamelar, amb 1,5 M\u20ac"},"content":{"rendered":"\n<p><\/p>\n\n\n<p>\u00a0<\/p>\n<ul>\n<li><strong>La Junta de Govern aprova el projecte d&#8217;obra d&#8217;esta intervenci\u00f3 que contempla, entre altres treballs, la rehabilitaci\u00f3 de la coberta<\/strong><\/li>\n<\/ul>\n<p>La rehabilitaci\u00f3 del Poliesportiu del Cabanyal-Canyamelar s&#8217;executar\u00e0 en sis mesos, amb un pressupost de 1,5 milions d&#8217;euros (1.597.578 M\u20ac) , IVA incl\u00f2s. Aix\u00ed es despr\u00e9n de l&#8217;acord de la Junta de Govern Local que hui ha donat llum verda al projecte d&#8217;esta obra, amb l&#8217;objectiu de prolongar la vida \u00fatil d&#8217;estes instal\u00b7lacions, incrementar la seguretat de les persones usu\u00e0ries i del personal i adequar l&#8217;equipament a les exig\u00e8ncies i normativa actual<\/p>\n<p>La intervenci\u00f3 contempla, entre altres treballs, la rehabilitaci\u00f3 de la coberta i de les instal\u00b7lacions el\u00e8ctriques i de fusteria, aix\u00ed com la renovaci\u00f3 i adequaci\u00f3 de l&#8217;equipament de les sales d&#8217;entrenament i vestuaris.<\/p>\n<p>Concretament, l&#8217;actuaci\u00f3 s&#8217;ajustar\u00e0 al projecte redactat per X\u00faquer-Arqing Societat Limitada, amb les esmenes requerides pel Servici Municipal d&#8217;Arquitectura i Centrals T\u00e8cnics.<\/p>\n<p>Esta empresa tamb\u00e9 assumir\u00e0 la direcci\u00f3 facultativa de l&#8217;obra que renovar\u00e0 este poliesportiu del Poblats Mar\u00edtims. L\u2019equipament, constru\u00eft en 1997 sobre l&#8217;antiga f\u00e0brica de cerveses de l&#8217;avinguda de Serradora, disposa de 6.500 metres quadrats gestionats per la Fundaci\u00f3 Esportiva Municipal.<\/p>\n<p>\u00a0<\/p>\n<div>Font: <a href=\"https:\/\/www.valencia.es\/val\/actualitat\/-\/content\/polideportivo-cabanyal-canyamelar-2\">Ajuntament de Valencia<\/a><\/div>\n<div>\u00a0<\/div>\n\n\n<p><\/p>\n","protected":false},"excerpt":{"rendered":"<p>\u00a0 La Junta de Govern aprova el projecte d&#8217;obra d&#8217;esta intervenci\u00f3 que contempla, entre altres treballs, la rehabilitaci\u00f3 de la [&hellip;]<\/p>\n","protected":false},"author":2,"featured_media":13868,"comment_status":"open","ping_status":"open","sticky":false,"template":"","format":"standard","meta":{"site-sidebar-layout":"default","site-content-layout":"","ast-site-content-layout":"","site-content-style":"default","site-sidebar-style":"default","ast-global-header-display":"","ast-banner-title-visibility":"","ast-main-header-display":"","ast-hfb-above-header-display":"","ast-hfb-below-header-display":"","ast-hfb-mobile-header-display":"","site-post-title":"","ast-breadcrumbs-content":"","ast-featured-img":"","footer-sml-layout":"","theme-transparent-header-meta":"","adv-header-id-meta":"","stick-header-meta":"","header-above-stick-meta":"","header-main-stick-meta":"","header-below-stick-meta":"","astra-migrate-meta-layouts":"default","ast-page-background-enabled":"default","ast-page-background-meta":{"desktop":{"background-color":"var(--ast-global-color-5)","background-image":"","background-repeat":"repeat","background-position":"center center","background-size":"auto","background-attachment":"scroll","background-type":"","background-media":"","overlay-type":"","overlay-color":"","overlay-opacity":"","overlay-gradient":""},"tablet":{"background-color":"","background-image":"","background-repeat":"repeat","background-position":"center center","background-size":"auto","background-attachment":"scroll","background-type":"","background-media":"","overlay-type":"","overlay-color":"","overlay-opacity":"","overlay-gradient":""},"mobile":{"background-color":"","background-image":"","background-repeat":"repeat","background-position":"center center","background-size":"auto","background-attachment":"scroll","background-type":"","background-media":"","overlay-type":"","overlay-color":"","overlay-opacity":"","overlay-gradient":""}},"ast-content-background-meta":{"desktop":{"background-color":"var(--ast-global-color-4)","background-image":"","background-repeat":"repeat","background-position":"center center","background-size":"auto","background-attachment":"scroll","background-type":"","background-media":"","overlay-type":"","overlay-color":"","overlay-opacity":"","overlay-gradient":""},"tablet":{"background-color":"var(--ast-global-color-4)","background-image":"","background-repeat":"repeat","background-position":"center center","background-size":"auto","background-attachment":"scroll","background-type":"","background-media":"","overlay-type":"","overlay-color":"","overlay-opacity":"","overlay-gradient":""},"mobile":{"background-color":"var(--ast-global-color-4)","background-image":"","background-repeat":"repeat","background-position":"center center","background-size":"auto","background-attachment":"scroll","background-type":"","background-media":"","overlay-type":"","overlay-color":"","overlay-opacity":"","overlay-gradient":""}}},"categories":[49,57,23],"tags":[],"acf":[],"_links":{"self":[{"href":"https:\/\/plancabanyal.es\/va\/wp-json\/wp\/v2\/posts\/13870"}],"collection":[{"href":"https:\/\/plancabanyal.es\/va\/wp-json\/wp\/v2\/posts"}],"about":[{"href":"https:\/\/plancabanyal.es\/va\/wp-json\/wp\/v2\/types\/post"}],"author":[{"embeddable":true,"href":"https:\/\/plancabanyal.es\/va\/wp-json\/wp\/v2\/users\/2"}],"replies":[{"embeddable":true,"href":"https:\/\/plancabanyal.es\/va\/wp-json\/wp\/v2\/comments?post=13870"}],"version-history":[{"count":2,"href":"https:\/\/plancabanyal.es\/va\/wp-json\/wp\/v2\/posts\/13870\/revisions"}],"predecessor-version":[{"id":13874,"href":"https:\/\/plancabanyal.es\/va\/wp-json\/wp\/v2\/posts\/13870\/revisions\/13874"}],"wp:featuredmedia":[{"embeddable":true,"href":"https:\/\/plancabanyal.es\/va\/wp-json\/wp\/v2\/media\/13868"}],"wp:attachment":[{"href":"https:\/\/plancabanyal.es\/va\/wp-json\/wp\/v2\/media?parent=13870"}],"wp:term":[{"taxonomy":"category","embeddable":true,"href":"https:\/\/plancabanyal.es\/va\/wp-json\/wp\/v2\/categories?post=13870"},{"taxonomy":"post_tag","embeddable":true,"href":"https:\/\/plancabanyal.es\/va\/wp-json\/wp\/v2\/tags?post=13870"}],"curies":[{"name":"wp","href":"https:\/\/api.w.org\/{rel}","templated":true}]}}