{"id":13858,"date":"2026-09-03T08:28:19","date_gmt":"2026-09-03T06:28:19","guid":{"rendered":"https:\/\/plancabanyal.es\/?p=13858"},"modified":"2026-09-03T08:31:51","modified_gmt":"2026-09-03T06:31:51","slug":"los-centros-culturales-de-lescorxador-y-reina-121-inician-septiembre-con-una-amplia-programacion-en-el-cabanyal-canyamelar","status":"publish","type":"post","link":"https:\/\/plancabanyal.es\/va\/los-centros-culturales-de-lescorxador-y-reina-121-inician-septiembre-con-una-amplia-programacion-en-el-cabanyal-canyamelar\/","title":{"rendered":"Els centres culturals de l\u2019Escorxador i Reina 121 enceten setembre amb una programaci\u00f3 \u00e0mplia al Cabanyal-Canyamelar"},"content":{"rendered":"\n<p><\/p>\n\n\n<p>\u00a0<\/p>\n<ul>\n<li><strong>L\u2019oferta reuneix com\u00e8dia, circ, flamenc, cine a l\u2019aire lliure, teatre, dansa, m\u00fasica i poesia, a m\u00e9s de tallers, rutes guiades i la inauguraci\u00f3 d\u2019una exposici\u00f3 fotogr\u00e0fica<\/strong><\/li>\n<\/ul>\n<ul>\n<li><strong>La programaci\u00f3 de tots dos centres est\u00e0 organitzada per la Regidoria de Recursos Culturals en col\u00b7laboraci\u00f3 amb diverses entitats<\/strong><\/li>\n<\/ul>\n<ul>\n<li><strong>Totes les activitats s\u00f3n debades: els espectacles, fins a completar aforament; i les visites guiades amb inscripci\u00f3 pr\u00e8via<\/strong><\/li>\n<\/ul>\n<p>Els centres culturals de l&#8217;Escorxador i Reina 121 enceten setembre amb una programaci\u00f3 que va del circ al flamenc i de la poesia a la mem\u00f2ria del barri. Com\u00e8dia, cinema a l&#8217;aire lliure, dansa, m\u00fasica, tallers i rutes guiades completen una oferta totalment debades al Cabanyal-Canyamelar, organitzada per la Regidoria de Recursos Culturals en col\u00b7laboraci\u00f3 amb diverses entitats.<\/p>\n<p><strong>Espectacles a l&#8217;Escorxador<\/strong><\/p>\n<p>El Centre Cultural i de Mem\u00f2ria del Cabanyal-Canyamelar l&#8217;Escorxador obri el mes divendres 4, a les 19.30 hores, amb una nova sessi\u00f3 de l\u2019Open de Com\u00e8dia, presentat per Roc\u00edo Ladr\u00f3n de Guevara. Dissabte 5, a les 19.00 hores, este mateix espai acull \u201cEmpar\u201d, de la companyia Bufoneta, dins del festival Circ Voramar, amb la participaci\u00f3 de les actrius Pepa G\u00f3mez i Ana S\u00e1nchez.<\/p>\n<p>La programaci\u00f3 continua divendres 11 amb la presentaci\u00f3 del poemari \u201cLa mano tendida\u201d, del grup de poetes El Almadar; i dissabte 12 amb un recital flamenc a c\u00e0rrec de Julia Mu\u00f1oz Gabarre, coneguda com \u201cLa Corruska\u201d, nascuda al barri del Cabanyal i acompanyada a la guitarra per Jos\u00e9 Santos Minero.<\/p>\n<p>Dijous 17, a les 20.00 hores, el cicle Cinema a la Fresca projecta una selecci\u00f3 de curtmetratges d&#8217;animaci\u00f3 europea del \u201cFAN TOUR \u2013 Prime the Animation!\u201d. L&#8217;endem\u00e0, l&#8217;II Cicle Teatre i Mem\u00f2ria programa el mon\u00f2leg \u201cL&#8217;heura desfar\u00e0 els marges. Masovera 1948\u201d, amb text de Francisco Collado i interpretaci\u00f3 de Maribel Bayona, de la companyia La Col\u00b7lectiva.<\/p>\n<p>Dissabte 26 se celebren dos activitats: la ruta guiada RehabilitaTour, sobre energia, sostenibilitat i hist\u00f2ria del Cabanyal, a les 11.00 hores, i el concert ac\u00fastic del duo A Media Voz, a les 19.00. El mes es tanca dimecres 30 amb el lliurament de premis del concurs de relats i microrelats.<\/p>\n<p>En l&#8217;apartat de tallers, l&#8217;Escorxador oferix dissabte 19 un taller de mosaic impartit per Silvina Rancich, inspirat en el trencad\u00eds de les fronteres de les cases del barri; i dimarts 22 i 29 el projecte \u201cBarris en femen\u00ed des de la perif\u00e8ria\u201d, de l&#8217;associaci\u00f3 Xarxa SembEU, que reunix dones del Cabanyal i de les Tendetes al voltant de l&#8217;animaci\u00f3 en stop motion.<\/p>\n<p><strong>Exposici\u00f3 i escena en Reina 121<\/strong><\/p>\n<p>El Centre Cultural Reina 121 inaugura dissabte 5, a les 20.00 hores, l&#8217;exposici\u00f3 fotogr\u00e0fica \u201cCigarreres valencianes. L&#8217;\u00faltima generaci\u00f3\u201d, del col\u00b7lectiu Dones Cigarreres, que podr\u00e0 visitar-se fins al 31 d&#8217;octubre.<\/p>\n<p>Diumenge 6, a les 12.00 hores, la companyia MaiClown presenta \u201cTentaci\u00f3n Divina\u201d, tamb\u00e9 dins de Circ Voramar. El programa esc\u00e8nic prosseguix divendres 18 amb la confer\u00e8ncia performativa \u201cFenomenolog\u00edas del colapso\u201d, de Mar\u00eda Sainz Arandia; dissabte 19 amb \u201cPenja&#8217;m\u201d, la jam de dansa contempor\u00e0nia i m\u00fasica del col\u00b7lectiu resident en el centre; divendres 25 amb el concert d&#8217;\u00c0lex Blat, dins del cicle Els Ac\u00fastics de La Reina 121; i diumenge 27 amb \u201cPasillo 3\u201d, de Circo Sombra. El mes conclou dimecres 30 amb la presentaci\u00f3 del llibre \u201cParti\u00f3 sin dejar se\u00f1as\u201d, de Reme Vila Berenguer.<\/p>\n<p>Per al p\u00fablic familiar, el centre programa el taller de construcci\u00f3 d&#8217;instruments amb materials reciclats \u201cNuevos sonidos para un mundo nuevo\u201d, a c\u00e0rrec de Rocco Papia dissabte 12; el laboratori teatral \u201cAnimal Fant\u00e0stic\u201d, de Azucena Abril, dimarts 15 i 22; i \u201cEl Club de la Poes\u00eda\u201d, de l&#8217;agrupaci\u00f3 El Caj\u00f3n de los Sue\u00f1os, dimecres 16.<\/p>\n<p>Reina 121 mant\u00e9 a m\u00e9s els tallers regulars dirigits a dones del barri: ImproS\u00e0vies, de Kancaneo Teatro; Dancing Queen, de Noelia Arcos; Les Reines de Samba, de Rachael Wong; Las Ganchilleras Luchadoras, d&#8217;Emilia Heredia i Donatella Donato; Musas, de Yolanda G\u00f3mez; Les Nereides, del Cor de Dones del Cabanyal; i, finalment, el taller de dansa Ballant el m\u00f3n, de Vianna Asencio.<\/p>\n<p><strong>Acc\u00e9s i inscripcions<\/strong><\/p>\n<p>Per als espectacles, les entrades s&#8217;arrepleguen en cada centre durant els 30 minuts previs a l&#8217;inici, fins a completar l&#8217;aforament. Els tallers, cursos i visites guiades requerixen inscripci\u00f3 pr\u00e8via: en l&#8217;Escorxador (carrer de Sant Pere, 35-37), en\u00a0<a href=\"mailto:escorxador.actividades@gmail.com\" data-insuit-uuid=\"6277a334-529d-467f-b7a2-c1f3c044e036\">escorxador.actividades@gmail.com<\/a>; i en Reina 121 (carrer de la Reina, 121), en\u00a0<a href=\"mailto:cclareina121@gmail.com\" data-insuit-uuid=\"5904b17e-e002-437d-80d9-230e061ca146\">cclareina121@gmail.com<\/a>.<\/p>\n<p>\u00a0<\/p>\n<div>Font: <a href=\"https:\/\/www.valencia.es\/cas\/actualidad\/-\/content\/programaci%C3%B3n-septiembre-la-reina-i-l-escorxador-val%C3%A8ncia\">Ajuntament de Val\u00e8ncia<\/a><\/div>\n<div>\u00a0<\/div>\n\n\n<p><\/p>\n","protected":false},"excerpt":{"rendered":"<p>\u00a0 L\u2019oferta reuneix com\u00e8dia, circ, flamenc, cine a l\u2019aire lliure, teatre, dansa, m\u00fasica i poesia, a m\u00e9s de tallers, rutes [&hellip;]<\/p>\n","protected":false},"author":2,"featured_media":13856,"comment_status":"open","ping_status":"open","sticky":false,"template":"","format":"standard","meta":{"site-sidebar-layout":"default","site-content-layout":"","ast-site-content-layout":"","site-content-style":"default","site-sidebar-style":"default","ast-global-header-display":"","ast-banner-title-visibility":"","ast-main-header-display":"","ast-hfb-above-header-display":"","ast-hfb-below-header-display":"","ast-hfb-mobile-header-display":"","site-post-title":"","ast-breadcrumbs-content":"","ast-featured-img":"","footer-sml-layout":"","theme-transparent-header-meta":"","adv-header-id-meta":"","stick-header-meta":"","header-above-stick-meta":"","header-main-stick-meta":"","header-below-stick-meta":"","astra-migrate-meta-layouts":"default","ast-page-background-enabled":"default","ast-page-background-meta":{"desktop":{"background-color":"var(--ast-global-color-5)","background-image":"","background-repeat":"repeat","background-position":"center center","background-size":"auto","background-attachment":"scroll","background-type":"","background-media":"","overlay-type":"","overlay-color":"","overlay-opacity":"","overlay-gradient":""},"tablet":{"background-color":"","background-image":"","background-repeat":"repeat","background-position":"center center","background-size":"auto","background-attachment":"scroll","background-type":"","background-media":"","overlay-type":"","overlay-color":"","overlay-opacity":"","overlay-gradient":""},"mobile":{"background-color":"","background-image":"","background-repeat":"repeat","background-position":"center center","background-size":"auto","background-attachment":"scroll","background-type":"","background-media":"","overlay-type":"","overlay-color":"","overlay-opacity":"","overlay-gradient":""}},"ast-content-background-meta":{"desktop":{"background-color":"var(--ast-global-color-4)","background-image":"","background-repeat":"repeat","background-position":"center center","background-size":"auto","background-attachment":"scroll","background-type":"","background-media":"","overlay-type":"","overlay-color":"","overlay-opacity":"","overlay-gradient":""},"tablet":{"background-color":"var(--ast-global-color-4)","background-image":"","background-repeat":"repeat","background-position":"center center","background-size":"auto","background-attachment":"scroll","background-type":"","background-media":"","overlay-type":"","overlay-color":"","overlay-opacity":"","overlay-gradient":""},"mobile":{"background-color":"var(--ast-global-color-4)","background-image":"","background-repeat":"repeat","background-position":"center center","background-size":"auto","background-attachment":"scroll","background-type":"","background-media":"","overlay-type":"","overlay-color":"","overlay-opacity":"","overlay-gradient":""}}},"categories":[49,57,23],"tags":[],"acf":[],"_links":{"self":[{"href":"https:\/\/plancabanyal.es\/va\/wp-json\/wp\/v2\/posts\/13858"}],"collection":[{"href":"https:\/\/plancabanyal.es\/va\/wp-json\/wp\/v2\/posts"}],"about":[{"href":"https:\/\/plancabanyal.es\/va\/wp-json\/wp\/v2\/types\/post"}],"author":[{"embeddable":true,"href":"https:\/\/plancabanyal.es\/va\/wp-json\/wp\/v2\/users\/2"}],"replies":[{"embeddable":true,"href":"https:\/\/plancabanyal.es\/va\/wp-json\/wp\/v2\/comments?post=13858"}],"version-history":[{"count":2,"href":"https:\/\/plancabanyal.es\/va\/wp-json\/wp\/v2\/posts\/13858\/revisions"}],"predecessor-version":[{"id":13863,"href":"https:\/\/plancabanyal.es\/va\/wp-json\/wp\/v2\/posts\/13858\/revisions\/13863"}],"wp:featuredmedia":[{"embeddable":true,"href":"https:\/\/plancabanyal.es\/va\/wp-json\/wp\/v2\/media\/13856"}],"wp:attachment":[{"href":"https:\/\/plancabanyal.es\/va\/wp-json\/wp\/v2\/media?parent=13858"}],"wp:term":[{"taxonomy":"category","embeddable":true,"href":"https:\/\/plancabanyal.es\/va\/wp-json\/wp\/v2\/categories?post=13858"},{"taxonomy":"post_tag","embeddable":true,"href":"https:\/\/plancabanyal.es\/va\/wp-json\/wp\/v2\/tags?post=13858"}],"curies":[{"name":"wp","href":"https:\/\/api.w.org\/{rel}","templated":true}]}}