{"id":13423,"date":"2026-04-28T12:01:08","date_gmt":"2026-04-28T10:01:08","guid":{"rendered":"https:\/\/plancabanyal.es\/?p=13423"},"modified":"2026-04-28T12:01:08","modified_gmt":"2026-04-28T10:01:08","slug":"participa-en-el-concurso-de-fotografia-de-la-semana-santa-marinera-de-valencia","status":"publish","type":"post","link":"https:\/\/plancabanyal.es\/va\/participa-en-el-concurso-de-fotografia-de-la-semana-santa-marinera-de-valencia\/","title":{"rendered":"Participa en el concurso de fotograf\u00eda de la Semana Santa Marinera de Val\u00e8ncia"},"content":{"rendered":"\n<p><\/p>\n\n\n<p><\/p>\n<p>El I Concurso de Fotograf\u00eda del Distrito de Mar\u00edtimo 2026 invita a revivir y plasmar los mejores momentos de la Semana Santa Marinera de Val\u00e8ncia a trav\u00e9s de im\u00e1genes tomadas en los barrios del Grau, Canyamelar y Cabanyal. A continuaci\u00f3n, tienes las normas del concurso. \u00a1An\u00edmate!<\/p>\n<p><strong>NORMAS DEL I CONCURSO DE FOTOGRAF\u00cdA DEL DISTRITO DE MAR\u00cdTIMO 2026 \u2013 SEMANA SANTA MARINERA DE VAL\u00c8NCIA<\/strong><\/p>\n<p>1. Objeto<\/p>\n<p>El I Concurso de Fotograf\u00eda del Distrito de Mar\u00edtimo 2026 tiene como finalidad fomentar la creatividad y poner en valor la tradici\u00f3n cultural de la Semana Santa Marinera de Val\u00e8ncia mediante la captura de im\u00e1genes realizadas en los barrios del Grau, Canyamelar y Cabanyal.<\/p>\n<p>2. Participantes<\/p>\n<p>Podr\u00e1n participar en el concurso todas aquellas personas f\u00edsicas mayores de 18 a\u00f1os, pudiendo presentar un m\u00e1ximo de cinco (5) fotograf\u00edas in\u00e9ditas.<\/p>\n<p>3. Requisitos de las obras<\/p>\n<p>Las obras deber\u00e1n ser in\u00e9ditas y no haber sido presentadas a otros concursos ni publicadas previamente en ning\u00fan medio de comunicaci\u00f3n, ya sea gr\u00e1fico o digital.<\/p>\n<p>Las personas participantes se responsabilizan de la autor\u00eda de las obras presentadas y garantizan la inexistencia de derechos de terceros sobre las mismas, asumiendo cualquier reclamaci\u00f3n que pudiera derivarse por derechos de imagen u otros derechos alegados por terceros.<\/p>\n<p>4. Caracter\u00edsticas de las fotograf\u00edas<\/p>\n<p>Las obras deber\u00e1n cumplir los siguientes requisitos:<\/p>\n<p>* Formato digital JPEG o TIFF.<br>* Tama\u00f1o m\u00e1ximo de 4928\u00d73264 p\u00edxeles.<br>* Resoluci\u00f3n de 300 ppp.<br>* Espacio de color RGB.<br>* Peso m\u00ednimo de 5 MB.<\/p>\n<p>No se admitir\u00e1n fotograf\u00edas alteradas electr\u00f3nicamente ni fotomontajes. \u00danicamente se permitir\u00e1n ajustes leves de color y luminosidad.<\/p>\n<p>5. Plazo de presentaci\u00f3n<\/p>\n<p>El plazo de presentaci\u00f3n de solicitudes finalizar\u00e1 el d\u00eda 11 de mayo.<\/p>\n<p>6. Forma y lugar de presentaci\u00f3n<\/p>\n<p>La solicitud deber\u00e1 formalizarse mediante instancia general dirigida al Ayuntamiento de Val\u00e8ncia, y presentarse en el Registro General de Entrada de la Junta Municipal de Mar\u00edtimo (C\/ Barraca, 53), en horario de lunes a viernes de 8:30 a 14:00 horas.<\/p>\n<p>7. Documentaci\u00f3n a presentar<\/p>\n<p>La documentaci\u00f3n se entregar\u00e1 en dos sobres cerrados:<\/p>\n<p>* Sobre 1: contendr\u00e1 un dispositivo de almacenamiento (pen drive) con las fotograf\u00edas presentadas.<br>* Sobre 2: incluir\u00e1 la inscripci\u00f3n y los anexos firmados, as\u00ed como la siguiente informaci\u00f3n:<br>* T\u00edtulo de la obra presentada.<br>* Nombre y apellidos de la persona participante.<br>* DNI o pasaporte de la persona participante.<\/p>\n<p>8. Anexos y autorizaciones<\/p>\n<p>Ser\u00e1 obligatorio adjuntar:<\/p>\n<p>* Autorizaci\u00f3n de las personas que aparezcan en las fotograf\u00edas y sean identificables.<br>* En caso de menores de edad, autorizaci\u00f3n firmada por padres o tutores legales.<br>* Autorizaci\u00f3n firmada por la persona participante para la exhibici\u00f3n y publicaci\u00f3n de las fotograf\u00edas, independientemente de que resulten premiadas o no.<\/p>\n<p>La ausencia de estas autorizaciones podr\u00e1 suponer la exclusi\u00f3n de las obras presentadas.<\/p>\n<p><strong>Descarga los anexos:&nbsp;<a href=\"https:\/\/www.semanasantamarinera.org\/wp-content\/uploads\/ANEXO-I.docx\">ANEXOS CONCURSO DE FOTOGRAF\u00cdA SSMV<\/a><\/strong><\/p>\n<p>9. Cesi\u00f3n de las obras<\/p>\n<p>Las obras presentadas podr\u00e1n ser reproducidas, publicadas o expuestas por la Junta Municipal de Mar\u00edtimo, exclusivamente con fines institucionales y conforme a las presentes bases, citando siempre el nombre del autor o autora y respetando lo dispuesto en la legislaci\u00f3n vigente en materia de propiedad intelectual.<\/p>\n<p>Asimismo, las obras ser\u00e1n expuestas en el Museo de la Semana Santa Marinera de Val\u00e8ncia \u201cSalvador Caur\u00edn\u201d durante el mes de mayo de 2026, pudiendo ser tambi\u00e9n difundidas en la p\u00e1gina web del Ayuntamiento de Val\u00e8ncia y en la de la Semana Santa Marinera.<\/p>\n<p>10. Criterios de valoraci\u00f3n<\/p>\n<p>De conformidad con lo dispuesto en el art\u00edculo 18.5 de la Ordenanza General de Subvenciones del Ayuntamiento de Val\u00e8ncia y sus organismos p\u00fablicos, las obras ser\u00e1n valoradas conforme a los siguientes criterios:<\/p>\n<p>* Creatividad, grado de elaboraci\u00f3n, innovaci\u00f3n, originalidad o inter\u00e9s de la fotograf\u00eda: 40%<br>* Calidad t\u00e9cnica: 20%<br>* Contribuci\u00f3n a la sensibilizaci\u00f3n de la opini\u00f3n p\u00fablica: 20%<br>* Adecuaci\u00f3n a las condiciones sociales, culturales u otras del distrito de Mar\u00edtimo: 20%<\/p>\n<p>11. Jurado<\/p>\n<p>El jurado estar\u00e1 compuesto por:<\/p>\n<p>* La Presidencia de la Junta Municipal de Mar\u00edtimo o persona en quien delegue.<br>* Una persona representante de la Semana Santa Marinera.<br>* Tres fot\u00f3grafos o fot\u00f3grafas de reconocido prestigio.<\/p>\n<p>El jurado se reserva el derecho de interpretar las presentes bases y resolver cualquier situaci\u00f3n no prevista, adoptando sus decisiones por mayor\u00eda de votos, siendo estas inapelables.<\/p>\n<p>El fallo del jurado, del que se levantar\u00e1 acta, se har\u00e1 p\u00fablico en la p\u00e1gina web del Ayuntamiento de Val\u00e8ncia y se comunicar\u00e1 personalmente a las personas premiadas por v\u00eda telef\u00f3nica y\/o correo electr\u00f3nico durante la semana posterior a su resoluci\u00f3n.<\/p>\n<p>El jurado podr\u00e1 declarar desiertos los premios si considera que las obras presentadas no re\u00fanen los m\u00e9ritos suficientes.<\/p>\n<p>La decisi\u00f3n del jurado se emitir\u00e1 durante el mes de mayo de 2026.<\/p>\n<p>12. Premios<\/p>\n<p>Se establecen los siguientes premios:<\/p>\n<p>* Primer premio: 400 \u20ac<br>* Segundo premio: 200 \u20ac<\/p>\n<p>La participaci\u00f3n en este concurso implica la aceptaci\u00f3n \u00edntegra de las bases que pueden consultarse en el siguiente enlace:&nbsp;<a href=\"https:\/\/www.valencia.es\/cas\/campa%C3%B1as-municipales\/-\/content\/jm-maritim-concurso-fotografia\"><strong>https:\/\/www.valencia.es\/cas\/campa%C3%B1as-municipales\/-\/content\/jm-maritim-concurso-fotografia<\/strong><\/a><\/p>\n<p><\/p>\n<div>Fuente: <a href=\"https:\/\/www.semanasantamarinera.org\/participa-en-el-concurso-de-fotografia-de-la-semana-santa-marinera-de-valencia\/\" target=\"_blank\" rel=\"noopener\">Web Junta Mayor Semana Santa Marinera<\/a><\/div>\n<div>&nbsp;<\/div>\n\n\n<p><\/p>\n","protected":false},"excerpt":{"rendered":"<p>El I Concurso de Fotograf\u00eda del Distrito de Mar\u00edtimo 2026 invita a revivir y plasmar los mejores momentos de la [&hellip;]<\/p>\n","protected":false},"author":2,"featured_media":13421,"comment_status":"open","ping_status":"open","sticky":false,"template":"","format":"standard","meta":{"site-sidebar-layout":"default","site-content-layout":"","ast-site-content-layout":"","site-content-style":"default","site-sidebar-style":"default","ast-global-header-display":"","ast-banner-title-visibility":"","ast-main-header-display":"","ast-hfb-above-header-display":"","ast-hfb-below-header-display":"","ast-hfb-mobile-header-display":"","site-post-title":"","ast-breadcrumbs-content":"","ast-featured-img":"","footer-sml-layout":"","theme-transparent-header-meta":"","adv-header-id-meta":"","stick-header-meta":"","header-above-stick-meta":"","header-main-stick-meta":"","header-below-stick-meta":"","astra-migrate-meta-layouts":"default","ast-page-background-enabled":"default","ast-page-background-meta":{"desktop":{"background-color":"var(--ast-global-color-5)","background-image":"","background-repeat":"repeat","background-position":"center center","background-size":"auto","background-attachment":"scroll","background-type":"","background-media":"","overlay-type":"","overlay-color":"","overlay-opacity":"","overlay-gradient":""},"tablet":{"background-color":"","background-image":"","background-repeat":"repeat","background-position":"center center","background-size":"auto","background-attachment":"scroll","background-type":"","background-media":"","overlay-type":"","overlay-color":"","overlay-opacity":"","overlay-gradient":""},"mobile":{"background-color":"","background-image":"","background-repeat":"repeat","background-position":"center center","background-size":"auto","background-attachment":"scroll","background-type":"","background-media":"","overlay-type":"","overlay-color":"","overlay-opacity":"","overlay-gradient":""}},"ast-content-background-meta":{"desktop":{"background-color":"var(--ast-global-color-4)","background-image":"","background-repeat":"repeat","background-position":"center center","background-size":"auto","background-attachment":"scroll","background-type":"","background-media":"","overlay-type":"","overlay-color":"","overlay-opacity":"","overlay-gradient":""},"tablet":{"background-color":"var(--ast-global-color-4)","background-image":"","background-repeat":"repeat","background-position":"center center","background-size":"auto","background-attachment":"scroll","background-type":"","background-media":"","overlay-type":"","overlay-color":"","overlay-opacity":"","overlay-gradient":""},"mobile":{"background-color":"var(--ast-global-color-4)","background-image":"","background-repeat":"repeat","background-position":"center center","background-size":"auto","background-attachment":"scroll","background-type":"","background-media":"","overlay-type":"","overlay-color":"","overlay-opacity":"","overlay-gradient":""}}},"categories":[49,57,23],"tags":[],"acf":[],"_links":{"self":[{"href":"https:\/\/plancabanyal.es\/va\/wp-json\/wp\/v2\/posts\/13423"}],"collection":[{"href":"https:\/\/plancabanyal.es\/va\/wp-json\/wp\/v2\/posts"}],"about":[{"href":"https:\/\/plancabanyal.es\/va\/wp-json\/wp\/v2\/types\/post"}],"author":[{"embeddable":true,"href":"https:\/\/plancabanyal.es\/va\/wp-json\/wp\/v2\/users\/2"}],"replies":[{"embeddable":true,"href":"https:\/\/plancabanyal.es\/va\/wp-json\/wp\/v2\/comments?post=13423"}],"version-history":[{"count":2,"href":"https:\/\/plancabanyal.es\/va\/wp-json\/wp\/v2\/posts\/13423\/revisions"}],"predecessor-version":[{"id":13432,"href":"https:\/\/plancabanyal.es\/va\/wp-json\/wp\/v2\/posts\/13423\/revisions\/13432"}],"wp:featuredmedia":[{"embeddable":true,"href":"https:\/\/plancabanyal.es\/va\/wp-json\/wp\/v2\/media\/13421"}],"wp:attachment":[{"href":"https:\/\/plancabanyal.es\/va\/wp-json\/wp\/v2\/media?parent=13423"}],"wp:term":[{"taxonomy":"category","embeddable":true,"href":"https:\/\/plancabanyal.es\/va\/wp-json\/wp\/v2\/categories?post=13423"},{"taxonomy":"post_tag","embeddable":true,"href":"https:\/\/plancabanyal.es\/va\/wp-json\/wp\/v2\/tags?post=13423"}],"curies":[{"name":"wp","href":"https:\/\/api.w.org\/{rel}","templated":true}]}}