{"id":13403,"date":"2026-04-27T13:17:29","date_gmt":"2026-04-27T11:17:29","guid":{"rendered":"https:\/\/plancabanyal.es\/?p=13403"},"modified":"2026-04-27T13:19:37","modified_gmt":"2026-04-27T11:19:37","slug":"la-junta-de-gobierno-aprueba-las-bases-para-las-casetas-de-venta-en-el-paseo-maritimo-del-cabanyal-este-verano","status":"publish","type":"post","link":"https:\/\/plancabanyal.es\/va\/la-junta-de-gobierno-aprueba-las-bases-para-las-casetas-de-venta-en-el-paseo-maritimo-del-cabanyal-este-verano\/","title":{"rendered":"La Junta de Govern aprova les bases per a les casetes de venda en el passeig mar\u00edtim del Cabanyal este estiu"},"content":{"rendered":"\n<p><\/p>\n\n\n<ul>\n<li><strong>L&#8217;Ajuntament concedir\u00e0 81 m\u00f2duls, de tres metres d&#8217;ample per tres metres de profunditat, on les persones autoritzades instal\u00b7laran l&#8217;activitat comercial<\/strong><\/li>\n<li><strong>L&#8217;activitat de venda en el mercat ambulant de la platja es podr\u00e0 iniciar a partir de l&#8217;1 de juny i finalitzar\u00e0 el dia 30 de setembre de 2026<\/strong><\/li>\n<\/ul>\n<p>L&#8217;Ajuntament ha aprovat este divendres, en l&#8217;\u00faltima sessi\u00f3 ordin\u00e0ria de la Junta de Govern Local (JGL) del mes d&#8217;abril, les bases per a la convocat\u00f2ria de la concessi\u00f3 d&#8217;autoritzacions per a les casetes de venda en el passeig mar\u00edtim de la platja del Cabanyal, durant la temporada estival de 2026. En total, es concediran 81 m\u00f2duls, de tres metres d&#8217;ample per tres metres de profunditat, on les persones autoritzades instal\u00b7laren l&#8217;activitat comercial.<\/p>\n<p>Les casetes podran iniciar el muntatge el dia 30 de maig de 2026, una vegada haja sigut aprovada la relaci\u00f3 de persones autoritzades per a l&#8217;exercici de la venda, mentre que el desmuntatge s&#8217;haur\u00e0 d&#8217;efectuar entre el dia 30 de setembre, \u00faltim dia en qu\u00e8 podr\u00e0 realitzar-se l&#8217;activitat de venda, i el 2 d&#8217;octubre de 2026. Tots els gastos derivats del lloguer, instal\u00b7laci\u00f3 i desmuntatge de les casetes seran a c\u00e0rrec de les persones sol\u00b7licitants.<\/p>\n<p>L&#8217;activitat de venda es podr\u00e0 iniciar a partir del dia 1 de juny, una vegada haja sigut aportada la documentaci\u00f3 i els servicis municipals expedisquen el corresponent perm\u00eds. L&#8217;activitat finalitzar\u00e0 el dia 30 de setembre de 2026. L&#8217;horari de venda ser\u00e0 d&#8217;11.00 a 23.00 hores, de dilluns a dijous, i d&#8217;11.00 a 23.59 hores, de divendres a diumenge.<\/p>\n<p>Respecte als productes autoritzats per a la venda, es podr\u00e0 comerciar amb artesania, marroquineria, bijuteria, pedres semiprecioses, cer\u00e0mica, l\u00e0mines, dibuixos, pintures, souvenirs, etc. Tamb\u00e9 articles de fusta, joguets, articles de platja i ulleres de sol (amb la corresponent homologaci\u00f3 mitjan\u00e7ant la marca CE).<\/p>\n<p>Els articles de platja que es podran vendre s\u00f3n barrets, gorres, xancletes, sand\u00e0lies, pilotes de platja, tovalloles, hamaques, flotadors, maneguets i poals, entre altres. Aix\u00ed mateix, es permetr\u00e0 la venda de pareos o vestits de bany i queda prohibida la venda de cap altra classe de cal\u00e7at o de roba que no siga d&#8217;estiu. A m\u00e9s, tamb\u00e9 queda restringida la realitzaci\u00f3 de tatuatges, p\u00edrcings, trenes en el p\u00e8l, caricatures, aix\u00ed com qualsevol altra activitat que no tinga com a fi primordial la venda.<\/p>\n<p>Podran sol\u00b7licitar l&#8217;autoritzaci\u00f3 les persones f\u00edsiques o jur\u00eddiques que complisquen els seg\u00fcents requisits: estar al corrent en el pagament de les cotitzacions de la Seguretat Social; en el cas de persones estrangeres i nacionals de pa\u00efsos que no siguen membres de la Uni\u00f3 Europea, hauran d&#8217;estar en possessi\u00f3 dels corresponents permisos de resid\u00e8ncia i de treball per compte propi; i no tindre deutes amb l&#8217;Ajuntament.<\/p>\n<p>Les sol\u00b7licituds podran presentar-se en el termini de 10 dies h\u00e0bils, a partir de la publicaci\u00f3 de les presents bases en el tauler d&#8217;anuncis del Servici de Comer\u00e7 i Mercats i en la p\u00e0gina web municipal. En concret, les sol\u00b7licituds d&#8217;autoritzaci\u00f3 podran presentar-se en qualsevol dels registres municipals de l&#8217;Ajuntament, en les oficines de Correus, en les representacions diplom\u00e0tiques o oficines consulars d&#8217;Espanya a l&#8217;estranger o en les oficines d&#8217;assist\u00e8ncia en mat\u00e8ria de registres. Tamb\u00e9 podr\u00e0 realitzar-se la presentaci\u00f3 telem\u00e0tica de les sol\u00b7licituds a trav\u00e9s de la seu electr\u00f2nica, per al que hauran de disposar de certificat electr\u00f2nic.<\/p>\n<p>\u00a0<\/p>\n<div>Fuente: <a href=\"https:\/\/www.valencia.es\/val\/actualitat\/-\/content\/convocatoria-casetas-venta-verano-playa-cabanyal-val%C3%A8ncia\" target=\"_blank\" rel=\"noopener\">Ajuntament de Val\u00e8ncia<\/a><\/div>\n<div>\u00a0<\/div>\n\n\n<p><\/p>\n","protected":false},"excerpt":{"rendered":"<p>L&#8217;Ajuntament concedir\u00e0 81 m\u00f2duls, de tres metres d&#8217;ample per tres metres de profunditat, on les persones autoritzades instal\u00b7laran l&#8217;activitat comercial [&hellip;]<\/p>\n","protected":false},"author":2,"featured_media":13401,"comment_status":"open","ping_status":"open","sticky":false,"template":"","format":"standard","meta":{"site-sidebar-layout":"default","site-content-layout":"","ast-site-content-layout":"","site-content-style":"default","site-sidebar-style":"default","ast-global-header-display":"","ast-banner-title-visibility":"","ast-main-header-display":"","ast-hfb-above-header-display":"","ast-hfb-below-header-display":"","ast-hfb-mobile-header-display":"","site-post-title":"","ast-breadcrumbs-content":"","ast-featured-img":"","footer-sml-layout":"","theme-transparent-header-meta":"","adv-header-id-meta":"","stick-header-meta":"","header-above-stick-meta":"","header-main-stick-meta":"","header-below-stick-meta":"","astra-migrate-meta-layouts":"default","ast-page-background-enabled":"default","ast-page-background-meta":{"desktop":{"background-color":"var(--ast-global-color-5)","background-image":"","background-repeat":"repeat","background-position":"center center","background-size":"auto","background-attachment":"scroll","background-type":"","background-media":"","overlay-type":"","overlay-color":"","overlay-opacity":"","overlay-gradient":""},"tablet":{"background-color":"","background-image":"","background-repeat":"repeat","background-position":"center center","background-size":"auto","background-attachment":"scroll","background-type":"","background-media":"","overlay-type":"","overlay-color":"","overlay-opacity":"","overlay-gradient":""},"mobile":{"background-color":"","background-image":"","background-repeat":"repeat","background-position":"center center","background-size":"auto","background-attachment":"scroll","background-type":"","background-media":"","overlay-type":"","overlay-color":"","overlay-opacity":"","overlay-gradient":""}},"ast-content-background-meta":{"desktop":{"background-color":"var(--ast-global-color-4)","background-image":"","background-repeat":"repeat","background-position":"center center","background-size":"auto","background-attachment":"scroll","background-type":"","background-media":"","overlay-type":"","overlay-color":"","overlay-opacity":"","overlay-gradient":""},"tablet":{"background-color":"var(--ast-global-color-4)","background-image":"","background-repeat":"repeat","background-position":"center center","background-size":"auto","background-attachment":"scroll","background-type":"","background-media":"","overlay-type":"","overlay-color":"","overlay-opacity":"","overlay-gradient":""},"mobile":{"background-color":"var(--ast-global-color-4)","background-image":"","background-repeat":"repeat","background-position":"center center","background-size":"auto","background-attachment":"scroll","background-type":"","background-media":"","overlay-type":"","overlay-color":"","overlay-opacity":"","overlay-gradient":""}}},"categories":[49,57,23],"tags":[],"acf":[],"_links":{"self":[{"href":"https:\/\/plancabanyal.es\/va\/wp-json\/wp\/v2\/posts\/13403"}],"collection":[{"href":"https:\/\/plancabanyal.es\/va\/wp-json\/wp\/v2\/posts"}],"about":[{"href":"https:\/\/plancabanyal.es\/va\/wp-json\/wp\/v2\/types\/post"}],"author":[{"embeddable":true,"href":"https:\/\/plancabanyal.es\/va\/wp-json\/wp\/v2\/users\/2"}],"replies":[{"embeddable":true,"href":"https:\/\/plancabanyal.es\/va\/wp-json\/wp\/v2\/comments?post=13403"}],"version-history":[{"count":2,"href":"https:\/\/plancabanyal.es\/va\/wp-json\/wp\/v2\/posts\/13403\/revisions"}],"predecessor-version":[{"id":13408,"href":"https:\/\/plancabanyal.es\/va\/wp-json\/wp\/v2\/posts\/13403\/revisions\/13408"}],"wp:featuredmedia":[{"embeddable":true,"href":"https:\/\/plancabanyal.es\/va\/wp-json\/wp\/v2\/media\/13401"}],"wp:attachment":[{"href":"https:\/\/plancabanyal.es\/va\/wp-json\/wp\/v2\/media?parent=13403"}],"wp:term":[{"taxonomy":"category","embeddable":true,"href":"https:\/\/plancabanyal.es\/va\/wp-json\/wp\/v2\/categories?post=13403"},{"taxonomy":"post_tag","embeddable":true,"href":"https:\/\/plancabanyal.es\/va\/wp-json\/wp\/v2\/tags?post=13403"}],"curies":[{"name":"wp","href":"https:\/\/api.w.org\/{rel}","templated":true}]}}