{"id":12587,"date":"2025-09-16T13:54:07","date_gmt":"2025-09-16T11:54:07","guid":{"rendered":"https:\/\/plancabanyal.es\/?p=12587"},"modified":"2025-09-16T13:55:35","modified_gmt":"2025-09-16T11:55:35","slug":"valencia-impulsa-rutas-accesibles-por-los-barrios-para-conmemorar-el-dia-internacional-de-las-lenguas-de-signos","status":"publish","type":"post","link":"https:\/\/plancabanyal.es\/va\/valencia-impulsa-rutas-accesibles-por-los-barrios-para-conmemorar-el-dia-internacional-de-las-lenguas-de-signos\/","title":{"rendered":"Val\u00e8ncia impulsa rutes accessibles pels barris per a commemorar el Dia Internacional de les Lleng\u00fces de Signes"},"content":{"rendered":"\n<p><\/p>\n\n\n<p><img loading=\"lazy\" class=\"aligncenter  wp-image-12583\" src=\"https:\/\/plancabanyal.es\/wp-content\/uploads\/2025\/09\/Turisme-de-barris-La-Malva-rosa.-cast-1024x576.jpg\" alt=\"\" width=\"549\" height=\"309\" srcset=\"https:\/\/plancabanyal.es\/wp-content\/uploads\/2025\/09\/Turisme-de-barris-La-Malva-rosa.-cast-1024x576.jpg 1024w, https:\/\/plancabanyal.es\/wp-content\/uploads\/2025\/09\/Turisme-de-barris-La-Malva-rosa.-cast-300x169.jpg 300w, https:\/\/plancabanyal.es\/wp-content\/uploads\/2025\/09\/Turisme-de-barris-La-Malva-rosa.-cast-768x432.jpg 768w, https:\/\/plancabanyal.es\/wp-content\/uploads\/2025\/09\/Turisme-de-barris-La-Malva-rosa.-cast-1536x864.jpg 1536w, https:\/\/plancabanyal.es\/wp-content\/uploads\/2025\/09\/Turisme-de-barris-La-Malva-rosa.-cast.jpg 1920w\" sizes=\"(max-width: 549px) 100vw, 549px\" \/><\/p>\n<ul>\n<li><strong>El programa municipal \u2018<a href=\"https:\/\/www.valencia.es\/val\/turisme\/rutes-turistiques-barris\">Turisme de barris<\/a>\u2019 es realitzar\u00e0 durant els dies 23, 24, 25 i 26\u00a0amb\u00a0int\u00e8rprets de llengua de signes<\/strong><\/li>\n<\/ul>\n<ul>\n<li><strong>El director general de Persones amb Discapacitat indica que &#8220;amb esta programaci\u00f3, Val\u00e8ncia reafirma el seu comprom\u00eds amb la diversitat ling\u00fc\u00edstica, l&#8217;accessibilitat universal\u201d<\/strong><\/li>\n<\/ul>\n<ul>\n<li><strong>L&#8217;Ajuntament ha habilitat el correu\u00a0<a href=\"mailto:inscripcionturismo@valencia.es\">inscripcionturismo@valencia.es<\/a>\u00a0\u00a0per a facilitar la participaci\u00f3<\/strong><\/li>\n<\/ul>\n<p>Les visites guiades i gratu\u00eftes que organitza la Delegaci\u00f3 de Turisme per a donar a con\u00e9ixer la riquesa patrimonial i cultural dels barris es realitzaran, durant la setmana vinent, amb int\u00e8rprets de llengua de signes. Esta iniciativa, impulsada en el marc de la commemoraci\u00f3 del Dia Internacional de les Lleng\u00fces de Signes, \u201crespon a l&#8217;objectiu municipal de promoure la inclusi\u00f3 i l&#8217;accessibilitat de totes les persones a tots els recursos p\u00fablics\u201d.<\/p>\n<p>El director general de Persones amb Discapacitat, Javier Copov\u00ed, ha informat hui de la realitzaci\u00f3 d&#8217;estes rutes i ha indicat que, per a facilitar i garantir una adequada organitzaci\u00f3 i participaci\u00f3, l&#8217;Ajuntament ha habilitat un correu electr\u00f2nic per a formalitzar les inscripcions (inscripcionturismo@valencia.es).<\/p>\n<p>Estes visites es realitzaran entre dimarts 23 i divendres 26. Cada dia es duran a terme dos rutes que, partir de les 19.00 hores, recorreran enclavaments &#8220;emblem\u00e0tics de la ciutat&#8221; com el Jard\u00ed del T\u00faria, La Malva-rosa, Benim\u00e0met, El Cabanyal\u2013Canyamelar, Orriols, Patraix, Pobles del Nord i Pobles del Sud.<\/p>\n<p>\u201cAmb esta programaci\u00f3, Val\u00e8ncia reafirma el comprom\u00eds amb la diversitat ling\u00fc\u00edstica, l&#8217;accessibilitat universal i el turisme de proximitat, en el marc d&#8217;una celebraci\u00f3 que valora el paper de les lleng\u00fces de signes com a ferramenta de comunicaci\u00f3 i cohesi\u00f3 social\u201d, ha assegurat Copov\u00ed.<\/p>\n<p>Fuente: <a href=\"https:\/\/www.valencia.es\/cas\/actualidad\/-\/content\/plazos-permisos-ocupaci%C3%B3n-comisiones-falleras-2026\" data-wplink-edit=\"true\">Ayuntamiento de Valencia<\/a><\/p>","protected":false},"excerpt":{"rendered":"<p>El programa municipal \u2018Turisme de barris\u2019 es realitzar\u00e0 durant els dies 23, 24, 25 i 26\u00a0amb\u00a0int\u00e8rprets de llengua de signes [&hellip;]<\/p>\n","protected":false},"author":2,"featured_media":12585,"comment_status":"closed","ping_status":"closed","sticky":false,"template":"","format":"standard","meta":{"site-sidebar-layout":"default","site-content-layout":"","ast-site-content-layout":"","site-content-style":"default","site-sidebar-style":"default","ast-global-header-display":"","ast-banner-title-visibility":"","ast-main-header-display":"","ast-hfb-above-header-display":"","ast-hfb-below-header-display":"","ast-hfb-mobile-header-display":"","site-post-title":"","ast-breadcrumbs-content":"","ast-featured-img":"","footer-sml-layout":"","theme-transparent-header-meta":"","adv-header-id-meta":"","stick-header-meta":"","header-above-stick-meta":"","header-main-stick-meta":"","header-below-stick-meta":"","astra-migrate-meta-layouts":"default","ast-page-background-enabled":"default","ast-page-background-meta":{"desktop":{"background-color":"var(--ast-global-color-5)","background-image":"","background-repeat":"repeat","background-position":"center center","background-size":"auto","background-attachment":"scroll","background-type":"","background-media":"","overlay-type":"","overlay-color":"","overlay-opacity":"","overlay-gradient":""},"tablet":{"background-color":"","background-image":"","background-repeat":"repeat","background-position":"center center","background-size":"auto","background-attachment":"scroll","background-type":"","background-media":"","overlay-type":"","overlay-color":"","overlay-opacity":"","overlay-gradient":""},"mobile":{"background-color":"","background-image":"","background-repeat":"repeat","background-position":"center center","background-size":"auto","background-attachment":"scroll","background-type":"","background-media":"","overlay-type":"","overlay-color":"","overlay-opacity":"","overlay-gradient":""}},"ast-content-background-meta":{"desktop":{"background-color":"var(--ast-global-color-4)","background-image":"","background-repeat":"repeat","background-position":"center center","background-size":"auto","background-attachment":"scroll","background-type":"","background-media":"","overlay-type":"","overlay-color":"","overlay-opacity":"","overlay-gradient":""},"tablet":{"background-color":"var(--ast-global-color-4)","background-image":"","background-repeat":"repeat","background-position":"center center","background-size":"auto","background-attachment":"scroll","background-type":"","background-media":"","overlay-type":"","overlay-color":"","overlay-opacity":"","overlay-gradient":""},"mobile":{"background-color":"var(--ast-global-color-4)","background-image":"","background-repeat":"repeat","background-position":"center center","background-size":"auto","background-attachment":"scroll","background-type":"","background-media":"","overlay-type":"","overlay-color":"","overlay-opacity":"","overlay-gradient":""}}},"categories":[49,57,23],"tags":[],"acf":[],"_links":{"self":[{"href":"https:\/\/plancabanyal.es\/va\/wp-json\/wp\/v2\/posts\/12587"}],"collection":[{"href":"https:\/\/plancabanyal.es\/va\/wp-json\/wp\/v2\/posts"}],"about":[{"href":"https:\/\/plancabanyal.es\/va\/wp-json\/wp\/v2\/types\/post"}],"author":[{"embeddable":true,"href":"https:\/\/plancabanyal.es\/va\/wp-json\/wp\/v2\/users\/2"}],"replies":[{"embeddable":true,"href":"https:\/\/plancabanyal.es\/va\/wp-json\/wp\/v2\/comments?post=12587"}],"version-history":[{"count":2,"href":"https:\/\/plancabanyal.es\/va\/wp-json\/wp\/v2\/posts\/12587\/revisions"}],"predecessor-version":[{"id":12591,"href":"https:\/\/plancabanyal.es\/va\/wp-json\/wp\/v2\/posts\/12587\/revisions\/12591"}],"wp:featuredmedia":[{"embeddable":true,"href":"https:\/\/plancabanyal.es\/va\/wp-json\/wp\/v2\/media\/12585"}],"wp:attachment":[{"href":"https:\/\/plancabanyal.es\/va\/wp-json\/wp\/v2\/media?parent=12587"}],"wp:term":[{"taxonomy":"category","embeddable":true,"href":"https:\/\/plancabanyal.es\/va\/wp-json\/wp\/v2\/categories?post=12587"},{"taxonomy":"post_tag","embeddable":true,"href":"https:\/\/plancabanyal.es\/va\/wp-json\/wp\/v2\/tags?post=12587"}],"curies":[{"name":"wp","href":"https:\/\/api.w.org\/{rel}","templated":true}]}}