{"id":12461,"date":"2025-07-18T11:48:59","date_gmt":"2025-07-18T09:48:59","guid":{"rendered":"https:\/\/plancabanyal.es\/rutas-hemingway-visitas-guiadas-gratuitas\/"},"modified":"2025-07-18T12:02:36","modified_gmt":"2025-07-18T10:02:36","slug":"rutas-hemingway-visitas-guiadas-gratuitas","status":"publish","type":"post","link":"https:\/\/plancabanyal.es\/va\/rutas-hemingway-visitas-guiadas-gratuitas\/","title":{"rendered":"Rutes Hemingway: visites guiades gratu\u00eftes"},"content":{"rendered":"<div><img loading=\"lazy\" class=\"aligncenter size-large wp-image-12454\" src=\"https:\/\/plancabanyal.es\/wp-content\/uploads\/2025\/07\/Rutas-Hemingway-1024x576.jpg\" alt=\"\" width=\"1024\" height=\"576\" srcset=\"https:\/\/plancabanyal.es\/wp-content\/uploads\/2025\/07\/Rutas-Hemingway-1024x576.jpg 1024w, https:\/\/plancabanyal.es\/wp-content\/uploads\/2025\/07\/Rutas-Hemingway-300x169.jpg 300w, https:\/\/plancabanyal.es\/wp-content\/uploads\/2025\/07\/Rutas-Hemingway-768x432.jpg 768w, https:\/\/plancabanyal.es\/wp-content\/uploads\/2025\/07\/Rutas-Hemingway.jpg 1280w\" sizes=\"(max-width: 1024px) 100vw, 1024px\" \/><\/div>\n<div><\/div>\n<h6>DATA: 21 jul 2025 &#8211; 27 jul 2025<br \/>\nHORARI: a les 10:00 y 19:00 h<br \/>\nPREU: gratu\u00cft<br \/>\nLLOC: centre de la ciutat i platja de La Malva-rosa<\/h6>\n<div>\n<hr \/>\n<\/div>\n<div>\n<p>Des de L&#8217;Ajuntament de Val\u00e8ncia es vol commemorar el centenari de la primera visita de l&#8217;escriptor guanyador del Nobel de Literatura Ernest Hemingway, que va arribar a l&#8217;Estaci\u00f3 del Nord un mes de juliol de 1925, moment en el qual va comen\u00e7ar una relaci\u00f3 afectiva i professional amb la nostra ciutat, en la qual va veure cr\u00e9ixer la seua faceta m\u00e9s hedonista, deixant-se delectar per la nostra hospitalitat, paisatges i gastronomia.<\/p>\n<p>Per este motiu, s&#8217;han previst unes visites guiades gratu\u00eftes, que permetran descobrir Val\u00e8ncia des del punt de vista de l&#8217;escriptor.<\/p>\n<h3>Rutes pel centre<\/h3>\n<hr \/>\n<p>&#8211; 21 de juliol a les 10:00 h, des de la pla\u00e7a de L&#8217;Ajuntament. Castell\u00e0.<\/p>\n<p>&#8211; 25 de juliol a les 19:00 h, des de la pla\u00e7a de L&#8217;Ajuntament. Valenci\u00e0.<\/p>\n<h3>Rutes per la platja<\/h3>\n<hr \/>\n<p>&#8211; 26 de juliol a les 19:00 h, des del el Balneari Les Arenes. Castell\u00e0.<\/p>\n<p>&#8211; 27 de juliol a les 19:00 h, des del el Balneari Les Arenes. Valenci\u00e0.<\/p>\n<p>M\u00e1s informaci\u00f3n e inscripciones en inscripcionturismo@valencia.es<\/p>\n<hr \/>\n<\/div>\n<p>Font: <a href=\"https:\/\/www.valencia.es\/cas\/hacienda\/agenda-de-la-ciudad\/-\/content\/rutas-hemingway-visitas-guiadas-gratuitas\" target=\"_blank\" rel=\"noopener\">Ajuntament de Val\u00e8ncia<\/a><\/p>\n<p><a href=\"https:\/\/www.visitvalencia.com\/agenda-valencia\/rutas-guiadas-gratuitas-en-honor-hemingway-por-valencia\">Visit Valencia<\/a><\/p>\n","protected":false},"excerpt":{"rendered":"<p>DATA: 21 jul 2025 &#8211; 27 jul 2025 HORARI: a les 10:00 y 19:00 h PREU: gratu\u00cft LLOC: centre de [&hellip;]<\/p>\n","protected":false},"author":2,"featured_media":12456,"comment_status":"closed","ping_status":"closed","sticky":false,"template":"","format":"standard","meta":{"site-sidebar-layout":"default","site-content-layout":"","ast-site-content-layout":"","site-content-style":"default","site-sidebar-style":"default","ast-global-header-display":"","ast-banner-title-visibility":"","ast-main-header-display":"","ast-hfb-above-header-display":"","ast-hfb-below-header-display":"","ast-hfb-mobile-header-display":"","site-post-title":"","ast-breadcrumbs-content":"","ast-featured-img":"","footer-sml-layout":"","theme-transparent-header-meta":"","adv-header-id-meta":"","stick-header-meta":"","header-above-stick-meta":"","header-main-stick-meta":"","header-below-stick-meta":"","astra-migrate-meta-layouts":"default","ast-page-background-enabled":"default","ast-page-background-meta":{"desktop":{"background-color":"var(--ast-global-color-5)","background-image":"","background-repeat":"repeat","background-position":"center center","background-size":"auto","background-attachment":"scroll","background-type":"","background-media":"","overlay-type":"","overlay-color":"","overlay-opacity":"","overlay-gradient":""},"tablet":{"background-color":"","background-image":"","background-repeat":"repeat","background-position":"center center","background-size":"auto","background-attachment":"scroll","background-type":"","background-media":"","overlay-type":"","overlay-color":"","overlay-opacity":"","overlay-gradient":""},"mobile":{"background-color":"","background-image":"","background-repeat":"repeat","background-position":"center center","background-size":"auto","background-attachment":"scroll","background-type":"","background-media":"","overlay-type":"","overlay-color":"","overlay-opacity":"","overlay-gradient":""}},"ast-content-background-meta":{"desktop":{"background-color":"var(--ast-global-color-4)","background-image":"","background-repeat":"repeat","background-position":"center center","background-size":"auto","background-attachment":"scroll","background-type":"","background-media":"","overlay-type":"","overlay-color":"","overlay-opacity":"","overlay-gradient":""},"tablet":{"background-color":"var(--ast-global-color-4)","background-image":"","background-repeat":"repeat","background-position":"center center","background-size":"auto","background-attachment":"scroll","background-type":"","background-media":"","overlay-type":"","overlay-color":"","overlay-opacity":"","overlay-gradient":""},"mobile":{"background-color":"var(--ast-global-color-4)","background-image":"","background-repeat":"repeat","background-position":"center center","background-size":"auto","background-attachment":"scroll","background-type":"","background-media":"","overlay-type":"","overlay-color":"","overlay-opacity":"","overlay-gradient":""}}},"categories":[49,57,23],"tags":[],"acf":[],"_links":{"self":[{"href":"https:\/\/plancabanyal.es\/va\/wp-json\/wp\/v2\/posts\/12461"}],"collection":[{"href":"https:\/\/plancabanyal.es\/va\/wp-json\/wp\/v2\/posts"}],"about":[{"href":"https:\/\/plancabanyal.es\/va\/wp-json\/wp\/v2\/types\/post"}],"author":[{"embeddable":true,"href":"https:\/\/plancabanyal.es\/va\/wp-json\/wp\/v2\/users\/2"}],"replies":[{"embeddable":true,"href":"https:\/\/plancabanyal.es\/va\/wp-json\/wp\/v2\/comments?post=12461"}],"version-history":[{"count":2,"href":"https:\/\/plancabanyal.es\/va\/wp-json\/wp\/v2\/posts\/12461\/revisions"}],"predecessor-version":[{"id":12467,"href":"https:\/\/plancabanyal.es\/va\/wp-json\/wp\/v2\/posts\/12461\/revisions\/12467"}],"wp:featuredmedia":[{"embeddable":true,"href":"https:\/\/plancabanyal.es\/va\/wp-json\/wp\/v2\/media\/12456"}],"wp:attachment":[{"href":"https:\/\/plancabanyal.es\/va\/wp-json\/wp\/v2\/media?parent=12461"}],"wp:term":[{"taxonomy":"category","embeddable":true,"href":"https:\/\/plancabanyal.es\/va\/wp-json\/wp\/v2\/categories?post=12461"},{"taxonomy":"post_tag","embeddable":true,"href":"https:\/\/plancabanyal.es\/va\/wp-json\/wp\/v2\/tags?post=12461"}],"curies":[{"name":"wp","href":"https:\/\/api.w.org\/{rel}","templated":true}]}}