{"id":12411,"date":"2025-07-07T12:32:37","date_gmt":"2025-07-07T10:32:37","guid":{"rendered":"https:\/\/plancabanyal.es\/el-ayuntamiento-finaliza-la-construccion-de-230-nuevos-nichos-en-el-cementerio-del-cabanyal\/"},"modified":"2025-07-07T12:34:45","modified_gmt":"2025-07-07T10:34:45","slug":"el-ayuntamiento-finaliza-la-construccion-de-230-nuevos-nichos-en-el-cementerio-del-cabanyal","status":"publish","type":"post","link":"https:\/\/plancabanyal.es\/va\/el-ayuntamiento-finaliza-la-construccion-de-230-nuevos-nichos-en-el-cementerio-del-cabanyal\/","title":{"rendered":"L\u2019Ajuntament finalitza la construcci\u00f3 de 230 n\u00ednxols nous al Cementeri del Cabanyal"},"content":{"rendered":"<p>05\/07\/2025<\/p>\n<ul>\n<li><strong>L\u2019obra s\u2019ha executat en un termini de quatre mesos i t\u00e9 un cost de m\u00e9s de 330.000 euros<\/strong><\/li>\n<\/ul>\n<ul>\n<li><strong>Tamb\u00e9 s\u2019ha urbanitzat la zona perimetral amb la col\u00b7ocaci\u00f3 d\u2019una xarxa de drenatge i amb treballs d\u2019enjardinament<\/strong><\/li>\n<\/ul>\n<p>La Delegaci\u00f3 de Cementeris i Servicis Funeraris ha finalitzat les obres d&#8217;ampliaci\u00f3 del Cementeri del Cabanyal, on s&#8217;han constru\u00eft 230 n\u00ednxols senzills i s&#8217;ha urbanitzat l&#8217;entorn.<\/p>\n<p>El projecte ha incl\u00f2s l&#8217;execuci\u00f3 de tres blocs de n\u00ednxols amb la finalitat d&#8217;habilitar 230 noves unitats d&#8217;enterrament, que han estat constru\u00efdes en un termini de quatre mesos. L&#8217;obra ha emprat m\u00f2duls prefabricats de formig\u00f3, un sistema habitual en la construcci\u00f3 de cementeris.<\/p>\n<p>A m\u00e9s, s&#8217;ha urbanitzat la zona perimetral dels blocs amb la col\u00b7locaci\u00f3 d&#8217;una xarxa de drenatge i amb treballs d&#8217;enjardinament, la qual cosa permet millorar l&#8217;accessibilitat, l&#8217;est\u00e8tica i el respecte per l&#8217;entorn funerari.<\/p>\n<p>La inversi\u00f3 en esta actuaci\u00f3 ha ascendit a 331.815,36 euros, IVA incl\u00f2s.<\/p>\n<p>Amb esta intervenci\u00f3, l&#8217;Ajuntament de Val\u00e8ncia refor\u00e7a el comprom\u00eds amb la millora i modernitzaci\u00f3 dels servicis funeraris i garanteix una oferta adequada d&#8217;unitats d&#8217;enterrament en els diferents cementeris de la ciutat.<\/p>\n<p>Esta actuaci\u00f3 s&#8217;executa a l&#8217;empara del conveni marc municipal vigent, el que permet donar resposta de manera \u00e0gil i efica\u00e7 a les necessitats dels cementeris municipals mitjan\u00e7ant una tramitaci\u00f3 centralitzada.<\/p>\n<p>Fuente: <a href=\"https:\/\/www.valencia.es\/val\/actualitat\/-\/content\/construcci%C3%B3n-nichos-cementerio-cabanyal-val%C3%A8ncia\" target=\"_blank\" rel=\"noopener\">Actualidad Ajuntament de Val\u00e8ncia<\/a><\/p>\n","protected":false},"excerpt":{"rendered":"<p>05\/07\/2025 L\u2019obra s\u2019ha executat en un termini de quatre mesos i t\u00e9 un cost de m\u00e9s de 330.000 euros Tamb\u00e9 [&hellip;]<\/p>\n","protected":false},"author":2,"featured_media":10669,"comment_status":"closed","ping_status":"closed","sticky":false,"template":"","format":"standard","meta":{"site-sidebar-layout":"default","site-content-layout":"","ast-site-content-layout":"","site-content-style":"default","site-sidebar-style":"default","ast-global-header-display":"","ast-banner-title-visibility":"","ast-main-header-display":"","ast-hfb-above-header-display":"","ast-hfb-below-header-display":"","ast-hfb-mobile-header-display":"","site-post-title":"","ast-breadcrumbs-content":"","ast-featured-img":"","footer-sml-layout":"","theme-transparent-header-meta":"","adv-header-id-meta":"","stick-header-meta":"","header-above-stick-meta":"","header-main-stick-meta":"","header-below-stick-meta":"","astra-migrate-meta-layouts":"default","ast-page-background-enabled":"default","ast-page-background-meta":{"desktop":{"background-color":"var(--ast-global-color-5)","background-image":"","background-repeat":"repeat","background-position":"center center","background-size":"auto","background-attachment":"scroll","background-type":"","background-media":"","overlay-type":"","overlay-color":"","overlay-opacity":"","overlay-gradient":""},"tablet":{"background-color":"","background-image":"","background-repeat":"repeat","background-position":"center center","background-size":"auto","background-attachment":"scroll","background-type":"","background-media":"","overlay-type":"","overlay-color":"","overlay-opacity":"","overlay-gradient":""},"mobile":{"background-color":"","background-image":"","background-repeat":"repeat","background-position":"center center","background-size":"auto","background-attachment":"scroll","background-type":"","background-media":"","overlay-type":"","overlay-color":"","overlay-opacity":"","overlay-gradient":""}},"ast-content-background-meta":{"desktop":{"background-color":"var(--ast-global-color-4)","background-image":"","background-repeat":"repeat","background-position":"center center","background-size":"auto","background-attachment":"scroll","background-type":"","background-media":"","overlay-type":"","overlay-color":"","overlay-opacity":"","overlay-gradient":""},"tablet":{"background-color":"var(--ast-global-color-4)","background-image":"","background-repeat":"repeat","background-position":"center center","background-size":"auto","background-attachment":"scroll","background-type":"","background-media":"","overlay-type":"","overlay-color":"","overlay-opacity":"","overlay-gradient":""},"mobile":{"background-color":"var(--ast-global-color-4)","background-image":"","background-repeat":"repeat","background-position":"center center","background-size":"auto","background-attachment":"scroll","background-type":"","background-media":"","overlay-type":"","overlay-color":"","overlay-opacity":"","overlay-gradient":""}}},"categories":[49,57,23],"tags":[],"acf":[],"_links":{"self":[{"href":"https:\/\/plancabanyal.es\/va\/wp-json\/wp\/v2\/posts\/12411"}],"collection":[{"href":"https:\/\/plancabanyal.es\/va\/wp-json\/wp\/v2\/posts"}],"about":[{"href":"https:\/\/plancabanyal.es\/va\/wp-json\/wp\/v2\/types\/post"}],"author":[{"embeddable":true,"href":"https:\/\/plancabanyal.es\/va\/wp-json\/wp\/v2\/users\/2"}],"replies":[{"embeddable":true,"href":"https:\/\/plancabanyal.es\/va\/wp-json\/wp\/v2\/comments?post=12411"}],"version-history":[{"count":2,"href":"https:\/\/plancabanyal.es\/va\/wp-json\/wp\/v2\/posts\/12411\/revisions"}],"predecessor-version":[{"id":12415,"href":"https:\/\/plancabanyal.es\/va\/wp-json\/wp\/v2\/posts\/12411\/revisions\/12415"}],"wp:featuredmedia":[{"embeddable":true,"href":"https:\/\/plancabanyal.es\/va\/wp-json\/wp\/v2\/media\/10669"}],"wp:attachment":[{"href":"https:\/\/plancabanyal.es\/va\/wp-json\/wp\/v2\/media?parent=12411"}],"wp:term":[{"taxonomy":"category","embeddable":true,"href":"https:\/\/plancabanyal.es\/va\/wp-json\/wp\/v2\/categories?post=12411"},{"taxonomy":"post_tag","embeddable":true,"href":"https:\/\/plancabanyal.es\/va\/wp-json\/wp\/v2\/tags?post=12411"}],"curies":[{"name":"wp","href":"https:\/\/api.w.org\/{rel}","templated":true}]}}