{"id":11642,"date":"2025-06-05T12:34:14","date_gmt":"2025-06-05T10:34:14","guid":{"rendered":"https:\/\/plancabanyal.es\/?p=11642"},"modified":"2025-06-05T12:44:13","modified_gmt":"2025-06-05T10:44:13","slug":"el-ayuntamiento-edita-una-guia-para-impulsar-la-rehabilitacion-energetica-de-edificios","status":"publish","type":"post","link":"https:\/\/plancabanyal.es\/va\/el-ayuntamiento-edita-una-guia-para-impulsar-la-rehabilitacion-energetica-de-edificios\/","title":{"rendered":"L&#8217;Ajuntament edita una guia per a impulsar la rehabilitaci\u00f3 energ\u00e8tica d&#8217;edificis"},"content":{"rendered":"<p>05\/06\/2025<\/p>\n<p>&nbsp;<\/p>\n<ul>\n<li><strong>La publicaci\u00f3, que es presenta dem\u00e0, \u00e9s gratu\u00efta i est\u00e0 disponible en format digital en la p\u00e0gina web de la Fundaci\u00f3 Val\u00e8ncia Clima i Energia<\/strong><\/li>\n<\/ul>\n<ul>\n<li><strong>Es dirigix a professionals de la rehabilitaci\u00f3 i tamb\u00e9 \u00e9s \u00fatil per a la ciutadania interessada en esta mena de reforma<\/strong><\/li>\n<\/ul>\n<p>&nbsp;<\/p>\n<p><a href=\"https:\/\/climaienergia.com\/\">Val\u00e8ncia Clima i Energia<\/a>, la fundaci\u00f3 municipal que treballa per a impulsar la transici\u00f3 energ\u00e8tica de la ciutat, ha editat la \u2018Guia VERD: Val\u00e8ncia Vivendes Eficients i Rehabilitaci\u00f3 Descarbonitzada\u2019. Esta publicaci\u00f3, composta per dos volums complementaris, aborda el repte de la rehabilitaci\u00f3 energ\u00e8tica d&#8217;immobles des d&#8217;un enfocament t\u00e8cnic i ciutad\u00e0.<\/p>\n<p>\u201cL&#8217;objectiu d&#8217;esta guia \u00e9s facilitar la transici\u00f3 cap a una edificaci\u00f3 m\u00e9s eficient, sostenible i saludable, i respon al comprom\u00eds de la ciutat de Val\u00e8ncia amb la neutralitat clim\u00e0tica abans de 2030\u201d, tal com ha explicat el regidor de Millora Clim\u00e0tica i Efici\u00e8ncia Energ\u00e8tica, Carlos Mundina.<\/p>\n<p>Esta publicaci\u00f3 gratu\u00efta es dirigix tant a professionals del sector de la construcci\u00f3 i administracions p\u00fabliques com a la ciutadania, comunitats de propietaris i persones interessades a millorar l&#8217;efici\u00e8ncia energ\u00e8tica de les seues llars.<\/p>\n<p>\u201cRehabilitar energ\u00e8ticament els edificis de Val\u00e8ncia no sols contribu\u00efx a reduir les emissions, sin\u00f3 que millora el confort t\u00e8rmic, la salut de les persones, el valor de les vivendes i genera ocupaci\u00f3 local. Esta guia \u00e9s una ferramenta pr\u00e0ctica per a avan\u00e7ar cap a una ciutat m\u00e9s justa, resilient i sostenible\u201d, ha ressaltat el regidor.<\/p>\n<p>El Volum I de la guia oferix una visi\u00f3 t\u00e8cnica especialitzada sobre solucions constructives sostenibles, materials biobasats (que s&#8217;originen de mat\u00e8ries primeres renovables d&#8217;origen biol\u00f2gic), estrat\u00e8gies de descarbonitzaci\u00f3 i criteris ambientals per a la contractaci\u00f3 p\u00fablica. Est\u00e0 pensat per a personal t\u00e8cnic, professionals de l&#8217;arquitectura i enginyeria, i gestors p\u00fablics implicats en processos de rehabilitaci\u00f3 i licitaci\u00f3 d&#8217;obres.<\/p>\n<p>El Volum II, per part seua, est\u00e0 orientat a la ciutadania i inclou un recorregut detallat sobretot el proc\u00e9s de rehabilitaci\u00f3 energ\u00e8tica: des de la identificaci\u00f3 de necessitats en l&#8217;edifici fins a l&#8217;execuci\u00f3 de les obres i el gaudi dels beneficis. Aporta exemples reals, consells pr\u00e0ctics, informaci\u00f3 sobre ajudes disponibles, requisits normatius i claus per a facilitar la presa de decisions en comunitats ve\u00efnals.<\/p>\n<p>Els dos volums estan disponibles en format digital en la p\u00e0gina web de la Fundaci\u00f3 Val\u00e8ncia Clima i Energia i en les Oficines de l&#8217;Energia, punts municipals d&#8217;atenci\u00f3 on s&#8217;oferix assessorament gratu\u00eft i personalitzat sobre efici\u00e8ncia energ\u00e8tica, ajudes a la rehabilitaci\u00f3 i millora del confort en la llar.<\/p>\n<p>La guia ha sigut redactada per la Fundaci\u00f3 Cesefor, amb la col\u00b7laboraci\u00f3 de Dark Matter Labs, Democratic Society i CitiES2030, en el marc del projecte europeu EU CINC 2.0. La iniciativa compta amb el suport del projecte europeu\u00a0<a href=\"https:\/\/climaienergia.com\/projectes-tranformadors\/\">URBANEW<\/a>, que impulsa la descarbonitzaci\u00f3 urbana en diverses ciutats espanyoles, entre elles Val\u00e8ncia.<\/p>\n<p>&nbsp;<\/p>\n<p>Descarregable:<\/p>\n<p><a href=\"https:\/\/climaienergia.com\/projectes-tranformadors\/urbanew\/\">https:\/\/climaienergia.com\/projectes-tranformadors\/urbanew\/<\/a><\/p>\n<p>&nbsp;<\/p>\n<p>Font: <a href=\"https:\/\/www.valencia.es\/cas\/actualidad\/-\/content\/guia-para-rehabilitaciones-energ%C3%A9ticas\" target=\"_blank\" rel=\"noopener\">Actualitat Ajuntament de Val\u00e8ncia<\/a><\/p>\n","protected":false},"excerpt":{"rendered":"<p>05\/06\/2025 &nbsp; La publicaci\u00f3, que es presenta dem\u00e0, \u00e9s gratu\u00efta i est\u00e0 disponible en format digital en la p\u00e0gina web [&hellip;]<\/p>\n","protected":false},"author":2,"featured_media":11645,"comment_status":"open","ping_status":"open","sticky":false,"template":"","format":"standard","meta":{"site-sidebar-layout":"default","site-content-layout":"","ast-site-content-layout":"","site-content-style":"default","site-sidebar-style":"default","ast-global-header-display":"","ast-banner-title-visibility":"","ast-main-header-display":"","ast-hfb-above-header-display":"","ast-hfb-below-header-display":"","ast-hfb-mobile-header-display":"","site-post-title":"","ast-breadcrumbs-content":"","ast-featured-img":"","footer-sml-layout":"","theme-transparent-header-meta":"","adv-header-id-meta":"","stick-header-meta":"","header-above-stick-meta":"","header-main-stick-meta":"","header-below-stick-meta":"","astra-migrate-meta-layouts":"default","ast-page-background-enabled":"default","ast-page-background-meta":{"desktop":{"background-color":"var(--ast-global-color-5)","background-image":"","background-repeat":"repeat","background-position":"center center","background-size":"auto","background-attachment":"scroll","background-type":"","background-media":"","overlay-type":"","overlay-color":"","overlay-opacity":"","overlay-gradient":""},"tablet":{"background-color":"","background-image":"","background-repeat":"repeat","background-position":"center center","background-size":"auto","background-attachment":"scroll","background-type":"","background-media":"","overlay-type":"","overlay-color":"","overlay-opacity":"","overlay-gradient":""},"mobile":{"background-color":"","background-image":"","background-repeat":"repeat","background-position":"center center","background-size":"auto","background-attachment":"scroll","background-type":"","background-media":"","overlay-type":"","overlay-color":"","overlay-opacity":"","overlay-gradient":""}},"ast-content-background-meta":{"desktop":{"background-color":"var(--ast-global-color-4)","background-image":"","background-repeat":"repeat","background-position":"center center","background-size":"auto","background-attachment":"scroll","background-type":"","background-media":"","overlay-type":"","overlay-color":"","overlay-opacity":"","overlay-gradient":""},"tablet":{"background-color":"var(--ast-global-color-4)","background-image":"","background-repeat":"repeat","background-position":"center center","background-size":"auto","background-attachment":"scroll","background-type":"","background-media":"","overlay-type":"","overlay-color":"","overlay-opacity":"","overlay-gradient":""},"mobile":{"background-color":"var(--ast-global-color-4)","background-image":"","background-repeat":"repeat","background-position":"center center","background-size":"auto","background-attachment":"scroll","background-type":"","background-media":"","overlay-type":"","overlay-color":"","overlay-opacity":"","overlay-gradient":""}}},"categories":[49,57,23],"tags":[],"acf":[],"_links":{"self":[{"href":"https:\/\/plancabanyal.es\/va\/wp-json\/wp\/v2\/posts\/11642"}],"collection":[{"href":"https:\/\/plancabanyal.es\/va\/wp-json\/wp\/v2\/posts"}],"about":[{"href":"https:\/\/plancabanyal.es\/va\/wp-json\/wp\/v2\/types\/post"}],"author":[{"embeddable":true,"href":"https:\/\/plancabanyal.es\/va\/wp-json\/wp\/v2\/users\/2"}],"replies":[{"embeddable":true,"href":"https:\/\/plancabanyal.es\/va\/wp-json\/wp\/v2\/comments?post=11642"}],"version-history":[{"count":3,"href":"https:\/\/plancabanyal.es\/va\/wp-json\/wp\/v2\/posts\/11642\/revisions"}],"predecessor-version":[{"id":11659,"href":"https:\/\/plancabanyal.es\/va\/wp-json\/wp\/v2\/posts\/11642\/revisions\/11659"}],"wp:featuredmedia":[{"embeddable":true,"href":"https:\/\/plancabanyal.es\/va\/wp-json\/wp\/v2\/media\/11645"}],"wp:attachment":[{"href":"https:\/\/plancabanyal.es\/va\/wp-json\/wp\/v2\/media?parent=11642"}],"wp:term":[{"taxonomy":"category","embeddable":true,"href":"https:\/\/plancabanyal.es\/va\/wp-json\/wp\/v2\/categories?post=11642"},{"taxonomy":"post_tag","embeddable":true,"href":"https:\/\/plancabanyal.es\/va\/wp-json\/wp\/v2\/tags?post=11642"}],"curies":[{"name":"wp","href":"https:\/\/api.w.org\/{rel}","templated":true}]}}