{"id":11517,"date":"2025-05-05T10:14:49","date_gmt":"2025-05-05T08:14:49","guid":{"rendered":"https:\/\/plancabanyal.es\/?p=11517"},"modified":"2025-05-06T11:43:11","modified_gmt":"2025-05-06T09:43:11","slug":"el-consell-prepara-una-nueva-norma-para-agilizar-la-adjudicacion-de-vivienda-publica-y-actualizar-criterios","status":"publish","type":"post","link":"https:\/\/plancabanyal.es\/va\/el-consell-prepara-una-nueva-norma-para-agilizar-la-adjudicacion-de-vivienda-publica-y-actualizar-criterios\/","title":{"rendered":"El Consell prepara una nova norma per a agilitzar l&#8217;adjudicaci\u00f3 de vivenda p\u00fablica i actualitzar criteris"},"content":{"rendered":"<div class=\"dateRedes\">\n<p>05\/05\/2025<\/p>\n<\/div>\n<p>&nbsp;<\/p>\n<ul>\n<li><strong>La llista de demandants aconseguix les 40.000 sol\u00b7licituds, per\u00f2 Conselleria assenyala que inclou peticions antigues i desfasades<\/strong><\/li>\n<\/ul>\n<p>&nbsp;<\/p>\n<p>L&#8217;actual crisi de la vivenda a Espanya est\u00e0 impedint l&#8217;acc\u00e9s a un immoble\u00a0a molts col\u00b7lectius, ja no sols vulnerables, sin\u00f3 tamb\u00e9 a fam\u00edlies amb sous mitjans. per\u00f2 amb poca capacitat d&#8217;estalvi. Els preus en el mercat lliure seguixen a l&#8217;al\u00e7a, mentres durant anys no es constru\u00efa vivenda de protecci\u00f3 p\u00fablica, m\u00e9s coneguda com a VPO, que ara comen\u00e7a a despertar. Una circumst\u00e0ncia que ha provocat que la demanda de vivenda al parc p\u00fablic haja crescut en els \u00faltims temps. No obstant aix\u00f2,\u00a0moltes d&#8217;estes peticions s\u00f3n de fam\u00edlies o unitats de conviv\u00e8ncia que van cursar la seua petici\u00f3\u00a0en el seu moment, per\u00f2 les seues circumst\u00e0ncies han canviat sense que s&#8217;haja notificat, per la qual cosa continuen constant com a demandants. Per aix\u00f2, la intenci\u00f3 de la Conselleria que dirigix\u00a0<strong>Susana Camarero<\/strong>\u00a0\u00e9s depurar el sistema per a con\u00e9ixer la demanda real i actual per a agilitzar els processos. I, per a aix\u00f2, prepara una nova norma que aspira a aclarir\u00a0els criteris i la regulaci\u00f3 de l&#8217;adjudicaci\u00f3 de les vivendes del parc p\u00fablic valenci\u00e0 per a fer una revisi\u00f3 peri\u00f2dica de les sol\u00b7licituds.<\/p>\n<p>L&#8217;objectiu \u00e9s tindre un registre actualitzat i net que reflectisca la situaci\u00f3 real i les necessitats de la societat. Aix\u00ed mateix, es vol donar major rapidesa al proc\u00e9s, ja que en este moment, un 50% de les sol\u00b7licituds no acaba en un contracte formalitzat. &#8220;El registre de demandants ha de ser depurat perqu\u00e8 no reflectix la demanda real&#8221;, explica a este peri\u00f2dic <strong>Estefan\u00eda Mart\u00ednez<\/strong>, directora general de l&#8217;<strong>Entitat\u00a0 Valenciana de Vivenda i S\u00f2l<\/strong> (EVha). D&#8217;ac\u00ed, que s&#8217;estiga treballant en una nova norma que regular\u00e0 el parc p\u00fablic de vivendes i les bases d&#8217;adjudicaci\u00f3. El text encara \u00e9s un esborrany, per\u00f2 es treballa per a poder traure&#8217;l i posar orde.<\/p>\n<p>&#8220;El problema \u00e9s que les sol\u00b7licituds\u00a0no estan\u00a0actualitzades\u00a0i pot ser que persones que\u00a0van demanar una vivenda fa anys ja hagen trobat treball, la seua situaci\u00f3 siga distinta i no vulguen una vivenda p\u00fablica, per\u00f2 continuen\u00a0constant en el registre. Cal fer un biaix, depurar i regular aix\u00f2 per a tindre els n\u00fameros ben articulats perqu\u00e8 ara mateix el 50% dels contractes no es formalitzen&#8221;, explica.\u00a0Per aix\u00f2, la intenci\u00f3 \u00e9s que el futur inventari incloga una revisi\u00f3 obligada cada sis mesos d&#8217;eixes sol\u00b7licituds per a estar &#8216;al dia&#8217;\u00a0i que decaiguen aquelles que en eixe temps ja no complisquen amb els requisits exigits.<\/p>\n<p>En este moment, hi ha\u00a040.000 sol\u00b7licituds en la Comunitat Valenciana, detalla Mart\u00ednez, de les quals prop de 22.000 s\u00f3n a la prov\u00edncia de Val\u00e8ncia, per\u00f2 insistix que gran part d&#8217;esta demanda est\u00e0 desfasada.<\/p>\n<p>&nbsp;<\/p>\n<p>L&#8217;actual\u00a0 registre, creat en la passada legislatura pel Consell del Bot\u00e0nic, i previst en la Llei de Funci\u00f3 Social de la Vivenda de 2017, permet la inscripci\u00f3 entorn de la unitat de conviv\u00e8ncia, formada per una persona o diverses sense necessitat de parentiu. Entre els requisits figura la necessitat de vivenda, no superar en 2,5 vegades l&#8217;IPREM (\u00edndex de renda de refer\u00e8ncia per a prestacions socials) o presentar una declaraci\u00f3 responsable. Com a situacions d&#8217;especial vulnerabilitat s&#8217;entendran fam\u00edlies monoparentals i les nombroses, v\u00edctimes de viol\u00e8ncia masclista, persones amb diversitat funcional o discapacitat superior al 33%, extutelats menors de 25 anys o afectats per desnonaments.<\/p>\n<p>L&#8217;assignaci\u00f3 arranca en el moment en el qual la EVha compta amb una nova vivenda, o b\u00e9 perqu\u00e8 l&#8217;ha incorporada al seu parc o perqu\u00e8 ha ven\u00e7ut el contracte anterior. L&#8217;immoble es repara i s&#8217;activa en el programa de InfoHabitatge. En funci\u00f3 de les seues caracter\u00edstiques i de l&#8217;orde de la llista de demandants es notifica a la unitat de conviv\u00e8ncia que resulta apta, d&#8217;acord amb el barem, i es fa una preassignaci\u00f3. Si eixa fam\u00edlia acredita que \u00e9s compatible i que la seua situaci\u00f3 complix amb els requisits s&#8217;adjudica. En cas que no siga aix\u00ed o que ja no la vulga perqu\u00e8 la seua situaci\u00f3 ha canviat, es torna a comen\u00e7ar el proc\u00e9s, la qual cosa demora el procediment.<\/p>\n<p>Per aix\u00f2, Mart\u00ednez def\u00e9n la necessitat que, de forma obligada, es revisen eixes sol\u00b7licituds, de manera que s&#8217;actualitzen les dades per a tindre un registre net. &#8220;Per tant, eixos 40.000 demandants que tenim no s\u00f3n reals\u00a0i, per aix\u00f2, estem treballant en un nou esborrany d&#8217;un text que regule el sistema d&#8217;adjudicaci\u00f3 del parc p\u00fablic de vivendes&#8221;, conclou.<\/p>\n<p>&nbsp;<\/p>\n<p>Font: <a href=\"https:\/\/valenciaplaza.com\/valenciaplaza\/comunitat-valenciana1\/la-generalitat-prepara-una-nueva-norma-para-regular-la-adjudicacion-de-viviendas-del-parque-publico\" target=\"_blank\" rel=\"noopener\">Valencia Plaza<\/a><\/p>\n<p>&nbsp;<\/p>\n<div><\/div>\n","protected":false},"excerpt":{"rendered":"<p>05\/05\/2025 &nbsp; La llista de demandants aconseguix les 40.000 sol\u00b7licituds, per\u00f2 Conselleria assenyala que inclou peticions antigues i desfasades &nbsp; [&hellip;]<\/p>\n","protected":false},"author":2,"featured_media":11520,"comment_status":"open","ping_status":"open","sticky":false,"template":"","format":"standard","meta":{"site-sidebar-layout":"default","site-content-layout":"","ast-site-content-layout":"","site-content-style":"default","site-sidebar-style":"default","ast-global-header-display":"","ast-banner-title-visibility":"","ast-main-header-display":"","ast-hfb-above-header-display":"","ast-hfb-below-header-display":"","ast-hfb-mobile-header-display":"","site-post-title":"","ast-breadcrumbs-content":"","ast-featured-img":"","footer-sml-layout":"","theme-transparent-header-meta":"","adv-header-id-meta":"","stick-header-meta":"","header-above-stick-meta":"","header-main-stick-meta":"","header-below-stick-meta":"","astra-migrate-meta-layouts":"default","ast-page-background-enabled":"default","ast-page-background-meta":{"desktop":{"background-color":"var(--ast-global-color-5)","background-image":"","background-repeat":"repeat","background-position":"center center","background-size":"auto","background-attachment":"scroll","background-type":"","background-media":"","overlay-type":"","overlay-color":"","overlay-opacity":"","overlay-gradient":""},"tablet":{"background-color":"","background-image":"","background-repeat":"repeat","background-position":"center center","background-size":"auto","background-attachment":"scroll","background-type":"","background-media":"","overlay-type":"","overlay-color":"","overlay-opacity":"","overlay-gradient":""},"mobile":{"background-color":"","background-image":"","background-repeat":"repeat","background-position":"center center","background-size":"auto","background-attachment":"scroll","background-type":"","background-media":"","overlay-type":"","overlay-color":"","overlay-opacity":"","overlay-gradient":""}},"ast-content-background-meta":{"desktop":{"background-color":"var(--ast-global-color-4)","background-image":"","background-repeat":"repeat","background-position":"center center","background-size":"auto","background-attachment":"scroll","background-type":"","background-media":"","overlay-type":"","overlay-color":"","overlay-opacity":"","overlay-gradient":""},"tablet":{"background-color":"var(--ast-global-color-4)","background-image":"","background-repeat":"repeat","background-position":"center center","background-size":"auto","background-attachment":"scroll","background-type":"","background-media":"","overlay-type":"","overlay-color":"","overlay-opacity":"","overlay-gradient":""},"mobile":{"background-color":"var(--ast-global-color-4)","background-image":"","background-repeat":"repeat","background-position":"center center","background-size":"auto","background-attachment":"scroll","background-type":"","background-media":"","overlay-type":"","overlay-color":"","overlay-opacity":"","overlay-gradient":""}}},"categories":[49,57,23],"tags":[],"acf":[],"_links":{"self":[{"href":"https:\/\/plancabanyal.es\/va\/wp-json\/wp\/v2\/posts\/11517"}],"collection":[{"href":"https:\/\/plancabanyal.es\/va\/wp-json\/wp\/v2\/posts"}],"about":[{"href":"https:\/\/plancabanyal.es\/va\/wp-json\/wp\/v2\/types\/post"}],"author":[{"embeddable":true,"href":"https:\/\/plancabanyal.es\/va\/wp-json\/wp\/v2\/users\/2"}],"replies":[{"embeddable":true,"href":"https:\/\/plancabanyal.es\/va\/wp-json\/wp\/v2\/comments?post=11517"}],"version-history":[{"count":3,"href":"https:\/\/plancabanyal.es\/va\/wp-json\/wp\/v2\/posts\/11517\/revisions"}],"predecessor-version":[{"id":11530,"href":"https:\/\/plancabanyal.es\/va\/wp-json\/wp\/v2\/posts\/11517\/revisions\/11530"}],"wp:featuredmedia":[{"embeddable":true,"href":"https:\/\/plancabanyal.es\/va\/wp-json\/wp\/v2\/media\/11520"}],"wp:attachment":[{"href":"https:\/\/plancabanyal.es\/va\/wp-json\/wp\/v2\/media?parent=11517"}],"wp:term":[{"taxonomy":"category","embeddable":true,"href":"https:\/\/plancabanyal.es\/va\/wp-json\/wp\/v2\/categories?post=11517"},{"taxonomy":"post_tag","embeddable":true,"href":"https:\/\/plancabanyal.es\/va\/wp-json\/wp\/v2\/tags?post=11517"}],"curies":[{"name":"wp","href":"https:\/\/api.w.org\/{rel}","templated":true}]}}