{"id":11495,"date":"2025-05-05T09:44:03","date_gmt":"2025-05-05T07:44:03","guid":{"rendered":"https:\/\/plancabanyal.es\/?p=11495"},"modified":"2025-05-06T11:28:20","modified_gmt":"2025-05-06T09:28:20","slug":"la-generalitat-expone-en-rebuild-el-proyecto-para-la-construccion-de-viviendas-industrializadas-en-la-zona-dana","status":"publish","type":"post","link":"https:\/\/plancabanyal.es\/va\/la-generalitat-expone-en-rebuild-el-proyecto-para-la-construccion-de-viviendas-industrializadas-en-la-zona-dana\/","title":{"rendered":"La Generalitat exposa en Rebuild el projecte per a la construcci\u00f3 de vivendes industrialitzades en la zona dana"},"content":{"rendered":"<div class=\"dateRedes\">\n<p>25\/04\/2025<\/p>\n<\/div>\n<ul>\n<li><strong>El secretari auton\u00f2mic de Vivenda, Sebasti\u00e1n Fern\u00e1ndez, subratlla que \u201cmentres el Govern central anuncia futuribles, la Generalitat avan\u00e7a en projectes reals\u201d<\/strong><\/li>\n<\/ul>\n<p>&nbsp;<\/p>\n<p>El secretari auton\u00f2mic de Vivenda, Sebasti\u00e1n Fern\u00e1ndez, ha presentat en Rebuild, la major fira a Europa de construcci\u00f3 industrialitzada celebrava a Madrid, el projecte de la Generalitat per a la construcci\u00f3 de vivendes industrialitzades en la zona afectada per la dana, que va anunciar la vicepresidenta Susana Camarero al mar\u00e7 amb una nova l\u00ednia de pressupostos que permetr\u00e0 la instal\u00b7laci\u00f3 de m\u00e9s de 250 vivendes en nous s\u00f2ls que ja s&#8217;estan analitzant des de l&#8217;Entitat Valenciana de Vivenda i S\u00f2l (EVha).<\/p>\n<p>Sebasti\u00e1n Fern\u00e1ndez ha destacat la import\u00e0ncia d&#8217;esta f\u00f3rmula de construcci\u00f3 \u201cper a donar resposta efica\u00e7 i r\u00e0pida a l&#8217;escassetat de vivenda i resoldre la necessitat d&#8217;aquelles persones que han vist afectada la seua vivenda per esta cat\u00e0strofe natural\u201d.<\/p>\n<p>Esta actuaci\u00f3 forma part del Pla de Vivenda Dana que ha impulsat la Generalitat, a trav\u00e9s de la Vicepresid\u00e8ncia Primera i Conselleria de Benestar Social, Igualtat i Vivenda. Este projecte de construcci\u00f3 de vivendes industrialitzades ja ha iniciat el seu desenrotllament amb la proposta de s\u00f2ls municipals i un pressupost de 25 milions d&#8217;euros, dels quals 15 milions provenen del Govern valenci\u00e0 i fins a 10 milions de fons europeus Next Generation.<\/p>\n<p>\u201cEste pla preveu ajudar a les persones afectades per la dana construint vivendes industrialitzades i s&#8217;emmarca en el Pla Viu Dana incl\u00f2s en el pressupost de 2025 dotat amb un pressupost total de 91,6 milions d&#8217;euros per al per\u00edode 2024-2027 i que t\u00e9 com a objectiu pal\u00b7liar els danys ocasionats per la riuada del passat 29 d&#8217;octubre\u201d, ha declarat Sebasti\u00e1n Fern\u00e1ndez.<\/p>\n<p>El secretari auton\u00f2mic ha criticat la \u201cfalta reiterada de comprom\u00eds per part del Govern d&#8217;Espanya, al qual la Generalitat ha sol\u00b7licitat ajuda i suport per al llan\u00e7ament d&#8217;un pla de vivenda industrialitzada en municipis Dana que permeta donar una resposta r\u00e0pida i urgent per a les persones afectades d&#8217;estos municipis i sempre ha sigut un no\u201d. \u201cAra ens trobem una altra vegada amb titulars sense consist\u00e8ncia, perqu\u00e8 mentres el Govern central anuncia futuribles, la Generalitat avan\u00e7a en projectes reals\u201d.<\/p>\n<p>En este punt, Fern\u00e1ndez ha recriminat que, \u201ccom era d&#8217;esperar perqu\u00e8 aix\u00ed ens tenen acostumats, el nou anunci del Govern d&#8217;Espanya ve acompanyat d&#8217;una falta absoluta, ja no sols de coordinaci\u00f3 amb el *Govern de la Generalitat sin\u00f3 fins i tot de la m\u00e9s b\u00e0sica informaci\u00f3 al respecte\u201d.<\/p>\n<p>\u201cEs tracta d&#8217;anuncis a llarg termini que no responen a les necessitats urgents que ara mateix tenen els ciutadans\u201d, ha lamentat el representant de Vivenda valenci\u00e0, qui ha indicat que \u201cno est\u00e0 en la l\u00ednia de l&#8217;ajuda a les persones que \u00e9s el que necessitem actualment ja que ni un sol euro de la inversi\u00f3 anunciada est\u00e0 dedicat directament a les persones que \u00e9s el que necessiten ara\u201d.<\/p>\n<p>\u201cDes de la Generalitat s\u00ed que tenim el focus posat en la urg\u00e8ncia i en la necessitat d&#8217;atendre els pobles afectats i l&#8217;exemple m\u00e9s factible \u00e9s la posada en marxa que ja hem realitzat d&#8217;un pla especial de construcci\u00f3 de vivendes industrialitzades que se situaran en diferents municipis afectats per la Dana amb el qual donar una resposta r\u00e0pida per a disposar de vivendes a les persones\u201d, ha asseverat.<\/p>\n<p>El secretari auton\u00f2mic de Vivenda ha participat, al costat de representants d&#8217;altres quatre comunitats aut\u00f2nomes, Andalusia, Cant\u00e0bria, Castella i Lle\u00f3 i Arag\u00f3, en una taula en la qual s&#8217;ha abordat el futur de la vivenda social i els nous models d&#8217;industrialitzaci\u00f3 per a la construcci\u00f3 de vivendes.<\/p>\n<p>Rebuild s&#8217;ha convertit en el principal esdeveniment que impulsa i promou l&#8217;evoluci\u00f3 en la forma en qu\u00e8 es constru\u00efxen edificis. Esta transformaci\u00f3 es consolidar\u00e0 en els pr\u00f2xims anys gr\u00e0cies a l&#8217;adopci\u00f3 de pr\u00e0ctiques m\u00e9s industrialitzades, la integraci\u00f3 de tecnologia digital, l&#8217;\u00e8mfasi en el disseny i la implementaci\u00f3 de solucions sostenibles.<\/p>\n<p>&nbsp;<\/p>\n<p>Font: <a href=\"https:\/\/www.evha.es\/portal\/castellano\/prensa.php\" target=\"_blank\" rel=\"noopener\">Premsa EVha<\/a><\/p>\n<p>&nbsp;<\/p>\n<div><\/div>\n","protected":false},"excerpt":{"rendered":"<p>25\/04\/2025 El secretari auton\u00f2mic de Vivenda, Sebasti\u00e1n Fern\u00e1ndez, subratlla que \u201cmentres el Govern central anuncia futuribles, la Generalitat avan\u00e7a en [&hellip;]<\/p>\n","protected":false},"author":2,"featured_media":11498,"comment_status":"open","ping_status":"open","sticky":false,"template":"","format":"standard","meta":{"site-sidebar-layout":"default","site-content-layout":"","ast-site-content-layout":"","site-content-style":"default","site-sidebar-style":"default","ast-global-header-display":"","ast-banner-title-visibility":"","ast-main-header-display":"","ast-hfb-above-header-display":"","ast-hfb-below-header-display":"","ast-hfb-mobile-header-display":"","site-post-title":"","ast-breadcrumbs-content":"","ast-featured-img":"","footer-sml-layout":"","theme-transparent-header-meta":"","adv-header-id-meta":"","stick-header-meta":"","header-above-stick-meta":"","header-main-stick-meta":"","header-below-stick-meta":"","astra-migrate-meta-layouts":"default","ast-page-background-enabled":"default","ast-page-background-meta":{"desktop":{"background-color":"var(--ast-global-color-5)","background-image":"","background-repeat":"repeat","background-position":"center center","background-size":"auto","background-attachment":"scroll","background-type":"","background-media":"","overlay-type":"","overlay-color":"","overlay-opacity":"","overlay-gradient":""},"tablet":{"background-color":"","background-image":"","background-repeat":"repeat","background-position":"center center","background-size":"auto","background-attachment":"scroll","background-type":"","background-media":"","overlay-type":"","overlay-color":"","overlay-opacity":"","overlay-gradient":""},"mobile":{"background-color":"","background-image":"","background-repeat":"repeat","background-position":"center center","background-size":"auto","background-attachment":"scroll","background-type":"","background-media":"","overlay-type":"","overlay-color":"","overlay-opacity":"","overlay-gradient":""}},"ast-content-background-meta":{"desktop":{"background-color":"var(--ast-global-color-4)","background-image":"","background-repeat":"repeat","background-position":"center center","background-size":"auto","background-attachment":"scroll","background-type":"","background-media":"","overlay-type":"","overlay-color":"","overlay-opacity":"","overlay-gradient":""},"tablet":{"background-color":"var(--ast-global-color-4)","background-image":"","background-repeat":"repeat","background-position":"center center","background-size":"auto","background-attachment":"scroll","background-type":"","background-media":"","overlay-type":"","overlay-color":"","overlay-opacity":"","overlay-gradient":""},"mobile":{"background-color":"var(--ast-global-color-4)","background-image":"","background-repeat":"repeat","background-position":"center center","background-size":"auto","background-attachment":"scroll","background-type":"","background-media":"","overlay-type":"","overlay-color":"","overlay-opacity":"","overlay-gradient":""}}},"categories":[49,57,23],"tags":[],"acf":[],"_links":{"self":[{"href":"https:\/\/plancabanyal.es\/va\/wp-json\/wp\/v2\/posts\/11495"}],"collection":[{"href":"https:\/\/plancabanyal.es\/va\/wp-json\/wp\/v2\/posts"}],"about":[{"href":"https:\/\/plancabanyal.es\/va\/wp-json\/wp\/v2\/types\/post"}],"author":[{"embeddable":true,"href":"https:\/\/plancabanyal.es\/va\/wp-json\/wp\/v2\/users\/2"}],"replies":[{"embeddable":true,"href":"https:\/\/plancabanyal.es\/va\/wp-json\/wp\/v2\/comments?post=11495"}],"version-history":[{"count":4,"href":"https:\/\/plancabanyal.es\/va\/wp-json\/wp\/v2\/posts\/11495\/revisions"}],"predecessor-version":[{"id":11526,"href":"https:\/\/plancabanyal.es\/va\/wp-json\/wp\/v2\/posts\/11495\/revisions\/11526"}],"wp:featuredmedia":[{"embeddable":true,"href":"https:\/\/plancabanyal.es\/va\/wp-json\/wp\/v2\/media\/11498"}],"wp:attachment":[{"href":"https:\/\/plancabanyal.es\/va\/wp-json\/wp\/v2\/media?parent=11495"}],"wp:term":[{"taxonomy":"category","embeddable":true,"href":"https:\/\/plancabanyal.es\/va\/wp-json\/wp\/v2\/categories?post=11495"},{"taxonomy":"post_tag","embeddable":true,"href":"https:\/\/plancabanyal.es\/va\/wp-json\/wp\/v2\/tags?post=11495"}],"curies":[{"name":"wp","href":"https:\/\/api.w.org\/{rel}","templated":true}]}}