{"id":11480,"date":"2025-04-29T13:34:55","date_gmt":"2025-04-29T11:34:55","guid":{"rendered":"https:\/\/plancabanyal.es\/?p=11480"},"modified":"2025-04-29T13:41:33","modified_gmt":"2025-04-29T11:41:33","slug":"un-millon-de-euros-para-renovar-el-alumbrado-publico-de-los-barrios-de-la-malva-rosa-torrefiel-y-el-cabanyal","status":"publish","type":"post","link":"https:\/\/plancabanyal.es\/va\/un-millon-de-euros-para-renovar-el-alumbrado-publico-de-los-barrios-de-la-malva-rosa-torrefiel-y-el-cabanyal\/","title":{"rendered":"Un mili\u00f3 d&#8217;euros per a renovar l&#8217;enllumenat p\u00fablic dels barris de la Malva-rosa, Torrefiel i el Cabanyal"},"content":{"rendered":"<div class=\"dateRedes\">\n<p>25\/04\/2025<\/p>\n<\/div>\n<p>&nbsp;<\/p>\n<ul>\n<li><strong>La Junta de Govern acorda l&#8217;adjudicaci\u00f3 del contracte per a la millora d&#8217;este servici<\/strong><\/li>\n<\/ul>\n<ul>\n<li><strong>534 noves llumin\u00e0ries amb tecnologia LED substituiran antics b\u00e0culs de carretera i fanals obsolets<\/strong><\/li>\n<\/ul>\n<p>&nbsp;<\/p>\n<p>L&#8217;Ajuntament ha impulsat hui la renovaci\u00f3 i millora de l&#8217;enllumenat p\u00fablic de la Malva-rosa i El Cabanyal, en el districte de Poblats Mar\u00edtims, i del Torrefiel, en Rascanya, en adjudicar el contracte per a la instal\u00b7laci\u00f3 de 534 noves llums amb tecnologia LED i el subministrament de l&#8217;esmentat servici d&#8217;il\u00b7luminaci\u00f3.<\/p>\n<p>La intervenci\u00f3, que s&#8217;executar\u00e0 en tres mesos, amb un pressupost total de vora un mili\u00f3 d&#8217;euros (950.470,60 \u20ac), preveu la substituci\u00f3 dels antics b\u00e0culs de carretera i fanals obsolets dels carrers i places d&#8217;estos barris, per nous fanals i bra\u00e7os de fa\u00e7ana. Tamb\u00e9 inclou la instal\u00b7laci\u00f3 de controladors per a la gesti\u00f3 remota de l&#8217;enllumenat per a aconseguir \u201cun alt rendiment llumin\u00f3s i un menor consum d&#8217;energia\u201d.<\/p>\n<p>La Junta de Govern ha acordat atorgar este contracte a dos empreses en tres lots. La mercantil ImesAPI S.A s&#8217;encarregar\u00e0, amb una partida de 345.866,42 euros, de la renovaci\u00f3 i millora de l&#8217;enllumenat p\u00fablic de part de la Malva-rosa; mentre que la Societat Ib\u00e8rica de Construccions El\u00e8ctriques S.A intervindr\u00e0, amb 306.169,78 euros en altres ubicacions d&#8217;este barri, i amb 298.434,40 euros, a Torrefiel i El Cabanyal.<\/p>\n<p>Concretament, en la Malva-rosa es renovar\u00e0 la il\u00b7luminaci\u00f3 de les places Cronista Francesc Momblanch i Llibertador Sim\u00f3n Bol\u00edvar i els carrers Gran Can\u00e0ria, Beat Juan Grande, Doctor \u00c1lvaro L\u00f3pez, Enginyer Fausto El\u00edo, Mendiz\u00e1bal, Enginyer Manuel Maese, Font d\u2019en Carr\u00f2s, Vicent la Roda, Sant Rafael, Sant Joan de D\u00e9u i Riu Tajo.<\/p>\n<p>Els canvis de l&#8217;enllumenat p\u00fablic de Torrefiel es materialitzaran en l&#8217;avinguda de la Constituci\u00f3, des de la bifurcaci\u00f3 amb el carrer Comte de Lumiares fins a l&#8217;encreuament amb l&#8217;avinguda Germans Machado i carrers adjacents. I en El Cabanyal-Canyamelar l&#8217;Ajuntament millorar\u00e0 la il\u00b7luminaci\u00f3 de les Mar\u00ed Blas de Lezo i Llu\u00eds Peix\u00f3.<\/p>\n<p>En l&#8217;acord de la Junta de Govern consta que l&#8217;objectiu d&#8217;esta actuaci\u00f3 municipal \u00e9s \u201creduir el consum d&#8217;energia el\u00e8ctrica de la instal\u00b7laci\u00f3 p\u00fablica\u201d, i a este efecte es programaran les llumin\u00e0ries de LED segons la seg\u00fcent corba d&#8217;encesa: fins a les 22.00 hores amb el 100% de la pot\u00e8ncia nominal; des de les 22.00 i fins a les 00.00 hores amb el 80% i a partir de les 00.00 hores amb el 50%.<\/p>\n<p>&nbsp;<\/p>\n<p>Font: <a href=\"https:\/\/www.valencia.es\/val\/actualitat\/-\/content\/mejora-iluminaci%C3%B3n-p%C3%BAblica-malva-rosa-torrefiel-y-el-cabanyal\" target=\"_blank\" rel=\"noopener\">Actualitat Ajuntament de Val\u00e8ncia<\/a><\/p>\n<p>&nbsp;<\/p>\n<div><\/div>\n","protected":false},"excerpt":{"rendered":"<p>25\/04\/2025 &nbsp; La Junta de Govern acorda l&#8217;adjudicaci\u00f3 del contracte per a la millora d&#8217;este servici 534 noves llumin\u00e0ries amb [&hellip;]<\/p>\n","protected":false},"author":2,"featured_media":11483,"comment_status":"open","ping_status":"open","sticky":false,"template":"","format":"standard","meta":{"site-sidebar-layout":"default","site-content-layout":"","ast-site-content-layout":"","site-content-style":"default","site-sidebar-style":"default","ast-global-header-display":"","ast-banner-title-visibility":"","ast-main-header-display":"","ast-hfb-above-header-display":"","ast-hfb-below-header-display":"","ast-hfb-mobile-header-display":"","site-post-title":"","ast-breadcrumbs-content":"","ast-featured-img":"","footer-sml-layout":"","theme-transparent-header-meta":"","adv-header-id-meta":"","stick-header-meta":"","header-above-stick-meta":"","header-main-stick-meta":"","header-below-stick-meta":"","astra-migrate-meta-layouts":"default","ast-page-background-enabled":"default","ast-page-background-meta":{"desktop":{"background-color":"var(--ast-global-color-5)","background-image":"","background-repeat":"repeat","background-position":"center center","background-size":"auto","background-attachment":"scroll","background-type":"","background-media":"","overlay-type":"","overlay-color":"","overlay-opacity":"","overlay-gradient":""},"tablet":{"background-color":"","background-image":"","background-repeat":"repeat","background-position":"center center","background-size":"auto","background-attachment":"scroll","background-type":"","background-media":"","overlay-type":"","overlay-color":"","overlay-opacity":"","overlay-gradient":""},"mobile":{"background-color":"","background-image":"","background-repeat":"repeat","background-position":"center center","background-size":"auto","background-attachment":"scroll","background-type":"","background-media":"","overlay-type":"","overlay-color":"","overlay-opacity":"","overlay-gradient":""}},"ast-content-background-meta":{"desktop":{"background-color":"var(--ast-global-color-4)","background-image":"","background-repeat":"repeat","background-position":"center center","background-size":"auto","background-attachment":"scroll","background-type":"","background-media":"","overlay-type":"","overlay-color":"","overlay-opacity":"","overlay-gradient":""},"tablet":{"background-color":"var(--ast-global-color-4)","background-image":"","background-repeat":"repeat","background-position":"center center","background-size":"auto","background-attachment":"scroll","background-type":"","background-media":"","overlay-type":"","overlay-color":"","overlay-opacity":"","overlay-gradient":""},"mobile":{"background-color":"var(--ast-global-color-4)","background-image":"","background-repeat":"repeat","background-position":"center center","background-size":"auto","background-attachment":"scroll","background-type":"","background-media":"","overlay-type":"","overlay-color":"","overlay-opacity":"","overlay-gradient":""}}},"categories":[49,57,23],"tags":[],"acf":[],"_links":{"self":[{"href":"https:\/\/plancabanyal.es\/va\/wp-json\/wp\/v2\/posts\/11480"}],"collection":[{"href":"https:\/\/plancabanyal.es\/va\/wp-json\/wp\/v2\/posts"}],"about":[{"href":"https:\/\/plancabanyal.es\/va\/wp-json\/wp\/v2\/types\/post"}],"author":[{"embeddable":true,"href":"https:\/\/plancabanyal.es\/va\/wp-json\/wp\/v2\/users\/2"}],"replies":[{"embeddable":true,"href":"https:\/\/plancabanyal.es\/va\/wp-json\/wp\/v2\/comments?post=11480"}],"version-history":[{"count":3,"href":"https:\/\/plancabanyal.es\/va\/wp-json\/wp\/v2\/posts\/11480\/revisions"}],"predecessor-version":[{"id":11490,"href":"https:\/\/plancabanyal.es\/va\/wp-json\/wp\/v2\/posts\/11480\/revisions\/11490"}],"wp:featuredmedia":[{"embeddable":true,"href":"https:\/\/plancabanyal.es\/va\/wp-json\/wp\/v2\/media\/11483"}],"wp:attachment":[{"href":"https:\/\/plancabanyal.es\/va\/wp-json\/wp\/v2\/media?parent=11480"}],"wp:term":[{"taxonomy":"category","embeddable":true,"href":"https:\/\/plancabanyal.es\/va\/wp-json\/wp\/v2\/categories?post=11480"},{"taxonomy":"post_tag","embeddable":true,"href":"https:\/\/plancabanyal.es\/va\/wp-json\/wp\/v2\/tags?post=11480"}],"curies":[{"name":"wp","href":"https:\/\/api.w.org\/{rel}","templated":true}]}}