{"id":11471,"date":"2025-04-29T13:32:14","date_gmt":"2025-04-29T11:32:14","guid":{"rendered":"https:\/\/plancabanyal.es\/?p=11471"},"modified":"2025-04-29T13:44:39","modified_gmt":"2025-04-29T11:44:39","slug":"el-ayuntamiento-invita-a-la-ciudadania-para-que-decida-como-invertir-16-millones-de-euros","status":"publish","type":"post","link":"https:\/\/plancabanyal.es\/va\/el-ayuntamiento-invita-a-la-ciudadania-para-que-decida-como-invertir-16-millones-de-euros\/","title":{"rendered":"L&#8217;Ajuntament convida la ciutadania perqu\u00e8 decidisca com invertir 16 milions d&#8217;euros"},"content":{"rendered":"<div class=\"dateRedes\">\n<p>25\/04\/2025<\/p>\n<\/div>\n<p>&nbsp;<\/p>\n<ul>\n<li><strong>La iniciativa \u2018VLCParticipa\u2019 distribuir\u00e0 la seua partida entre els 19 districtes de la ciutat, amb una assignaci\u00f3 inicial de 160.000 euros per a cada un<\/strong><\/li>\n<\/ul>\n<ul>\n<li><strong>La regidora Julia Climent presenta el nou format d&#8217;este proc\u00e9s participatiu que \u201csimplifica el procediment, amb una web m\u00e9s senzilla, campanyes informatives per a incentivar la participaci\u00f3 i vot presencial\u201d<\/strong><\/li>\n<\/ul>\n<ul>\n<li><strong>El proc\u00e9s, que es pot seguir en la web\u00a0<a href=\"https:\/\/decidimvlc.valencia.es\/?locale=val\" data-insuit-uuid=\"3e9a12f4-f12a-4f15-84b9-8fff44ab7095\">valencia.es<\/a>\u00a0comen\u00e7a el dimarts 29 d&#8217;abril, es desenrotlla en quatre fases i en l&#8217;\u00faltima habilita el vot en contra \u201cque permetr\u00e0 detectar possibles rebutjos socials abans d&#8217;executar un projecte\u201d<\/strong><\/li>\n<\/ul>\n<p>&nbsp;<\/p>\n<p>El ve\u00efnat de la ciutat disposa de 16 milions d&#8217;euros del Pressupost Municipal per a convertir les idees d&#8217;inversions en realitat i participar en la construcci\u00f3 i transformaci\u00f3 de Val\u00e8ncia. Esta \u00e9s la partida, bianual, que l&#8217;Ajuntament ha reservat per al desenrotllament del nou format dels pressupostos participatius. El proc\u00e9s ara es denomina \u2018VLCParticipa\u2019 \u201ci pret\u00e9n implicar molt m\u00e9s la ciutadania, amb una web m\u00e9s senzilla, campanyes informatives per a incentivar la participaci\u00f3 i vot presencial\u201d.<\/p>\n<p>La regidora de Recursos Humans i T\u00e8cnics, Participaci\u00f3 i Acci\u00f3 Ve\u00efnal i Pedanies, Julia Climent, ha presentat hui esta iniciativa que es pot seguir en la web\u00a0<a href=\"https:\/\/decidimvlc.valencia.es\/?locale=val\" data-insuit-uuid=\"5fb78509-005f-4baa-8113-8c8b51948c61\">vlcparticipa.valencia.es<\/a>\u00a0i es desenvolupar\u00e0, a partir del pr\u00f2xim dimarts, 29 d&#8217;abril, en quatre fases. En \u00faltima, com a novetat, s&#8217;habilitar\u00e0 el vot en contra \u201cque permetr\u00e0 detectar possibles rebutjos socials abans d&#8217;executar un projecte\u201d.<\/p>\n<p>\u201cTractem de donar-li un nou impuls als pressupostos participatius per a arribar a m\u00e9s gent i per a aix\u00f2 introdu\u00efm importants novetats orientades a avan\u00e7ar en la participaci\u00f3 ciutadana, i canvis necessaris i meditats durant molt de temps per a arribar molt m\u00e9s lluny en la implicaci\u00f3 de la ciutadania a l&#8217;hora de decidir la destinaci\u00f3 de les inversions municipals\u201d, ha manifestat l&#8217;edil, despr\u00e9s d&#8217;indicar que \u201cper a introduir els canvis s&#8217;han analitzat altres models d&#8217;\u00e8xit en ciutats espanyoles o portugueses com Cascais\u201d.<\/p>\n<p>\u201cA partir d&#8217;ara, parlem de \u2018VLCParticipa\u2019. Per\u00f2, no es tracta nom\u00e9s d&#8217;un canvi de nom, hem redissenyat per complet la imatge del proc\u00e9s participatiu perqu\u00e8 apostem per un concepte creatiu, modern, \u00fanic i ple de color amb la finalitat que cada persona, visca on viva, se senta reflectida, implicada i protagonista. Que senta que este projecte tamb\u00e9 parla d&#8217;ella, del seu barri i de la seua gent\u201d, ha destacat l&#8217;edil.<\/p>\n<p>En este marc, l&#8217;Ajuntament llan\u00e7ar\u00e0 en els pr\u00f2xims dies \u201cuna campanya inclusiva, amb missatges que calen en tots els grups socials, amb un llenguatge pr\u00f2xim, directe i accessible. Una campanya per a arribar m\u00e9s i millor a la gent\u201d. \u201cI \u00e9s que el nostre principal objectiu amb esta edici\u00f3 \u00e9s clar: Volem Aconseguir que els Pressupostos Participatius arriben a tots els barris i districtes de Val\u00e8ncia\u201d, ha reiterat.<\/p>\n<p>&nbsp;<\/p>\n<p><strong>Novetats del proc\u00e9s<\/strong><\/p>\n<p>Julia Climent ha indicat que per a aconseguir este objectiu, l&#8217;Ajuntament ha introdu\u00eft novetats: \u201cS&#8217;ha simplificat el procediment de presentaci\u00f3 de propostes per la ciutadania, directament a trav\u00e9s de la nova web VLC Participa, sense necessitat d&#8217;un registre previ per a participar, ja que nom\u00e9s cal introduir dades relatives a l&#8217;empadronament il&#8217;edat, \u201ci d&#8217;esta manera, es corregix una dificultat d&#8217;anteriors edicions\u201d.<\/p>\n<p>\u2018VLCParticipa\u2019 tamb\u00e9 compta amb un nou disseny de web municipal, \u201cm\u00e9s senzilla, transparent i intu\u00eftiva, perqu\u00e8 el seu \u00fas siga m\u00e9s f\u00e0cil i fluid, millorant l&#8217;accessibilitat a la informaci\u00f3 necess\u00e0ria per a la presentaci\u00f3 de propostes i el seguiment d&#8217;estes\u201d.<\/p>\n<p>D&#8217;altra banda, es reforcen les campanyes informatives i, de manera especial, en aquells barris que menys propostes d&#8217;inversi\u00f3 han plantejat en anteriors edicions, \u201camb una estrat\u00e8gia de difusi\u00f3 espec\u00edfica, tant digital com presencial, per a arribar a un p\u00fablic m\u00e9s ampli i divers en estos barris\u201d. \u201cA m\u00e9s, es facilitaran assist\u00e8ncies t\u00e8cniques a les persones o entitats que ho sol\u00b7liciten per a ajudar-los a participar en qualsevol de les fases del proc\u00e9s\u201d, ha afegit Climent.<\/p>\n<p>Aix\u00ed mateix, la iniciativa recupera el vot presencial, \u201cque existia en les primeres edicions i era facilitava la participaci\u00f3 d&#8217;algunes persones, especialment les majors\u201d, a m\u00e9s del telem\u00e0tic, amb llocs habilitats a este efecte durant el per\u00edode de votacions, dels quals s&#8217;informar\u00e0 complidament quan es publiquen les dates de la votaci\u00f3, a partir del mes de setembre.<\/p>\n<p>\u201cTamb\u00e8 s&#8217;acurtaran els temps\u201d, ha continuat la regidora, qui ha assegurat que totes les novetats &#8220;van orientades a facilitar, incentivar i motivar la participaci\u00f3 de la ciutadania, ampliant la informaci\u00f3 i la difusi\u00f3, simplificant el proc\u00e9s, facilitant la votaci\u00f3 i, sobretot, executant amb major celeritat les propostes finalment aprovades, a fi de donar una resposta efica\u00e7 a les expectatives dels qui participen en el proc\u00e9s\u201d.<\/p>\n<p>&nbsp;<\/p>\n<p><strong>Quatre fases<\/strong><\/p>\n<p>Pel que respecta al temps del proc\u00e9s, que arranca el dimarts, estar\u00e0 compost per quatre fases \u201cben definides, pensades per a facilitar la participaci\u00f3 en cada moment\u201d. La primera, de recollida de propostes, es desenrotllar\u00e0 del 29 d&#8217;abril al 31 de maig. En este per\u00edode la ciutadania presentar\u00e0 idees per a millorar els seus barris i satisfer les seues necessitats. Podr\u00e0 participar qualsevol persona major d&#8217;edat, aix\u00ed com entitats i col\u00b7lectius registrats. I cada proposta de projecte d&#8217;inversi\u00f3 haur\u00e0 de rebre el suport de 100 persones perqu\u00e8 siga estudiada pels servicis t\u00e8cnics municipals.<\/p>\n<p>En la segona fase, la de suports, se celebrar\u00e0 entre l&#8217;1 i el 22 de juny. Cada persona podr\u00e0 secundar fins a 5 projectes presentats tant per la ciutadania com per l&#8217;Ajuntament de Val\u00e8ncia.<\/p>\n<p>Durant la tercera fase, de validaci\u00f3 interna, que s&#8217;ha agendat entre el 23 de juny i fins a setembre, l&#8217;Ajuntament estudiar\u00e0 la viabilitat t\u00e8cnica i econ\u00f2mica de les propostes m\u00e9s secundades. \u201cS&#8217;analitzar\u00e0, per exemple, el cost, perqu\u00e8 no supere l&#8217;assignaci\u00f3 que es destina al districte, que el projecte siga compet\u00e8ncia municipal i no entre en conflicte amb altres intervencions, que complisca la normativa vigent, aix\u00ed com perdurable en el temps\u201d, ha aclarit la regidora.<\/p>\n<p>Les propostes viables que hagen rebut m\u00e9s de 200 suports en la segona fase passaran a votaci\u00f3 ciutadana. Els projectes m\u00e9s votats en esta fase seran executats fins a completar el pressupost previst. Finalment, en l&#8217;\u00faltima fase, a partir de setembre, tota Val\u00e8ncia votar\u00e0 les propostes finalistes. I les m\u00e9s votades seran executades.<\/p>\n<p>En este punt, Julia Ciment ha destacat una \u201cnovetat important\u201d que \u00e9s el vot en contra, \u201cque existix i funciona en altres grans ciutats\u201d. \u201cFins ara, la ciutadania nom\u00e9s podia votar aquelles propostes que volia que es dugueren a terme. Per\u00f2 enguany, per primera vegada, tamb\u00e9 es podr\u00e0 expressar el rebuig a propostes concretes, i este nou enfocament aporta m\u00e9s matisos al proc\u00e9s, permet detectar possibles rebutjos socials abans d&#8217;executar projectes i enriquix la democr\u00e0cia participativa amb m\u00e9s opcions de decisi\u00f3\u201d, ha explicat.<\/p>\n<p>Finalment, Julia Climent ha destacat que amb este proc\u00e9s \u201cl&#8217;Ajuntament demostra el seu comprom\u00eds amb una participaci\u00f3 ciutadana que vol que siga real, transformadora i amb impacte en la vida quotidiana de les persones\u201d.<\/p>\n<p>Segons consta en les bases de la convocat\u00f2ria, per al c\u00e0lcul de la distribuci\u00f3 pressupost\u00e0ria de les propostes d&#8217;inversi\u00f3 per districtes i pedanies, l&#8217;Oficina d&#8217;Estad\u00edstica de l&#8217;Ajuntament de Val\u00e8ncia ha calculat una assignaci\u00f3 inicial de 160.000\u202f\u20ac per districte. A m\u00e9s, als districtes 17, 18 i 19 se&#8217;ls ha assignat una quantitat que almenys iguale la rebuda en l&#8217;edici\u00f3 anterior de pressupostos participatius, per ser els \u00fanics que veien minvada la seua distribuci\u00f3 sobre la base del nou repartiment. Aix\u00f2 suposa una assignaci\u00f3 inicial total de 4.522.569\u202f\u20ac. La resta del pressupost a assignar (11.477.431\u202f\u20ac) s&#8217;ha repartit equitativament en funci\u00f3 de criteris de proporcionalitat de poblaci\u00f3 empadronada de 16 o m\u00e9s anys i inversament proporcional a la renda mitjana del districte.<\/p>\n<p>\u201cVolem una ciutat constru\u00efda entre totes i tots, perqu\u00e8 la Val\u00e8ncia que volem nom\u00e9s pot construir-se al costat de les persones que viuen en ella\u201d. Per esta ra\u00f3, l&#8217;Ajuntament s&#8217;ha posat en contacte amb entitats, associacions ve\u00efnals, col\u00b7legis, i instituts perqu\u00e8 plantegen idees interessants i ha comen\u00e7at a distribuir l&#8217;anomenada &#8216;caixa de participaci\u00f3&#8217; que inclou informaci\u00f3 sobretot el proc\u00e9s\u201d.<\/p>\n<p>Respecte a les anteriors edicions, la regidora ha recordat que &#8220;el govern actual es va trobar amb 259 projectes sense executar\u201d, i ha assegurat que &#8220;nom\u00e9s queden pendents 100, la resta s&#8217;estan executats o en licitaci\u00f3&#8221;. \u201cHem avan\u00e7at en el nombre de projectes pendents, uns altres eren inviables per diferents raons com, per exemple, la de la instal\u00b7laci\u00f3 de lavabos a les platges, perqu\u00e8 \u00e9s una compet\u00e8ncia de Costas\u201d, ha concl\u00f2s.<\/p>\n<p>&nbsp;<\/p>\n<p>Font: <a href=\"https:\/\/www.valencia.es\/val\/actualitat\/-\/content\/presupuestos-participativos-vlcparticipa\" target=\"_blank\" rel=\"noopener\">Actualitat Ajuntament de Val\u00e8ncia<\/a><\/p>\n<p>&nbsp;<\/p>\n<div><\/div>\n","protected":false},"excerpt":{"rendered":"<p>25\/04\/2025 &nbsp; La iniciativa \u2018VLCParticipa\u2019 distribuir\u00e0 la seua partida entre els 19 districtes de la ciutat, amb una assignaci\u00f3 inicial [&hellip;]<\/p>\n","protected":false},"author":2,"featured_media":11474,"comment_status":"open","ping_status":"open","sticky":false,"template":"","format":"standard","meta":{"site-sidebar-layout":"default","site-content-layout":"","ast-site-content-layout":"","site-content-style":"default","site-sidebar-style":"default","ast-global-header-display":"","ast-banner-title-visibility":"","ast-main-header-display":"","ast-hfb-above-header-display":"","ast-hfb-below-header-display":"","ast-hfb-mobile-header-display":"","site-post-title":"","ast-breadcrumbs-content":"","ast-featured-img":"","footer-sml-layout":"","theme-transparent-header-meta":"","adv-header-id-meta":"","stick-header-meta":"","header-above-stick-meta":"","header-main-stick-meta":"","header-below-stick-meta":"","astra-migrate-meta-layouts":"default","ast-page-background-enabled":"default","ast-page-background-meta":{"desktop":{"background-color":"var(--ast-global-color-5)","background-image":"","background-repeat":"repeat","background-position":"center center","background-size":"auto","background-attachment":"scroll","background-type":"","background-media":"","overlay-type":"","overlay-color":"","overlay-opacity":"","overlay-gradient":""},"tablet":{"background-color":"","background-image":"","background-repeat":"repeat","background-position":"center center","background-size":"auto","background-attachment":"scroll","background-type":"","background-media":"","overlay-type":"","overlay-color":"","overlay-opacity":"","overlay-gradient":""},"mobile":{"background-color":"","background-image":"","background-repeat":"repeat","background-position":"center center","background-size":"auto","background-attachment":"scroll","background-type":"","background-media":"","overlay-type":"","overlay-color":"","overlay-opacity":"","overlay-gradient":""}},"ast-content-background-meta":{"desktop":{"background-color":"var(--ast-global-color-4)","background-image":"","background-repeat":"repeat","background-position":"center center","background-size":"auto","background-attachment":"scroll","background-type":"","background-media":"","overlay-type":"","overlay-color":"","overlay-opacity":"","overlay-gradient":""},"tablet":{"background-color":"var(--ast-global-color-4)","background-image":"","background-repeat":"repeat","background-position":"center center","background-size":"auto","background-attachment":"scroll","background-type":"","background-media":"","overlay-type":"","overlay-color":"","overlay-opacity":"","overlay-gradient":""},"mobile":{"background-color":"var(--ast-global-color-4)","background-image":"","background-repeat":"repeat","background-position":"center center","background-size":"auto","background-attachment":"scroll","background-type":"","background-media":"","overlay-type":"","overlay-color":"","overlay-opacity":"","overlay-gradient":""}}},"categories":[49,57,23],"tags":[],"acf":[],"_links":{"self":[{"href":"https:\/\/plancabanyal.es\/va\/wp-json\/wp\/v2\/posts\/11471"}],"collection":[{"href":"https:\/\/plancabanyal.es\/va\/wp-json\/wp\/v2\/posts"}],"about":[{"href":"https:\/\/plancabanyal.es\/va\/wp-json\/wp\/v2\/types\/post"}],"author":[{"embeddable":true,"href":"https:\/\/plancabanyal.es\/va\/wp-json\/wp\/v2\/users\/2"}],"replies":[{"embeddable":true,"href":"https:\/\/plancabanyal.es\/va\/wp-json\/wp\/v2\/comments?post=11471"}],"version-history":[{"count":4,"href":"https:\/\/plancabanyal.es\/va\/wp-json\/wp\/v2\/posts\/11471\/revisions"}],"predecessor-version":[{"id":11491,"href":"https:\/\/plancabanyal.es\/va\/wp-json\/wp\/v2\/posts\/11471\/revisions\/11491"}],"wp:featuredmedia":[{"embeddable":true,"href":"https:\/\/plancabanyal.es\/va\/wp-json\/wp\/v2\/media\/11474"}],"wp:attachment":[{"href":"https:\/\/plancabanyal.es\/va\/wp-json\/wp\/v2\/media?parent=11471"}],"wp:term":[{"taxonomy":"category","embeddable":true,"href":"https:\/\/plancabanyal.es\/va\/wp-json\/wp\/v2\/categories?post=11471"},{"taxonomy":"post_tag","embeddable":true,"href":"https:\/\/plancabanyal.es\/va\/wp-json\/wp\/v2\/tags?post=11471"}],"curies":[{"name":"wp","href":"https:\/\/api.w.org\/{rel}","templated":true}]}}