{"id":10681,"date":"2025-01-27T09:48:11","date_gmt":"2025-01-27T08:48:11","guid":{"rendered":"https:\/\/plancabanyal.es\/?p=10681"},"modified":"2025-01-27T09:51:06","modified_gmt":"2025-01-27T08:51:06","slug":"el-ayuntamiento-destina-332-000-euros-a-la-construccion-de-230-nuevos-nichos-en-el-cementerio-municipal-del-cabanyal","status":"publish","type":"post","link":"https:\/\/plancabanyal.es\/va\/el-ayuntamiento-destina-332-000-euros-a-la-construccion-de-230-nuevos-nichos-en-el-cementerio-municipal-del-cabanyal\/","title":{"rendered":"L&#8217;Ajuntament destina 332.000 euros a la construcci\u00f3 de 230 nous n\u00ednxols en el cementeri municipal del Cabanyal"},"content":{"rendered":"<div class=\"dateRedes\">\n<p><strong>24\/01\/2025<\/strong><\/p>\n<p>&nbsp;<\/p>\n<\/div>\n<ul>\n<li><strong>L&#8217;import total de l&#8217;obra \u00e9s de 331.815,36 euros i el termini d&#8217;execuci\u00f3n \u00e9s de quatre mesos<\/strong><\/li>\n<li><strong>La Junta de Govern Local aprova el projecte i adjudica l&#8217;execuci\u00f3 de les obres, que tindran una duraci\u00f3 de quatre mesos<\/strong><\/li>\n<\/ul>\n<p>&nbsp;<\/p>\n<div id=\"wms-intext\" class=\"wms-intext\">\n<div id=\"jw-1218512185\">\n<p>La Junta de Govern Local de l&#8217;Ajuntament de Val\u00e8ncia ha acordat este divendres la construcci\u00f3 de 230 nous n\u00ednxols senzills en el cementeri del Cabanyal. Per a escometre esta obra, la Delegaci\u00f3 de Cementeris i Servicis Funeraris destinar\u00e0 una partida de 331.815,36 euros. El projecte d&#8217;obres, elaborat pels mateixos servicis municipals, contempla l&#8217;edificaci\u00f3 de 230 n\u00ednxols senzills a dos cares, en els grups M9, N1 i N2, aix\u00ed com la urbanitzaci\u00f3 adjacent en el camposanto del Cabanyal.<\/p>\n<p>L&#8217;execuci\u00f3 de l&#8217;obra ser\u00e0 a c\u00e0rrec de l&#8217;UTE conformada per les empreses Agricultors de la Vega i Albero Solanes, que va resultar adjudicat\u00e0ria el novembre de 2021 de l&#8217;acord marc per a l&#8217;execuci\u00f3 de les obres en general i construcci\u00f3 d&#8217;unitats d&#8217;enterrament en els cementeris municipals de la ciutat de Val\u00e8ncia. La Junta de Govern Local va aprovar el passat 25 d&#8217;octubre de 2024 la segona pr\u00f2rroga de l&#8217;esmentat acord marc.<\/p>\n<p>La construcci\u00f3 de 230 nous n\u00ednxols en el cementeri municipal del Cabanyal naix de la proposta formulada pel regidor delegat de Cementeris, Carlos Mundina, el passat 15 de gener. L&#8217;import total de l&#8217;obra \u00e9s de 331.815,36 euros i el termini d&#8217;execuci\u00f3 \u00e9s quatre mesos, a partir de l&#8217;endem\u00e0 de la data de la corresponent acta de comprovaci\u00f3 de replanteig.<\/p>\n<p>&nbsp;<\/p>\n<\/div>\n<\/div>\n<p>Font: <a href=\"https:\/\/www.valencia.es\/cas\/actualidad\/-\/content\/230-nuevos-nichos-cementerio-municipal-cabanyal\" target=\"_blank\" rel=\"noopener\">Ajuntament de Valencia<\/a><\/p>\n<p>&nbsp;<\/p>\n<p>&nbsp;<\/p>\n","protected":false},"excerpt":{"rendered":"<p>24\/01\/2025 &nbsp; L&#8217;import total de l&#8217;obra \u00e9s de 331.815,36 euros i el termini d&#8217;execuci\u00f3n \u00e9s de quatre mesos La Junta [&hellip;]<\/p>\n","protected":false},"author":2,"featured_media":10669,"comment_status":"open","ping_status":"open","sticky":false,"template":"","format":"standard","meta":{"site-sidebar-layout":"default","site-content-layout":"","ast-site-content-layout":"","site-content-style":"default","site-sidebar-style":"default","ast-global-header-display":"","ast-banner-title-visibility":"","ast-main-header-display":"","ast-hfb-above-header-display":"","ast-hfb-below-header-display":"","ast-hfb-mobile-header-display":"","site-post-title":"","ast-breadcrumbs-content":"","ast-featured-img":"","footer-sml-layout":"","theme-transparent-header-meta":"","adv-header-id-meta":"","stick-header-meta":"","header-above-stick-meta":"","header-main-stick-meta":"","header-below-stick-meta":"","astra-migrate-meta-layouts":"default","ast-page-background-enabled":"default","ast-page-background-meta":{"desktop":{"background-color":"var(--ast-global-color-5)","background-image":"","background-repeat":"repeat","background-position":"center center","background-size":"auto","background-attachment":"scroll","background-type":"","background-media":"","overlay-type":"","overlay-color":"","overlay-opacity":"","overlay-gradient":""},"tablet":{"background-color":"","background-image":"","background-repeat":"repeat","background-position":"center center","background-size":"auto","background-attachment":"scroll","background-type":"","background-media":"","overlay-type":"","overlay-color":"","overlay-opacity":"","overlay-gradient":""},"mobile":{"background-color":"","background-image":"","background-repeat":"repeat","background-position":"center center","background-size":"auto","background-attachment":"scroll","background-type":"","background-media":"","overlay-type":"","overlay-color":"","overlay-opacity":"","overlay-gradient":""}},"ast-content-background-meta":{"desktop":{"background-color":"var(--ast-global-color-4)","background-image":"","background-repeat":"repeat","background-position":"center center","background-size":"auto","background-attachment":"scroll","background-type":"","background-media":"","overlay-type":"","overlay-color":"","overlay-opacity":"","overlay-gradient":""},"tablet":{"background-color":"var(--ast-global-color-4)","background-image":"","background-repeat":"repeat","background-position":"center center","background-size":"auto","background-attachment":"scroll","background-type":"","background-media":"","overlay-type":"","overlay-color":"","overlay-opacity":"","overlay-gradient":""},"mobile":{"background-color":"var(--ast-global-color-4)","background-image":"","background-repeat":"repeat","background-position":"center center","background-size":"auto","background-attachment":"scroll","background-type":"","background-media":"","overlay-type":"","overlay-color":"","overlay-opacity":"","overlay-gradient":""}}},"categories":[49,57,23],"tags":[],"acf":[],"_links":{"self":[{"href":"https:\/\/plancabanyal.es\/va\/wp-json\/wp\/v2\/posts\/10681"}],"collection":[{"href":"https:\/\/plancabanyal.es\/va\/wp-json\/wp\/v2\/posts"}],"about":[{"href":"https:\/\/plancabanyal.es\/va\/wp-json\/wp\/v2\/types\/post"}],"author":[{"embeddable":true,"href":"https:\/\/plancabanyal.es\/va\/wp-json\/wp\/v2\/users\/2"}],"replies":[{"embeddable":true,"href":"https:\/\/plancabanyal.es\/va\/wp-json\/wp\/v2\/comments?post=10681"}],"version-history":[{"count":3,"href":"https:\/\/plancabanyal.es\/va\/wp-json\/wp\/v2\/posts\/10681\/revisions"}],"predecessor-version":[{"id":10686,"href":"https:\/\/plancabanyal.es\/va\/wp-json\/wp\/v2\/posts\/10681\/revisions\/10686"}],"wp:featuredmedia":[{"embeddable":true,"href":"https:\/\/plancabanyal.es\/va\/wp-json\/wp\/v2\/media\/10669"}],"wp:attachment":[{"href":"https:\/\/plancabanyal.es\/va\/wp-json\/wp\/v2\/media?parent=10681"}],"wp:term":[{"taxonomy":"category","embeddable":true,"href":"https:\/\/plancabanyal.es\/va\/wp-json\/wp\/v2\/categories?post=10681"},{"taxonomy":"post_tag","embeddable":true,"href":"https:\/\/plancabanyal.es\/va\/wp-json\/wp\/v2\/tags?post=10681"}],"curies":[{"name":"wp","href":"https:\/\/api.w.org\/{rel}","templated":true}]}}