{"id":10675,"date":"2025-01-27T09:44:58","date_gmt":"2025-01-27T08:44:58","guid":{"rendered":"https:\/\/plancabanyal.es\/?p=10675"},"modified":"2025-01-27T09:57:42","modified_gmt":"2025-01-27T08:57:42","slug":"la-santa-faz-de-valencia-presenta-su-maqueta-en-3d-de-la-mano-del-artista-fallero-vicente-dominguez","status":"publish","type":"post","link":"https:\/\/plancabanyal.es\/va\/la-santa-faz-de-valencia-presenta-su-maqueta-en-3d-de-la-mano-del-artista-fallero-vicente-dominguez\/","title":{"rendered":"La Santa Fa\u00e7 de Valencia presenta la seua maqueta en 3D de la m\u00e0 de l&#8217;artista faller Vicente Dom\u00ednguez"},"content":{"rendered":"<div class=\"dateRedes\">\n<p><strong>24\/01\/2025<\/strong><\/p>\n<p>&nbsp;<\/p>\n<\/div>\n<ul>\n<li><strong>La germanor pren la iniciativa en el seu centenari del pas que va esculpir Benlliure en la seua \u00faltima etapa<\/strong><\/li>\n<\/ul>\n<p>&nbsp;<\/p>\n<p>La\u00a0<strong>Real Germanor de la Santa Fa\u00e7<\/strong> (Canyamelar\u2013Val\u00e8ncia) de la Setmana Santa Marinera celebra en este exercici 2024-2025 el centenari de la seua fundaci\u00f3 i primera eixida processional als carrers del barri del Canyamelar. Una germanor que \u00e9s reconeguda per tots com la iniciadora del ressorgiment i actual organitzaci\u00f3 de la Setmana Santa Marinera de Val\u00e8ncia, declarada de nou Festa d&#8217;Inter\u00e9s Tur\u00edstic Nacional en 2011 i Medalla d&#8217;Or de la ciutat en 2016 per l&#8217;Ajuntament de Val\u00e8ncia<\/p>\n<p>Dins de l&#8217;extens programa d&#8217;actes commemoratius previstos al llarg del Centenari, esta Germanor realitzar\u00e0 dissabte que ve 25 de gener un molt especial per a ella en estar estretament vinculat amb el seu tron-anda del \u201cPas de la Ver\u00f2nica\u201d, \u00fanica escultura religiosa de Sr. Mariano Benlliure que pot admirar-se en la Setmana Santa Marinera de Val\u00e8ncia.<\/p>\n<p>Es tracta de la presentaci\u00f3 oficial de la impressi\u00f3 en 3D de la maqueta d&#8217;este tron-anda propietat de la Real Germanor des de 1944.<\/p>\n<p>Esta maqueta en 3D del <strong>\u201cPas de la Ver\u00f2nica\u201d de Benlliure<\/strong>\u00a0\u00e9s obra del reconegut\u00a0<strong>artista faller\u00a0Vicente Dom\u00ednguez<\/strong>\u00a0i respon a la petici\u00f3 i enc\u00e0rrec realitzada per la Real Germanor de la Santa Fa\u00e7, en ocasi\u00f3 del seu centenari.<\/p>\n<p>Si el valor patrimonial, hist\u00f2ric i sentimental d&#8217;esta magn\u00edfica maqueta per a la\u00a0Santa Fa\u00e7\u00a0\u00e9s elevat, l&#8217;obtenci\u00f3, per a la seua creaci\u00f3 i disseny, d&#8217;un complet\u00edssim \u00e0lbum d&#8217;imatges digitals es considera de cabdal import\u00e0ncia no sols per a la Setmana Santa Marinera sin\u00f3 tamb\u00e9 per al patrimoni art\u00edstic de tots els valencians.<\/p>\n<p>I aix\u00f2 \u00e9s aix\u00ed, perqu\u00e8 amb este vast document digital es garantix el tindre la seguretat que, a difer\u00e8ncia de l&#8217;ocorregut lamentablement en altres ocasions en la Setmana Santa Marinera, en cas de desaparici\u00f3 o destrucci\u00f3 del Pas\u00a0 de la Ver\u00f2nica, es podria reproduir, amb total exactitud i a una escala real, l&#8217;\u00fanic tron-anda original de l&#8217;escultor Mariano Benlliure que processiona a la ciutat de Val\u00e8ncia.<\/p>\n<p>Esta primera maqueta en impressi\u00f3 3D d&#8217;un tron camina de la Setmana Santa Marinera de Val\u00e8ncia ser\u00e0 presentada, a les 19 hores d&#8217;este pr\u00f2xim dissabte 25 de gener, en el local social de la Real Germanor de la Santa Fa\u00e7 situat en la C\/ Jos\u00e9 Benlliure 59 B.<\/p>\n<p>&nbsp;<\/p>\n<h4>L&#8217;ajuntament, la Generalitat i la Diputaci\u00f3 accepten c\u00e0rrecs honor\u00edfics de l&#8217;entitat<\/h4>\n<p>En el mateix acte, es faran p\u00fabliques les acceptacions oficials de diferents nomenaments honor\u00edfics atorgats a les principals autoritats valencianes: a partir d&#8217;este centenari, <strong>l&#8217;Alcaldia\u00a0 de l&#8217;Ajuntament de Val\u00e8ncia<\/strong> ostentar\u00e0 la <strong>Presid\u00e8ncia Honor\u00edfica Perp\u00e8tua<\/strong> de la Real Germanor de la Santa Fa\u00e7 mentres que, la <strong>Presid\u00e8ncia de la Generalitat Valenciana<\/strong> i la <strong>Presid\u00e8ncia de la Diputaci\u00f3 Provincial de Val\u00e8ncia<\/strong>, seran les dos <strong>Protectores Honor\u00edfiques Perp\u00e8tues<\/strong>.<\/p>\n<p>&nbsp;<\/p>\n<div id=\"wms-intext\" class=\"wms-intext\"><\/div>\n<p>Fuente: <a href=\"https:\/\/noticiasciudadanas.com\/la-santa-faz-presenta-su-maqueta-en-3d\/\" target=\"_blank\" rel=\"noopener\">Noticias Ciudadanas<\/a><\/p>\n<p>&nbsp;<\/p>\n<p>&nbsp;<\/p>\n","protected":false},"excerpt":{"rendered":"<p>24\/01\/2025 &nbsp; La germanor pren la iniciativa en el seu centenari del pas que va esculpir Benlliure en la seua [&hellip;]<\/p>\n","protected":false},"author":2,"featured_media":10672,"comment_status":"open","ping_status":"open","sticky":false,"template":"","format":"standard","meta":{"site-sidebar-layout":"default","site-content-layout":"","ast-site-content-layout":"","site-content-style":"default","site-sidebar-style":"default","ast-global-header-display":"","ast-banner-title-visibility":"","ast-main-header-display":"","ast-hfb-above-header-display":"","ast-hfb-below-header-display":"","ast-hfb-mobile-header-display":"","site-post-title":"","ast-breadcrumbs-content":"","ast-featured-img":"","footer-sml-layout":"","theme-transparent-header-meta":"","adv-header-id-meta":"","stick-header-meta":"","header-above-stick-meta":"","header-main-stick-meta":"","header-below-stick-meta":"","astra-migrate-meta-layouts":"default","ast-page-background-enabled":"default","ast-page-background-meta":{"desktop":{"background-color":"var(--ast-global-color-5)","background-image":"","background-repeat":"repeat","background-position":"center center","background-size":"auto","background-attachment":"scroll","background-type":"","background-media":"","overlay-type":"","overlay-color":"","overlay-opacity":"","overlay-gradient":""},"tablet":{"background-color":"","background-image":"","background-repeat":"repeat","background-position":"center center","background-size":"auto","background-attachment":"scroll","background-type":"","background-media":"","overlay-type":"","overlay-color":"","overlay-opacity":"","overlay-gradient":""},"mobile":{"background-color":"","background-image":"","background-repeat":"repeat","background-position":"center center","background-size":"auto","background-attachment":"scroll","background-type":"","background-media":"","overlay-type":"","overlay-color":"","overlay-opacity":"","overlay-gradient":""}},"ast-content-background-meta":{"desktop":{"background-color":"var(--ast-global-color-4)","background-image":"","background-repeat":"repeat","background-position":"center center","background-size":"auto","background-attachment":"scroll","background-type":"","background-media":"","overlay-type":"","overlay-color":"","overlay-opacity":"","overlay-gradient":""},"tablet":{"background-color":"var(--ast-global-color-4)","background-image":"","background-repeat":"repeat","background-position":"center center","background-size":"auto","background-attachment":"scroll","background-type":"","background-media":"","overlay-type":"","overlay-color":"","overlay-opacity":"","overlay-gradient":""},"mobile":{"background-color":"var(--ast-global-color-4)","background-image":"","background-repeat":"repeat","background-position":"center center","background-size":"auto","background-attachment":"scroll","background-type":"","background-media":"","overlay-type":"","overlay-color":"","overlay-opacity":"","overlay-gradient":""}}},"categories":[49,57,23],"tags":[],"acf":[],"_links":{"self":[{"href":"https:\/\/plancabanyal.es\/va\/wp-json\/wp\/v2\/posts\/10675"}],"collection":[{"href":"https:\/\/plancabanyal.es\/va\/wp-json\/wp\/v2\/posts"}],"about":[{"href":"https:\/\/plancabanyal.es\/va\/wp-json\/wp\/v2\/types\/post"}],"author":[{"embeddable":true,"href":"https:\/\/plancabanyal.es\/va\/wp-json\/wp\/v2\/users\/2"}],"replies":[{"embeddable":true,"href":"https:\/\/plancabanyal.es\/va\/wp-json\/wp\/v2\/comments?post=10675"}],"version-history":[{"count":4,"href":"https:\/\/plancabanyal.es\/va\/wp-json\/wp\/v2\/posts\/10675\/revisions"}],"predecessor-version":[{"id":10689,"href":"https:\/\/plancabanyal.es\/va\/wp-json\/wp\/v2\/posts\/10675\/revisions\/10689"}],"wp:featuredmedia":[{"embeddable":true,"href":"https:\/\/plancabanyal.es\/va\/wp-json\/wp\/v2\/media\/10672"}],"wp:attachment":[{"href":"https:\/\/plancabanyal.es\/va\/wp-json\/wp\/v2\/media?parent=10675"}],"wp:term":[{"taxonomy":"category","embeddable":true,"href":"https:\/\/plancabanyal.es\/va\/wp-json\/wp\/v2\/categories?post=10675"},{"taxonomy":"post_tag","embeddable":true,"href":"https:\/\/plancabanyal.es\/va\/wp-json\/wp\/v2\/tags?post=10675"}],"curies":[{"name":"wp","href":"https:\/\/api.w.org\/{rel}","templated":true}]}}