{"id":10616,"date":"2025-01-08T09:45:34","date_gmt":"2025-01-08T08:45:34","guid":{"rendered":"https:\/\/plancabanyal.es\/?p=10616"},"modified":"2025-01-08T09:47:06","modified_gmt":"2025-01-08T08:47:06","slug":"el-plan-vivienda-avanza-segun-las-objetivos-fijados-para-que-la-ciudad-incremente-el-parque-de-vivienda-publica-y-de-alquiler-asequible","status":"publish","type":"post","link":"https:\/\/plancabanyal.es\/va\/el-plan-vivienda-avanza-segun-las-objetivos-fijados-para-que-la-ciudad-incremente-el-parque-de-vivienda-publica-y-de-alquiler-asequible\/","title":{"rendered":"El pla + Vivenda avan\u00e7a segons les objectius fixats \u201cperqu\u00e8 la ciutat incremente el parc de vivenda p\u00fablica i de lloguer assequible\u201d"},"content":{"rendered":"<div class=\"dateRedes\">\n<p><strong>08\/01\/2025<\/strong><\/p>\n<\/div>\n<p>&nbsp;<\/p>\n<p>El Pla + Vivenda de l&#8217;Ajuntament de Val\u00e8ncia, dissenyat per a la construcci\u00f3 de 955 vivendes, en els pr\u00f2xims anys, tal com ha explicat el regidor d&#8217;Urbanisme, Juan Giner, \u201cavan\u00e7a segons les previsions i objectius fixats inicialment perqu\u00e8 la ciutat incremente notablement el parc de vivenda p\u00fablica i de lloguer assequible\u201d.<\/p>\n<p>\u201cLa vivenda \u00e9s un dels eixos fonamentals de la gesti\u00f3 del govern de l&#8217;alcaldessa Mar\u00eda Jos\u00e9 Catal\u00e1. Des d&#8217;un primer moment vam posar en marxa mesures de mitj\u00e0 i curt termini i altres de llarg termini que ens permetran que al final de la legislatura 1000 noves vivendes incrementaran el parc p\u00fablic de la ciutat\u201d, ha afirmat Giner.<\/p>\n<p>D&#8217;una banda, ha assenyalat Juan Giner, \u201cs&#8217;ha apostat per la compra directa de vivendes que ha perm\u00e9s que en l&#8217;\u00faltim any disposem ja de 139 vivendes en Safranar i a la Torre, per\u00f2 a m\u00e9s, a mitj\u00e0 i llarg termini, s&#8217;han posat en marxa altres mesures com les permutes o els drets de superf\u00edcie amb l&#8217;objectiu, entre altres, de reduir els terminis de construcci\u00f3 de les vivendes i garantir que el Pla + Vivenda responga a una de les preocupacions m\u00e9s demandes pels ve\u00efns\u201d.<\/p>\n<p>\u201cDurant els \u00faltims 8 anys, amb el govern del Rialto -ha continuat el regidor- nom\u00e9s escoltem promeses, per\u00f2 la realitat ens va demostrar que el govern de Comprom\u00eds i del PSPV mancava d&#8217;una pol\u00edtica clara de vivenda. Per\u00f2 ara, gr\u00e0cies al Pla + Vivenda estem demostrant que hi ha una altra manera de gestionar i de donar solucions als ve\u00efns\u201d.<\/p>\n<p>D&#8217;esta manera, d&#8217;acord amb esta programaci\u00f3, l&#8217;Ajuntament ha impulsat la construcci\u00f3 directa de vivenda nova de protecci\u00f3 p\u00fablica (427) destinada a lloguer assequible, b\u00e9 siga a trav\u00e9s del servici de Vivenda de la Delegaci\u00f3 d&#8217;Urbanisme i Vivenda (69) b\u00e9 a trav\u00e9s de la societat AUMSA (307) o Pla Cabanyal (51).<\/p>\n<p>En concret, el Servici de Vivenda va obrir fa 15 dies obrir el procediment de licitaci\u00f3 per a construir un edifici de 10 vivendes de protecci\u00f3 p\u00fablica en el barri de La Fonteta de Sant Llu\u00eds, en Quatre Carreres.<\/p>\n<p>A m\u00e9s, la regidoria d&#8217;Urbanisme est\u00e0 finalitzant l&#8217;an\u00e0lisi de les 26 ofertes que s&#8217;han presentat en el procediment de licitaci\u00f3 del contracte de redacci\u00f3 del projecte d&#8217;obres d&#8217;edificaci\u00f3 per a la construcci\u00f3 de 59 vivendes al carrer Pintor Sabater en el barri de Na Rovella (Quatre Carreres).<\/p>\n<p>Aix\u00ed mateix, des de la societat del Pla Cabanyal es construiran 51 vivendes que substituiran als blocs portuaris. En l&#8217;actualitat s&#8217;est\u00e0 revisant el projecte que ja s&#8217;ha presentat.<\/p>\n<p>Per part seua, Aumsa est\u00e0 construint les 307 vivendes en diferents fases. Ha ampliat el parc p\u00fablic de VPP amb l&#8217;adquisici\u00f3 de vivenda ja constru\u00efda en Safranar (131) i La Torre (8) S&#8217;ha sumat tamb\u00e9 al Conveni de col\u00b7laboraci\u00f3 amb la Generalitat Valenciana, a trav\u00e9s del Evha, per a la construcci\u00f3 de vivendes noves amb la cessi\u00f3 de parcel\u00b7les per a VPP (82), que ja est\u00e0 adjudicat, en Quatre Carreres i al Parc Central.<\/p>\n<p>Igualment, a trav\u00e9s de la permuta de vivenda de protecci\u00f3 p\u00fablica per s\u00f2l s&#8217;adquiriran 86 noves vivendes de VPP en Quatre Carreres per a incrementar el parc p\u00fablic de vivenda, que ja estan en construcci\u00f3 i que finalitzaran en el segon trimestre de 2026, alhora permetr\u00e0 la construcci\u00f3 de m\u00e9s de 400 noves vivendes de Protecci\u00f3 P\u00fablica de promoci\u00f3 privada per a la seua venda.<\/p>\n<p>De la mateixa manera, a trav\u00e9s de la constituci\u00f3 de drets de superf\u00edcie sobre parcel\u00b7les de propietat municipal es possibilitar\u00e0 la construcci\u00f3 de 221 vivendes. Les parcel\u00b7les que es permutaran es troben en el sector Font Sant Llu\u00eds. S&#8217;ha presentat una oferta que en estos moments s&#8217;est\u00e0 analitzant, des dels corresponents servicis, per a comprovar si complix amb tots els requisits establits en els plecs t\u00e8cnics i administratius.<\/p>\n<p>&nbsp;<\/p>\n<p>Fuente: <a href=\"https:\/\/www.valencia.es\/val\/actualitat\/-\/content\/plan-vivienda-val%C3%A8ncia\" target=\"_blank\" rel=\"noopener\">www.valencia.es<\/a><\/p>\n<p>&nbsp;<\/p>\n<p>&nbsp;<\/p>\n<p>&nbsp;<\/p>\n","protected":false},"excerpt":{"rendered":"<p>08\/01\/2025 &nbsp; El Pla + Vivenda de l&#8217;Ajuntament de Val\u00e8ncia, dissenyat per a la construcci\u00f3 de 955 vivendes, en els [&hellip;]<\/p>\n","protected":false},"author":2,"featured_media":10619,"comment_status":"open","ping_status":"open","sticky":false,"template":"","format":"standard","meta":{"site-sidebar-layout":"default","site-content-layout":"","ast-site-content-layout":"","site-content-style":"default","site-sidebar-style":"default","ast-global-header-display":"","ast-banner-title-visibility":"","ast-main-header-display":"","ast-hfb-above-header-display":"","ast-hfb-below-header-display":"","ast-hfb-mobile-header-display":"","site-post-title":"","ast-breadcrumbs-content":"","ast-featured-img":"","footer-sml-layout":"","theme-transparent-header-meta":"","adv-header-id-meta":"","stick-header-meta":"","header-above-stick-meta":"","header-main-stick-meta":"","header-below-stick-meta":"","astra-migrate-meta-layouts":"default","ast-page-background-enabled":"default","ast-page-background-meta":{"desktop":{"background-color":"var(--ast-global-color-5)","background-image":"","background-repeat":"repeat","background-position":"center center","background-size":"auto","background-attachment":"scroll","background-type":"","background-media":"","overlay-type":"","overlay-color":"","overlay-opacity":"","overlay-gradient":""},"tablet":{"background-color":"","background-image":"","background-repeat":"repeat","background-position":"center center","background-size":"auto","background-attachment":"scroll","background-type":"","background-media":"","overlay-type":"","overlay-color":"","overlay-opacity":"","overlay-gradient":""},"mobile":{"background-color":"","background-image":"","background-repeat":"repeat","background-position":"center center","background-size":"auto","background-attachment":"scroll","background-type":"","background-media":"","overlay-type":"","overlay-color":"","overlay-opacity":"","overlay-gradient":""}},"ast-content-background-meta":{"desktop":{"background-color":"var(--ast-global-color-4)","background-image":"","background-repeat":"repeat","background-position":"center center","background-size":"auto","background-attachment":"scroll","background-type":"","background-media":"","overlay-type":"","overlay-color":"","overlay-opacity":"","overlay-gradient":""},"tablet":{"background-color":"var(--ast-global-color-4)","background-image":"","background-repeat":"repeat","background-position":"center center","background-size":"auto","background-attachment":"scroll","background-type":"","background-media":"","overlay-type":"","overlay-color":"","overlay-opacity":"","overlay-gradient":""},"mobile":{"background-color":"var(--ast-global-color-4)","background-image":"","background-repeat":"repeat","background-position":"center center","background-size":"auto","background-attachment":"scroll","background-type":"","background-media":"","overlay-type":"","overlay-color":"","overlay-opacity":"","overlay-gradient":""}}},"categories":[49,57,23],"tags":[],"acf":[],"_links":{"self":[{"href":"https:\/\/plancabanyal.es\/va\/wp-json\/wp\/v2\/posts\/10616"}],"collection":[{"href":"https:\/\/plancabanyal.es\/va\/wp-json\/wp\/v2\/posts"}],"about":[{"href":"https:\/\/plancabanyal.es\/va\/wp-json\/wp\/v2\/types\/post"}],"author":[{"embeddable":true,"href":"https:\/\/plancabanyal.es\/va\/wp-json\/wp\/v2\/users\/2"}],"replies":[{"embeddable":true,"href":"https:\/\/plancabanyal.es\/va\/wp-json\/wp\/v2\/comments?post=10616"}],"version-history":[{"count":2,"href":"https:\/\/plancabanyal.es\/va\/wp-json\/wp\/v2\/posts\/10616\/revisions"}],"predecessor-version":[{"id":10623,"href":"https:\/\/plancabanyal.es\/va\/wp-json\/wp\/v2\/posts\/10616\/revisions\/10623"}],"wp:featuredmedia":[{"embeddable":true,"href":"https:\/\/plancabanyal.es\/va\/wp-json\/wp\/v2\/media\/10619"}],"wp:attachment":[{"href":"https:\/\/plancabanyal.es\/va\/wp-json\/wp\/v2\/media?parent=10616"}],"wp:term":[{"taxonomy":"category","embeddable":true,"href":"https:\/\/plancabanyal.es\/va\/wp-json\/wp\/v2\/categories?post=10616"},{"taxonomy":"post_tag","embeddable":true,"href":"https:\/\/plancabanyal.es\/va\/wp-json\/wp\/v2\/tags?post=10616"}],"curies":[{"name":"wp","href":"https:\/\/api.w.org\/{rel}","templated":true}]}}