{"id":10555,"date":"2025-01-02T10:23:09","date_gmt":"2025-01-02T09:23:09","guid":{"rendered":"https:\/\/plancabanyal.es\/?p=10555"},"modified":"2025-01-02T10:31:45","modified_gmt":"2025-01-02T09:31:45","slug":"plan-de-choque-para-dejar-guapos-los-mercados-de-valencia","status":"publish","type":"post","link":"https:\/\/plancabanyal.es\/va\/plan-de-choque-para-dejar-guapos-los-mercados-de-valencia\/","title":{"rendered":"Pla de xoc per a deixar &#8216;bonics&#8217; els mercats de Val\u00e8ncia"},"content":{"rendered":"<div class=\"dateRedes\">\n<p>02\/01\/2025<\/p>\n<p>&nbsp;<\/p>\n<\/div>\n<h4 class=\"v-a-sub-t\">L&#8217;Ajuntament invertir\u00e0 7,6 milions en dos anys per a millorar l&#8217;efici\u00e8ncia energ\u00e8tica i posar una sala de lact\u00e0ncia en el Cabanyal i ultrasons a Castella per a espantar coloms<\/h4>\n<p>&nbsp;<\/p>\n<p>Un pla de xoc per a deixar &#8216;bonic&#8217; els mercats municipals de Val\u00e8ncia. Aix\u00f2 \u00e9s el que far\u00e0 la regidoria de Comer\u00e7 i Mercats de l&#8217;Ajuntament de Val\u00e8ncia que presidix Santiago Ballester amb l&#8217;arrancada de l&#8217;any 2025.<\/p>\n<p>Quan va arribar Mar\u00eda Jos\u00e9 Catal\u00e1 a l&#8217;alcaldia de Val\u00e8ncia ja va dir que els mercats necessiten un pla de millores per a arreglar les seues instal\u00b7lacions i, despr\u00e9s d&#8217;una mica m\u00e9s d&#8217;un any d&#8217;intervencions d&#8217;urg\u00e8ncia en mercats com el de Rojas Clemente o en el Cabanyal, ara comen\u00e7a a tra\u00e7ar-se un projecte m\u00e9s ambici\u00f3s.<\/p>\n<p>Cal no oblidar que en l&#8217;estiu de 2023 ja es va haver de fer una intervenci\u00f3 urgent en el Cabanyal, perqu\u00e8 estava en molt mal estat el sostre i es va actuar amb promptitud per a deixar al descobert les teules originals.<\/p>\n<p>Una altra intervenci\u00f3 que es va executar va ser en el mercat de Rojas Clemente, on el soterrani portava anys apuntalat i amb perill de solsida.<\/p>\n<p>Despr\u00e9s d&#8217;una an\u00e0lisi detallada de les necessitats transmeses pels venedors o detectades pels t\u00e8cnics, s&#8217;ha precisat que necessitaran 7,6 milions d&#8217;euros, una inversi\u00f3 que es realitzar\u00e0 durant l&#8217;any 2025 i tamb\u00e9 en 2026.<\/p>\n<p>Nom\u00e9s en treballs d&#8217;efici\u00e8ncia energ\u00e8tica s&#8217;invertiran 4.750.000 euros. En concret, en el mercat de Algir\u00f3s s&#8217;empraran 1,2 milions d&#8217;euros. Se substituir\u00e0 la maquin\u00e0ria d&#8217;aire condicionat, es posar\u00e0 llumin\u00e0ria de sistema led i es recobriran les finestres.<\/p>\n<p>Esta millora arribar\u00e0 despr\u00e9s que en 2023 ja hagueren de posar-los de manera provisional ventiladors, per la calor que feia en el recinte, i este passat estiu ja es va optar per llogar unes m\u00e0quines d&#8217;aire condicionat, una mesura que va costar uns 14.000 euros.<\/p>\n<p>En el mercat de Jes\u00fas se substituir\u00e0 la coberta i els baixants per a eliminar les goteres i s&#8217;invertiran 465.000 euros.<\/p>\n<div class=\"autors-widget\">\n<p>&nbsp;<\/p>\n<div id=\"wms-intext-multi1\" class=\"wms-intext\">\n<div><\/div>\n<div><img class=\"aligncenter\" src=\"https:\/\/s1.ppllstatics.com\/lasprovincias\/www\/multimedia\/2024\/12\/30\/mercado-rojas-clemente-fachada-U67285276714nTH-650x455@Las%20Provincias.jpg\" alt=\"Fachada del mercado de Rojas Clemente de Valencia.\" \/><\/div>\n<\/div>\n<div>\n<p>&nbsp;<\/p>\n<p>En el mercat de Rojas Clemente es van arreglar les patologies de la pescateria (va costar 395.000 euros) i ara s&#8217;actuar\u00e0 en l&#8217;envolupant de la fa\u00e7ana. Es pintar\u00e0 la fa\u00e7ana, amb un mural concorde al mercat. Tamb\u00e9 es canviaran portes i finestres i Tamb\u00e9 es canviaran les llumin\u00e0ries, l&#8217;aire condicionat i les finestres.<\/p>\n<p>La idea \u00e9s que les obres de la fa\u00e7ana estiguen acabades en el primer trimestre de 2025 amb una inversi\u00f3 de 230.000 euros i les d&#8217;efici\u00e8ncia energ\u00e8tica, per a 2026 i costaran 560.000 euros.<\/p>\n<p>En el mercat de Torrefiel, per exemple, ja han fet la consigna frigor\u00edfica (va costar 122.000 euros) i desenrotllaran un projecte d&#8217;efici\u00e8ncia energ\u00e8tica que costar\u00e0 890.000 euros.<\/p>\n<p>En el Mercat Central actualitzaran les barreres del soterrani, zona que utilitzen per a furgonetes de venedors i per al tractament de residus org\u00e0nics.<\/p>\n<p>A m\u00e9s, en este recinte est\u00e0 pendent l&#8217;inici d&#8217;un estudi per a veure com aconseguir una major efici\u00e8ncia energ\u00e8tica. S&#8217;ha de fer un projecte i enviar-lo a Patrimoni perqu\u00e8 done el vistiplau. La idea \u00e9s redactar-ho al llarg de 2025 i despr\u00e9s es veuran terminis i abast.<\/p>\n<p>A Castellar, es va urbanitzar el solar on es realitza la venda no sedent\u00e0ria, per\u00f2 faltava fer l&#8217;escomesa d&#8217;electricitat. Quan es realitze, \u00e9s possible que este espai s&#8217;empre com a pla\u00e7a per a esdeveniments.<\/p>\n<p>&nbsp;<\/p>\n<div class=\"v-c-cmp v-n-mrg\">\n<h3 class=\"v-cmp-suh\">Banys<\/h3>\n<\/div>\n<p>&nbsp;<\/p>\n<p>En el Cabanyal, despr\u00e9s de traure a la llum el sostre de teules la idea \u00e9s posar llum indirecta per a destacar la seua bellesa i s&#8217;actuar\u00e0 en la nau de ponent i en les laterals. Tamb\u00e9 es posaran l\u00e0mines d&#8217;a\u00efllament t\u00e8rmic. En tot aix\u00f2 s&#8217;invertiran 1,5 milions.<\/p>\n<p>En la nau de ponent, on van quedar lliures molts llocs de pescateria l&#8217;\u00e0rea de Servicis T\u00e8cnics Centrals habilitar\u00e0 una sala de lact\u00e0ncia, amb taules i cadires i un canviador de bolquers i zona de banys.<\/p>\n<p>En el mercat de Castella destaca la instal\u00b7laci\u00f3 de m\u00e0quines d&#8217;ultrasons per a espantar coloms, ja que en este mercat s&#8217;havien produ\u00eft goteres pel taponament de canonades i problemes amb la femta.<\/p>\n<p>En Ruzafa ja es va fer una millora per a l&#8217;\u00e0rea c\u00e0rnia, amb un quart refrigerat per al subproducte d&#8217;origen animal, i una consigna frigor\u00edfica amb una inversi\u00f3 de 164.000 euros i ara s&#8217;est\u00e0 redactant el projecte per a fer millores d&#8217;efici\u00e8ncia energ\u00e8tica, amb canvi d&#8217;enllumenat, aire condicionat i finestres. La inversi\u00f3 prevista ser\u00e0 de 2,1 milions d&#8217;euros.<\/p>\n<p>&nbsp;<\/p>\n<\/div>\n<p>Font: <a href=\"https:\/\/www.lasprovincias.es\/valencia-ciudad\/plan-choque-dejar-guapos-mercados-20241230000712-nt.html?gig_actions=sso.login&amp;gig_enteredFromComponent=fromLoginClick\" target=\"_blank\" rel=\"noopener\">Las Provincias<br \/>\n<\/a><\/p>\n<\/div>\n","protected":false},"excerpt":{"rendered":"<p>02\/01\/2025 &nbsp; L&#8217;Ajuntament invertir\u00e0 7,6 milions en dos anys per a millorar l&#8217;efici\u00e8ncia energ\u00e8tica i posar una sala de lact\u00e0ncia [&hellip;]<\/p>\n","protected":false},"author":2,"featured_media":10558,"comment_status":"open","ping_status":"open","sticky":false,"template":"","format":"standard","meta":{"site-sidebar-layout":"default","site-content-layout":"","ast-site-content-layout":"","site-content-style":"default","site-sidebar-style":"default","ast-global-header-display":"","ast-banner-title-visibility":"","ast-main-header-display":"","ast-hfb-above-header-display":"","ast-hfb-below-header-display":"","ast-hfb-mobile-header-display":"","site-post-title":"","ast-breadcrumbs-content":"","ast-featured-img":"","footer-sml-layout":"","theme-transparent-header-meta":"","adv-header-id-meta":"","stick-header-meta":"","header-above-stick-meta":"","header-main-stick-meta":"","header-below-stick-meta":"","astra-migrate-meta-layouts":"default","ast-page-background-enabled":"default","ast-page-background-meta":{"desktop":{"background-color":"var(--ast-global-color-5)","background-image":"","background-repeat":"repeat","background-position":"center center","background-size":"auto","background-attachment":"scroll","background-type":"","background-media":"","overlay-type":"","overlay-color":"","overlay-opacity":"","overlay-gradient":""},"tablet":{"background-color":"","background-image":"","background-repeat":"repeat","background-position":"center center","background-size":"auto","background-attachment":"scroll","background-type":"","background-media":"","overlay-type":"","overlay-color":"","overlay-opacity":"","overlay-gradient":""},"mobile":{"background-color":"","background-image":"","background-repeat":"repeat","background-position":"center center","background-size":"auto","background-attachment":"scroll","background-type":"","background-media":"","overlay-type":"","overlay-color":"","overlay-opacity":"","overlay-gradient":""}},"ast-content-background-meta":{"desktop":{"background-color":"var(--ast-global-color-4)","background-image":"","background-repeat":"repeat","background-position":"center center","background-size":"auto","background-attachment":"scroll","background-type":"","background-media":"","overlay-type":"","overlay-color":"","overlay-opacity":"","overlay-gradient":""},"tablet":{"background-color":"var(--ast-global-color-4)","background-image":"","background-repeat":"repeat","background-position":"center center","background-size":"auto","background-attachment":"scroll","background-type":"","background-media":"","overlay-type":"","overlay-color":"","overlay-opacity":"","overlay-gradient":""},"mobile":{"background-color":"var(--ast-global-color-4)","background-image":"","background-repeat":"repeat","background-position":"center center","background-size":"auto","background-attachment":"scroll","background-type":"","background-media":"","overlay-type":"","overlay-color":"","overlay-opacity":"","overlay-gradient":""}}},"categories":[57,23],"tags":[],"acf":[],"_links":{"self":[{"href":"https:\/\/plancabanyal.es\/va\/wp-json\/wp\/v2\/posts\/10555"}],"collection":[{"href":"https:\/\/plancabanyal.es\/va\/wp-json\/wp\/v2\/posts"}],"about":[{"href":"https:\/\/plancabanyal.es\/va\/wp-json\/wp\/v2\/types\/post"}],"author":[{"embeddable":true,"href":"https:\/\/plancabanyal.es\/va\/wp-json\/wp\/v2\/users\/2"}],"replies":[{"embeddable":true,"href":"https:\/\/plancabanyal.es\/va\/wp-json\/wp\/v2\/comments?post=10555"}],"version-history":[{"count":9,"href":"https:\/\/plancabanyal.es\/va\/wp-json\/wp\/v2\/posts\/10555\/revisions"}],"predecessor-version":[{"id":10582,"href":"https:\/\/plancabanyal.es\/va\/wp-json\/wp\/v2\/posts\/10555\/revisions\/10582"}],"wp:featuredmedia":[{"embeddable":true,"href":"https:\/\/plancabanyal.es\/va\/wp-json\/wp\/v2\/media\/10558"}],"wp:attachment":[{"href":"https:\/\/plancabanyal.es\/va\/wp-json\/wp\/v2\/media?parent=10555"}],"wp:term":[{"taxonomy":"category","embeddable":true,"href":"https:\/\/plancabanyal.es\/va\/wp-json\/wp\/v2\/categories?post=10555"},{"taxonomy":"post_tag","embeddable":true,"href":"https:\/\/plancabanyal.es\/va\/wp-json\/wp\/v2\/tags?post=10555"}],"curies":[{"name":"wp","href":"https:\/\/api.w.org\/{rel}","templated":true}]}}