{"id":10378,"date":"2024-11-20T10:30:24","date_gmt":"2024-11-20T09:30:24","guid":{"rendered":"https:\/\/plancabanyal.es\/?p=10378"},"modified":"2024-11-20T10:35:51","modified_gmt":"2024-11-20T09:35:51","slug":"catala-desbloquea-la-reforma-integral-del-polideportivo-de-el-cabanyal","status":"publish","type":"post","link":"https:\/\/plancabanyal.es\/va\/catala-desbloquea-la-reforma-integral-del-polideportivo-de-el-cabanyal\/","title":{"rendered":"Catal\u00e1 desbloqueja la reforma integral del poliesportiu d&#8217;El Cabanyal"},"content":{"rendered":"<div class=\"dateRedes\">\n<p><strong>19\/11\/2024<\/strong><\/p>\n<\/div>\n<p class=\"articleParagraph\">\n<h4><em>L&#8217;Ajuntament de Val\u00e8ncia\u00a0licita la redacci\u00f3 del projecte\u00a0per a abordar la intervenci\u00f3.<\/em><\/h4>\n<p>&nbsp;<\/p>\n<p>El govern local que lidera <strong>Mar\u00eda Jos\u00e9 Catal\u00e1<\/strong> ha fet el primer pas de cara a executar la remodelaci\u00f3 integral del poliesportiu municipal del Cabanyal. <strong>L&#8217;Ajuntament de Val\u00e8ncia ha licitat la redacci\u00f3 del projecte d&#8217;obres<\/strong> per a dur a terme esta actuaci\u00f3.<\/p>\n<p>El document fixar\u00e0 el termini i cost de la intervenci\u00f3.\u00a0<strong>L&#8217;avantprojecte aprovat en el mandat anterior va calcular inicialment en al voltant de deu milions d&#8217;euros la inversi\u00f3 necess\u00e0ria<\/strong>, un cost que amb seguretat ser\u00e0 superior una vegada siga actualitzat.<\/p>\n<p>A la fi de l&#8217;any passat l&#8217;Ajuntament va escometre diverses obres de reparaci\u00f3 i millora en el poliesportiu del Cabanyal, que van afectar la tarima de la pista, la coberta i la instal\u00b7laci\u00f3 d&#8217;aigua calenta, a m\u00e9s de la neteja de grafitis en les fa\u00e7anes. Per\u00f2 l&#8217;actuaci\u00f3 prevista ara ser\u00e0 la <strong>primera gran intervenci\u00f3 de millora<\/strong>\u00a0en esta instal\u00b7laci\u00f3 municipal situada sobre una de les naus que en el seu moment va ocupar <strong>l&#8217;antiga\u00a0 f\u00e0brica de cerveses L&#8217;\u00c0guila<\/strong>,\u00a0al costat del carrer Serradora. El projecte permetr\u00e0 tamb\u00e9 que el consum d&#8217;electricitat i aigua siga m\u00e9s eficient.<\/p>\n<p>&nbsp;<\/p>\n<p>El poliesportiu del Cabanyal consta de <strong>tres plantes dedicades a diverses activitats<\/strong> com a handbol, futbol sala, gimn\u00e0stica art\u00edstica, esgrima, arts marcials o esquaix, entre altres.<\/p>\n<p>&nbsp;<\/p>\n<p>Font: <a href=\"https:\/\/www.ondacero.es\/emisoras\/comunidad-valenciana\/valencia\/noticias\/catala-desbloquea-reforma-integral-polideportivo-cabanyal_20241119673c8afb1cab2d0001cc58cd.html\" target=\"_blank\" rel=\"noopener\">Onda Cero<\/a><\/p>\n<p>&nbsp;<\/p>\n<p>&nbsp;<\/p>\n<p>&nbsp;<\/p>\n","protected":false},"excerpt":{"rendered":"<p>19\/11\/2024 L&#8217;Ajuntament de Val\u00e8ncia\u00a0licita la redacci\u00f3 del projecte\u00a0per a abordar la intervenci\u00f3. &nbsp; El govern local que lidera Mar\u00eda Jos\u00e9 [&hellip;]<\/p>\n","protected":false},"author":2,"featured_media":10376,"comment_status":"open","ping_status":"open","sticky":false,"template":"","format":"standard","meta":{"site-sidebar-layout":"default","site-content-layout":"","ast-site-content-layout":"","site-content-style":"default","site-sidebar-style":"default","ast-global-header-display":"","ast-banner-title-visibility":"","ast-main-header-display":"","ast-hfb-above-header-display":"","ast-hfb-below-header-display":"","ast-hfb-mobile-header-display":"","site-post-title":"","ast-breadcrumbs-content":"","ast-featured-img":"","footer-sml-layout":"","theme-transparent-header-meta":"","adv-header-id-meta":"","stick-header-meta":"","header-above-stick-meta":"","header-main-stick-meta":"","header-below-stick-meta":"","astra-migrate-meta-layouts":"default","ast-page-background-enabled":"default","ast-page-background-meta":{"desktop":{"background-color":"var(--ast-global-color-5)","background-image":"","background-repeat":"repeat","background-position":"center center","background-size":"auto","background-attachment":"scroll","background-type":"","background-media":"","overlay-type":"","overlay-color":"","overlay-opacity":"","overlay-gradient":""},"tablet":{"background-color":"","background-image":"","background-repeat":"repeat","background-position":"center center","background-size":"auto","background-attachment":"scroll","background-type":"","background-media":"","overlay-type":"","overlay-color":"","overlay-opacity":"","overlay-gradient":""},"mobile":{"background-color":"","background-image":"","background-repeat":"repeat","background-position":"center center","background-size":"auto","background-attachment":"scroll","background-type":"","background-media":"","overlay-type":"","overlay-color":"","overlay-opacity":"","overlay-gradient":""}},"ast-content-background-meta":{"desktop":{"background-color":"var(--ast-global-color-4)","background-image":"","background-repeat":"repeat","background-position":"center center","background-size":"auto","background-attachment":"scroll","background-type":"","background-media":"","overlay-type":"","overlay-color":"","overlay-opacity":"","overlay-gradient":""},"tablet":{"background-color":"var(--ast-global-color-4)","background-image":"","background-repeat":"repeat","background-position":"center center","background-size":"auto","background-attachment":"scroll","background-type":"","background-media":"","overlay-type":"","overlay-color":"","overlay-opacity":"","overlay-gradient":""},"mobile":{"background-color":"var(--ast-global-color-4)","background-image":"","background-repeat":"repeat","background-position":"center center","background-size":"auto","background-attachment":"scroll","background-type":"","background-media":"","overlay-type":"","overlay-color":"","overlay-opacity":"","overlay-gradient":""}}},"categories":[57,23],"tags":[],"acf":[],"_links":{"self":[{"href":"https:\/\/plancabanyal.es\/va\/wp-json\/wp\/v2\/posts\/10378"}],"collection":[{"href":"https:\/\/plancabanyal.es\/va\/wp-json\/wp\/v2\/posts"}],"about":[{"href":"https:\/\/plancabanyal.es\/va\/wp-json\/wp\/v2\/types\/post"}],"author":[{"embeddable":true,"href":"https:\/\/plancabanyal.es\/va\/wp-json\/wp\/v2\/users\/2"}],"replies":[{"embeddable":true,"href":"https:\/\/plancabanyal.es\/va\/wp-json\/wp\/v2\/comments?post=10378"}],"version-history":[{"count":4,"href":"https:\/\/plancabanyal.es\/va\/wp-json\/wp\/v2\/posts\/10378\/revisions"}],"predecessor-version":[{"id":10386,"href":"https:\/\/plancabanyal.es\/va\/wp-json\/wp\/v2\/posts\/10378\/revisions\/10386"}],"wp:featuredmedia":[{"embeddable":true,"href":"https:\/\/plancabanyal.es\/va\/wp-json\/wp\/v2\/media\/10376"}],"wp:attachment":[{"href":"https:\/\/plancabanyal.es\/va\/wp-json\/wp\/v2\/media?parent=10378"}],"wp:term":[{"taxonomy":"category","embeddable":true,"href":"https:\/\/plancabanyal.es\/va\/wp-json\/wp\/v2\/categories?post=10378"},{"taxonomy":"post_tag","embeddable":true,"href":"https:\/\/plancabanyal.es\/va\/wp-json\/wp\/v2\/tags?post=10378"}],"curies":[{"name":"wp","href":"https:\/\/api.w.org\/{rel}","templated":true}]}}