{"id":10362,"date":"2024-11-18T08:25:33","date_gmt":"2024-11-18T07:25:33","guid":{"rendered":"https:\/\/plancabanyal.es\/?p=10362"},"modified":"2024-11-18T08:29:25","modified_gmt":"2024-11-18T07:29:25","slug":"el-ayuntamiento-adjudica-las-obras-del-centro-de-artes-escenicas-del-cabanyal-por-42-millones-de-euros","status":"publish","type":"post","link":"https:\/\/plancabanyal.es\/va\/el-ayuntamiento-adjudica-las-obras-del-centro-de-artes-escenicas-del-cabanyal-por-42-millones-de-euros\/","title":{"rendered":"L&#8217;Ajuntament adjudica les obres del Centre d&#8217;Arts Esc\u00e8niques del Cabanyal per 4,2 milions d&#8217;euros"},"content":{"rendered":"<div class=\"dateRedes\">\n<p><strong>15\/11\/2024<\/strong><\/p>\n<p>&nbsp;<\/p>\n<ul>\n<li><strong>La Junta de Govern Local encarrega la rehabilitaci\u00f3 de dos naus industrials i la construcci\u00f3 d&#8217;un edifici\u00a0annex per a allotjar el nou equipament p\u00fablic<\/strong><\/li>\n<\/ul>\n<ul>\n<li><strong>Les obres s&#8217;executaran en un termini de 15 mesos<\/strong><\/li>\n<\/ul>\n<p>&nbsp;<\/p>\n<p>El futur Centre d&#8217;Arts Esc\u00e8niques del Cabanyal-Canyamelar comen\u00e7a a veure la llum. Aix\u00ed es despr\u00e9n de l&#8217;acord de la Junta de Govern Local que hui ha adjudicat les obres d&#8217;este nou equipament p\u00fablic. Concretament, l&#8217;Ajuntament ha decidit encarregar la rehabilitaci\u00f3 integral de dos immobles municipals que daten de principis del segle XX, les naus industrials dels carrers de Mari\u00e0 Cuber i Vicent Brull, aix\u00ed com la construcci\u00f3 d&#8217;un edifici annex, amb acc\u00e9s per la pla\u00e7a de Calabuig.<\/p>\n<p>Estes obres les executar\u00e0, amb un pressupost de 4,2 milions d&#8217;euros i en un termini de 15 mesos, l&#8217;empresa Orthem Servicis i Actuacions Ambientals, que ha sigut la triada per a \u201cconformar este espai d&#8217;intercanvi, experimentaci\u00f3 i formaci\u00f3 per a les companyies d&#8217;arts esc\u00e8niques\u201d, amb un muntant exacte de 4.234.354,34 euros, amb c\u00e0rrec als comptes p\u00fablics dels exercicis 2024, 2025 i 2026.<\/p>\n<p>El projecte del Centre d&#8217;Arts Esc\u00e8niques del Cabanyal-Canyamelar contempla la conservaci\u00f3 dels elements arquitect\u00f2nics significatius i representatius de les naus de rajola cara-vista de 1924, que s&#8217;adequaran a l&#8217;\u00fas cultural, aix\u00ed com la construcci\u00f3 de l&#8217;edifici que, situat en els n\u00fameros 1, 4 i 5 de la pla\u00e7a de Calabuig, tindr\u00e0 diverses altures. El conjunt ser\u00e0 respectu\u00f3s amb l&#8217;arquitectura de les naus fabrils, i la superf\u00edcie ser\u00e0 de 1.255,30 m\u00b2, dels quals 273 m\u00b2 corresponen als solars sense edificar que albergaran els edificis de nova planta.<\/p>\n<p>Ser\u00e0 un espai per a la producci\u00f3 esc\u00e8nica, laboratori de creaci\u00f3 i formaci\u00f3 per a artistes del m\u00f3n del teatre, la dansa, el circ o les arts vives, i estar\u00e0 preparat per a acollir assajos i proves d&#8217;escenografia. Tamb\u00e9 tindr\u00e0 espais de reuni\u00f3 i trobada i zones perqu\u00e8 el p\u00fablic puga interactuar.<\/p>\n<p>&nbsp;<\/p>\n<\/div>\n<p>Font: <a href=\"https:\/\/www.valencia.es\/val\/actualitat\/-\/content\/adjudicadas-las-obras-del-centro-de-artes-esc%C3%A9nicas-del-cabanyal\" target=\"_blank\" rel=\"noopener\">Actualitat Ajuntament de Val\u00e8ncia<\/a><\/p>\n<p>&nbsp;<\/p>\n<p>&nbsp;<\/p>\n<p>&nbsp;<\/p>\n","protected":false},"excerpt":{"rendered":"<p>15\/11\/2024 &nbsp; La Junta de Govern Local encarrega la rehabilitaci\u00f3 de dos naus industrials i la construcci\u00f3 d&#8217;un edifici\u00a0annex per [&hellip;]<\/p>\n","protected":false},"author":2,"featured_media":10365,"comment_status":"open","ping_status":"open","sticky":false,"template":"","format":"standard","meta":{"site-sidebar-layout":"default","site-content-layout":"","ast-site-content-layout":"","site-content-style":"default","site-sidebar-style":"default","ast-global-header-display":"","ast-banner-title-visibility":"","ast-main-header-display":"","ast-hfb-above-header-display":"","ast-hfb-below-header-display":"","ast-hfb-mobile-header-display":"","site-post-title":"","ast-breadcrumbs-content":"","ast-featured-img":"","footer-sml-layout":"","theme-transparent-header-meta":"","adv-header-id-meta":"","stick-header-meta":"","header-above-stick-meta":"","header-main-stick-meta":"","header-below-stick-meta":"","astra-migrate-meta-layouts":"default","ast-page-background-enabled":"default","ast-page-background-meta":{"desktop":{"background-color":"var(--ast-global-color-5)","background-image":"","background-repeat":"repeat","background-position":"center center","background-size":"auto","background-attachment":"scroll","background-type":"","background-media":"","overlay-type":"","overlay-color":"","overlay-opacity":"","overlay-gradient":""},"tablet":{"background-color":"","background-image":"","background-repeat":"repeat","background-position":"center center","background-size":"auto","background-attachment":"scroll","background-type":"","background-media":"","overlay-type":"","overlay-color":"","overlay-opacity":"","overlay-gradient":""},"mobile":{"background-color":"","background-image":"","background-repeat":"repeat","background-position":"center center","background-size":"auto","background-attachment":"scroll","background-type":"","background-media":"","overlay-type":"","overlay-color":"","overlay-opacity":"","overlay-gradient":""}},"ast-content-background-meta":{"desktop":{"background-color":"var(--ast-global-color-4)","background-image":"","background-repeat":"repeat","background-position":"center center","background-size":"auto","background-attachment":"scroll","background-type":"","background-media":"","overlay-type":"","overlay-color":"","overlay-opacity":"","overlay-gradient":""},"tablet":{"background-color":"var(--ast-global-color-4)","background-image":"","background-repeat":"repeat","background-position":"center center","background-size":"auto","background-attachment":"scroll","background-type":"","background-media":"","overlay-type":"","overlay-color":"","overlay-opacity":"","overlay-gradient":""},"mobile":{"background-color":"var(--ast-global-color-4)","background-image":"","background-repeat":"repeat","background-position":"center center","background-size":"auto","background-attachment":"scroll","background-type":"","background-media":"","overlay-type":"","overlay-color":"","overlay-opacity":"","overlay-gradient":""}}},"categories":[57,23],"tags":[],"acf":[],"_links":{"self":[{"href":"https:\/\/plancabanyal.es\/va\/wp-json\/wp\/v2\/posts\/10362"}],"collection":[{"href":"https:\/\/plancabanyal.es\/va\/wp-json\/wp\/v2\/posts"}],"about":[{"href":"https:\/\/plancabanyal.es\/va\/wp-json\/wp\/v2\/types\/post"}],"author":[{"embeddable":true,"href":"https:\/\/plancabanyal.es\/va\/wp-json\/wp\/v2\/users\/2"}],"replies":[{"embeddable":true,"href":"https:\/\/plancabanyal.es\/va\/wp-json\/wp\/v2\/comments?post=10362"}],"version-history":[{"count":5,"href":"https:\/\/plancabanyal.es\/va\/wp-json\/wp\/v2\/posts\/10362\/revisions"}],"predecessor-version":[{"id":10372,"href":"https:\/\/plancabanyal.es\/va\/wp-json\/wp\/v2\/posts\/10362\/revisions\/10372"}],"wp:featuredmedia":[{"embeddable":true,"href":"https:\/\/plancabanyal.es\/va\/wp-json\/wp\/v2\/media\/10365"}],"wp:attachment":[{"href":"https:\/\/plancabanyal.es\/va\/wp-json\/wp\/v2\/media?parent=10362"}],"wp:term":[{"taxonomy":"category","embeddable":true,"href":"https:\/\/plancabanyal.es\/va\/wp-json\/wp\/v2\/categories?post=10362"},{"taxonomy":"post_tag","embeddable":true,"href":"https:\/\/plancabanyal.es\/va\/wp-json\/wp\/v2\/tags?post=10362"}],"curies":[{"name":"wp","href":"https:\/\/api.w.org\/{rel}","templated":true}]}}