{"id":10339,"date":"2024-10-22T09:41:58","date_gmt":"2024-10-22T07:41:58","guid":{"rendered":"https:\/\/plancabanyal.es\/?p=10339"},"modified":"2024-10-22T09:45:36","modified_gmt":"2024-10-22T07:45:36","slug":"el-consejo-de-administracion-de-aumsa-nombra-a-covadonga-rico-gerente-de-la-entidad","status":"publish","type":"post","link":"https:\/\/plancabanyal.es\/va\/el-consejo-de-administracion-de-aumsa-nombra-a-covadonga-rico-gerente-de-la-entidad\/","title":{"rendered":"El Consell d\u2019Administraci\u00f3 d\u2019AUMSA nomena Covadonga Rico gerent de l\u2019entitat"},"content":{"rendered":"<div class=\"dateRedes\">\n<p><strong>18\/10\/2024<\/strong><\/p>\n<p>&nbsp;<\/p>\n<ul>\n<li><strong>Amb els vots a favor del PP i Vox, l\u2019abstenci\u00f3 de PSPV i el vot en contra de Comprom\u00eds<\/strong><\/li>\n<\/ul>\n<ul>\n<li><strong>Substitueix en el c\u00e0rrec Ana Gil que ha exercit la ger\u00e8ncia fins al nomenament com a directora general del sector p\u00fablic<\/strong><\/li>\n<\/ul>\n<p>&nbsp;<\/p>\n<p>El Consell d&#8217;Administraci\u00f3 d\u2019AUMSA ha aprovat este mat\u00ed, amb els vots a favor del PP, Vox, l&#8217;abstenci\u00f3 de PSPV i el vot en contra de Comprom\u00eds, el nomenament de Covadonga Rico com a gerent de la Societat An\u00f2nima Municipal d\u2019Actuacions Urbanes de Val\u00e8ncia (AUMSA) per la seua formaci\u00f3 i llarga experi\u00e8ncia professional en l&#8217;administraci\u00f3 p\u00fablica.<\/p>\n<p>Covadonga Rico \u00e9s llicenciada en Dret per la Universitat Complutense de Madrid. Funcion\u00e0ria de carrera del Cos Superior d&#8217;Administradors Civils de l&#8217;Estat. Ha realitzat el Programa de Lideratge en Gesti\u00f3 P\u00fablica (IESE) i el M\u00e0ster Universitari en Comunicaci\u00f3 de l&#8217;Administraci\u00f3 P\u00fablica (UIMPINAP). A m\u00e9s, ha dedicat tota la carrera professional (m\u00e9s de 30 anys) a l&#8217;administraci\u00f3 p\u00fablica tant en l&#8217;Administraci\u00f3 General de l&#8217;Estat com en la Generalitat Valenciana. Actualment ocupava el lloc de consellera t\u00e8cnica de la Delegaci\u00f3 del Govern en la Comunitat Valenciana.<\/p>\n<p>Pr\u00e8viament, en la mateixa sessi\u00f3, s&#8217;ha aprovat el cessament d&#8217;Ana Gil com a gerent de la societat, se li ha agra\u00eft el treball que ha desenrotllat durant el temps que ha estat al capdavant de l&#8217;entitat fins al seu nomenament com a directora general del sector p\u00fablic a l&#8217;Ajuntament.<\/p>\n<p>&nbsp;<\/p>\n<\/div>\n<p>Fuente: <a href=\"https:\/\/www.valencia.es\/val\/actualitat\/-\/content\/nueva-gerente-aumsa\" target=\"_blank\" rel=\"noopener\">Actualidad Ayuntamiento de Valencia<\/a><\/p>\n<p>&nbsp;<\/p>\n<p>&nbsp;<\/p>\n<p>&nbsp;<\/p>\n","protected":false},"excerpt":{"rendered":"<p>18\/10\/2024 &nbsp; Amb els vots a favor del PP i Vox, l\u2019abstenci\u00f3 de PSPV i el vot en contra de [&hellip;]<\/p>\n","protected":false},"author":2,"featured_media":10330,"comment_status":"open","ping_status":"open","sticky":false,"template":"","format":"standard","meta":{"site-sidebar-layout":"default","site-content-layout":"","ast-site-content-layout":"","site-content-style":"default","site-sidebar-style":"default","ast-global-header-display":"","ast-banner-title-visibility":"","ast-main-header-display":"","ast-hfb-above-header-display":"","ast-hfb-below-header-display":"","ast-hfb-mobile-header-display":"","site-post-title":"","ast-breadcrumbs-content":"","ast-featured-img":"","footer-sml-layout":"","theme-transparent-header-meta":"","adv-header-id-meta":"","stick-header-meta":"","header-above-stick-meta":"","header-main-stick-meta":"","header-below-stick-meta":"","astra-migrate-meta-layouts":"default","ast-page-background-enabled":"default","ast-page-background-meta":{"desktop":{"background-color":"var(--ast-global-color-5)","background-image":"","background-repeat":"repeat","background-position":"center center","background-size":"auto","background-attachment":"scroll","background-type":"","background-media":"","overlay-type":"","overlay-color":"","overlay-opacity":"","overlay-gradient":""},"tablet":{"background-color":"","background-image":"","background-repeat":"repeat","background-position":"center center","background-size":"auto","background-attachment":"scroll","background-type":"","background-media":"","overlay-type":"","overlay-color":"","overlay-opacity":"","overlay-gradient":""},"mobile":{"background-color":"","background-image":"","background-repeat":"repeat","background-position":"center center","background-size":"auto","background-attachment":"scroll","background-type":"","background-media":"","overlay-type":"","overlay-color":"","overlay-opacity":"","overlay-gradient":""}},"ast-content-background-meta":{"desktop":{"background-color":"var(--ast-global-color-4)","background-image":"","background-repeat":"repeat","background-position":"center center","background-size":"auto","background-attachment":"scroll","background-type":"","background-media":"","overlay-type":"","overlay-color":"","overlay-opacity":"","overlay-gradient":""},"tablet":{"background-color":"var(--ast-global-color-4)","background-image":"","background-repeat":"repeat","background-position":"center center","background-size":"auto","background-attachment":"scroll","background-type":"","background-media":"","overlay-type":"","overlay-color":"","overlay-opacity":"","overlay-gradient":""},"mobile":{"background-color":"var(--ast-global-color-4)","background-image":"","background-repeat":"repeat","background-position":"center center","background-size":"auto","background-attachment":"scroll","background-type":"","background-media":"","overlay-type":"","overlay-color":"","overlay-opacity":"","overlay-gradient":""}}},"categories":[57,23],"tags":[],"acf":[],"_links":{"self":[{"href":"https:\/\/plancabanyal.es\/va\/wp-json\/wp\/v2\/posts\/10339"}],"collection":[{"href":"https:\/\/plancabanyal.es\/va\/wp-json\/wp\/v2\/posts"}],"about":[{"href":"https:\/\/plancabanyal.es\/va\/wp-json\/wp\/v2\/types\/post"}],"author":[{"embeddable":true,"href":"https:\/\/plancabanyal.es\/va\/wp-json\/wp\/v2\/users\/2"}],"replies":[{"embeddable":true,"href":"https:\/\/plancabanyal.es\/va\/wp-json\/wp\/v2\/comments?post=10339"}],"version-history":[{"count":3,"href":"https:\/\/plancabanyal.es\/va\/wp-json\/wp\/v2\/posts\/10339\/revisions"}],"predecessor-version":[{"id":10346,"href":"https:\/\/plancabanyal.es\/va\/wp-json\/wp\/v2\/posts\/10339\/revisions\/10346"}],"wp:featuredmedia":[{"embeddable":true,"href":"https:\/\/plancabanyal.es\/va\/wp-json\/wp\/v2\/media\/10330"}],"wp:attachment":[{"href":"https:\/\/plancabanyal.es\/va\/wp-json\/wp\/v2\/media?parent=10339"}],"wp:term":[{"taxonomy":"category","embeddable":true,"href":"https:\/\/plancabanyal.es\/va\/wp-json\/wp\/v2\/categories?post=10339"},{"taxonomy":"post_tag","embeddable":true,"href":"https:\/\/plancabanyal.es\/va\/wp-json\/wp\/v2\/tags?post=10339"}],"curies":[{"name":"wp","href":"https:\/\/api.w.org\/{rel}","templated":true}]}}