{"id":10327,"date":"2024-10-22T09:40:11","date_gmt":"2024-10-22T07:40:11","guid":{"rendered":"https:\/\/plancabanyal.es\/?p=10327"},"modified":"2024-10-22T09:44:47","modified_gmt":"2024-10-22T07:44:47","slug":"los-cementerios-municipales-amplian-su-horario-de-apertura-hasta-el-3-de-noviembre","status":"publish","type":"post","link":"https:\/\/plancabanyal.es\/va\/los-cementerios-municipales-amplian-su-horario-de-apertura-hasta-el-3-de-noviembre\/","title":{"rendered":"Els cementeris municipals amplien l&#8217;horari d&#8217;obertura fins al 3 de novembre"},"content":{"rendered":"<div class=\"dateRedes\">\n<p><strong>21\/10\/2024<\/strong><\/p>\n<p>&nbsp;<\/p>\n<ul>\n<li><strong>Els camposants estan oberts des de les 9 fins a les 18 hores, diumenge i festius inclusivament,<\/strong><strong>amb motiu de la festivitat de Tots Sants<\/strong><\/li>\n<\/ul>\n<ul>\n<li><strong>Per a facilitar les visites, l&#8217;Ajuntament refor\u00e7a les l\u00ednies de l&#8217;EMT que s\u2019acosten al Cementeri General i habilita espais per a aparcar al seu voltant<\/strong><\/li>\n<\/ul>\n<ul>\n<li><strong>El ban de l&#8217;alcaldessa tamb\u00e9 regula la col\u00b7locaci\u00f3 d&#8217;adorns florals davant les l\u00e0pides i n\u00ednxols, permesa fins a les 11 del mat\u00ed de l&#8217;1 de novembre<\/strong><\/li>\n<\/ul>\n<p>&nbsp;<\/p>\n<p>Els set cementeris municipals (General, Cabanyal, Campanar, Grau, Benim\u00e0met, Massarrojos i El Palmar) mantindran fins diumenge 3 novembre un horari d&#8217;obertura al p\u00fablic especial amb motiu de la celebraci\u00f3 de la festivitat de Tots els Sants. Este horari, operatiu des de dissabte passat, dia 19 d&#8217;octubre, permet l&#8217;entrada des de les 9 fins a les 18 hores, diumenge i festius inclusivament.<\/p>\n<p>Aix\u00ed consta en el\u00a0<a href=\"https:\/\/www.valencia.es\/val\/cementeris\/servicis-funeraris\">Ban<\/a>\u00a0que l&#8217;alcaldessa de Val\u00e8ncia, Mar\u00eda Jos\u00e9 Catal\u00e1, ha publicat per a establir una s\u00e8rie de normes en mat\u00e8ria d&#8217;accessibilitat i servicis, aix\u00ed com pel que fa a la venda de flors i r\u00e8gim intern dels cementeris durant estos dies en qu\u00e8 estos recintes municipals registren gran aflu\u00e8ncia de p\u00fablic.<\/p>\n<p>Entre estes mesures, cal destacar el refor\u00e7 de les l\u00ednies de l&#8217;Empresa Municipal de Transports (EMT), o l&#8217;habilitaci\u00f3 de zones d&#8217;aparcament per a particulars. Tamb\u00e9 s&#8217;establir\u00e0 un \u00fanic sentit de circulaci\u00f3 en uns certs trams, i es disposaran estacionaments espec\u00edfics per a taxis i bicicletes.<\/p>\n<p><strong>Dispositiu EMT<\/strong><\/p>\n<p>D&#8217;acord amb els informes dels Servicis de Mobilitat, Policia Local i Ocupaci\u00f3 del Domini P\u00fablic Municipal, les l\u00ednies 9, 10, 18 i 99 de l&#8217;EMT circularan refor\u00e7ades des del dissabte 26 d&#8217;octubre fins al divendres 1 de novembre, tots dos inclosos. Aix\u00ed mateix, hi haur\u00e0 un servici especial des del carrer de Periodista Azzati fins a la porta principal del Cementeri General, utilitzant la d\u00e0rsena del Crematori Municipal per a regular el seu servici, i un altre que circular\u00e0 des del Tanatori Municipal a l&#8217;ampliaci\u00f3 del cementeri paral\u00b7lel a la V-30.<\/p>\n<p>El ban de l&#8217;alcaldessa tamb\u00e9 regula la col\u00b7locaci\u00f3 d&#8217;adorns i la venda de flors, amb un m\u00e0xim de 12 llocs permesos en el Cementeri General i en altres cementeris.<\/p>\n<p>La ciutadania ha de col\u00b7locar els adorns florals davant les l\u00e0pides i n\u00ednxols dels seus \u00e9ssers estimats abans de les 11 del mat\u00ed de l&#8217;1 de novembre, i eixe quefer queda redu\u00eft a l&#8217;extensi\u00f3 d&#8217;estes sepultures. Pel que respecta a les caixes en les quals s&#8217;emporten els adorns, estes es depositaran en el lloc del cementeri, indicat pel personal encarregat del cementeri. Aix\u00ed mateix, la col\u00b7locaci\u00f3 de l\u00e0pides, creus, etc., nom\u00e9s es permetr\u00e0 fins a les 5 de la #vesprada del dia 30 d&#8217;octubre.<\/p>\n<p>El regidor delegat de Cementeris, Carlos Mundina, ha recordat que l&#8217;objectiu municipal \u00e9s \u201cgestionar la gran aflu\u00e8ncia de visitants que es registra tots els anys en els cementeris amb motiu de la festivitat de Tot Sants, garantir l&#8217;accessibilitat a estos recintes i regular tots els servicis addicionals com, per exemple, la venda de flors, amb la finalitat que les visites es duguen a terme de manera respectuosa i segura per a tota la poblaci\u00f3\u201d.<\/p>\n<p>&nbsp;<\/p>\n<\/div>\n<p>Fuente: <a href=\"https:\/\/www.valencia.es\/val\/actualitat\/-\/content\/bando-todos-los-santos\" target=\"_blank\" rel=\"noopener\">Actualidad Ayuntamiento de Valencia<\/a><\/p>\n<p>&nbsp;<\/p>\n<p>&nbsp;<\/p>\n<p>&nbsp;<\/p>\n","protected":false},"excerpt":{"rendered":"<p>21\/10\/2024 &nbsp; Els camposants estan oberts des de les 9 fins a les 18 hores, diumenge i festius inclusivament,amb motiu [&hellip;]<\/p>\n","protected":false},"author":2,"featured_media":10333,"comment_status":"open","ping_status":"open","sticky":false,"template":"","format":"standard","meta":{"site-sidebar-layout":"default","site-content-layout":"","ast-site-content-layout":"","site-content-style":"default","site-sidebar-style":"default","ast-global-header-display":"","ast-banner-title-visibility":"","ast-main-header-display":"","ast-hfb-above-header-display":"","ast-hfb-below-header-display":"","ast-hfb-mobile-header-display":"","site-post-title":"","ast-breadcrumbs-content":"","ast-featured-img":"","footer-sml-layout":"","theme-transparent-header-meta":"","adv-header-id-meta":"","stick-header-meta":"","header-above-stick-meta":"","header-main-stick-meta":"","header-below-stick-meta":"","astra-migrate-meta-layouts":"default","ast-page-background-enabled":"default","ast-page-background-meta":{"desktop":{"background-color":"var(--ast-global-color-5)","background-image":"","background-repeat":"repeat","background-position":"center center","background-size":"auto","background-attachment":"scroll","background-type":"","background-media":"","overlay-type":"","overlay-color":"","overlay-opacity":"","overlay-gradient":""},"tablet":{"background-color":"","background-image":"","background-repeat":"repeat","background-position":"center center","background-size":"auto","background-attachment":"scroll","background-type":"","background-media":"","overlay-type":"","overlay-color":"","overlay-opacity":"","overlay-gradient":""},"mobile":{"background-color":"","background-image":"","background-repeat":"repeat","background-position":"center center","background-size":"auto","background-attachment":"scroll","background-type":"","background-media":"","overlay-type":"","overlay-color":"","overlay-opacity":"","overlay-gradient":""}},"ast-content-background-meta":{"desktop":{"background-color":"var(--ast-global-color-4)","background-image":"","background-repeat":"repeat","background-position":"center center","background-size":"auto","background-attachment":"scroll","background-type":"","background-media":"","overlay-type":"","overlay-color":"","overlay-opacity":"","overlay-gradient":""},"tablet":{"background-color":"var(--ast-global-color-4)","background-image":"","background-repeat":"repeat","background-position":"center center","background-size":"auto","background-attachment":"scroll","background-type":"","background-media":"","overlay-type":"","overlay-color":"","overlay-opacity":"","overlay-gradient":""},"mobile":{"background-color":"var(--ast-global-color-4)","background-image":"","background-repeat":"repeat","background-position":"center center","background-size":"auto","background-attachment":"scroll","background-type":"","background-media":"","overlay-type":"","overlay-color":"","overlay-opacity":"","overlay-gradient":""}}},"categories":[57,23],"tags":[],"acf":[],"_links":{"self":[{"href":"https:\/\/plancabanyal.es\/va\/wp-json\/wp\/v2\/posts\/10327"}],"collection":[{"href":"https:\/\/plancabanyal.es\/va\/wp-json\/wp\/v2\/posts"}],"about":[{"href":"https:\/\/plancabanyal.es\/va\/wp-json\/wp\/v2\/types\/post"}],"author":[{"embeddable":true,"href":"https:\/\/plancabanyal.es\/va\/wp-json\/wp\/v2\/users\/2"}],"replies":[{"embeddable":true,"href":"https:\/\/plancabanyal.es\/va\/wp-json\/wp\/v2\/comments?post=10327"}],"version-history":[{"count":3,"href":"https:\/\/plancabanyal.es\/va\/wp-json\/wp\/v2\/posts\/10327\/revisions"}],"predecessor-version":[{"id":10345,"href":"https:\/\/plancabanyal.es\/va\/wp-json\/wp\/v2\/posts\/10327\/revisions\/10345"}],"wp:featuredmedia":[{"embeddable":true,"href":"https:\/\/plancabanyal.es\/va\/wp-json\/wp\/v2\/media\/10333"}],"wp:attachment":[{"href":"https:\/\/plancabanyal.es\/va\/wp-json\/wp\/v2\/media?parent=10327"}],"wp:term":[{"taxonomy":"category","embeddable":true,"href":"https:\/\/plancabanyal.es\/va\/wp-json\/wp\/v2\/categories?post=10327"},{"taxonomy":"post_tag","embeddable":true,"href":"https:\/\/plancabanyal.es\/va\/wp-json\/wp\/v2\/tags?post=10327"}],"curies":[{"name":"wp","href":"https:\/\/api.w.org\/{rel}","templated":true}]}}