{"id":10319,"date":"2024-10-21T08:28:09","date_gmt":"2024-10-21T06:28:09","guid":{"rendered":"https:\/\/plancabanyal.es\/?p=10319"},"modified":"2024-10-21T08:29:36","modified_gmt":"2024-10-21T06:29:36","slug":"el-ayuntamiento-subvenciona-con-50-000-euros-la-rehabilitacion-de-dos-inmuebles-del-barrio-del-cabanyal-canyamelar","status":"publish","type":"post","link":"https:\/\/plancabanyal.es\/va\/el-ayuntamiento-subvenciona-con-50-000-euros-la-rehabilitacion-de-dos-inmuebles-del-barrio-del-cabanyal-canyamelar\/","title":{"rendered":"L&#8217;Ajuntament subvenciona amb 50.000 euros la rehabilitaci\u00f3 de dos immobles del barri del Cabanyal-el Canyamelar"},"content":{"rendered":"<div class=\"dateRedes\">\n<p><strong>18\/10\/2024<\/strong><\/p>\n<\/div>\n<p>&nbsp;<\/p>\n<ul>\n<li><strong>La Junta de Govern Local ha donat el vistiplau a les ajudes, emmarcades en un pla conjunt amb la Generalitat Valenciana i el Ministeri<\/strong><\/li>\n<\/ul>\n<p>La Junta de Govern Local ha aprovat subvencionar amb un total de quasi 50.000 euros les rehabilitacions dutes a terme en dos immobles en el marc de l&#8217;\u00c0rea de Regeneraci\u00f3 i Renovaci\u00f3 Urbana del Barri del Cabanyal-el Canyamelar de Val\u00e8ncia. Este programa d&#8217;ajudes, subscrit en 2015 entre l&#8217;Ajuntament, la Generalitat i el Ministeri, t\u00e9 com a objectiu el finan\u00e7ament de la realitzaci\u00f3 conjunta de les obres de rehabilitaci\u00f3 d&#8217;edificis i vivendes, renovaci\u00f3 d&#8217;immobles, reurbanitzaci\u00f3 d&#8217;espais p\u00fablics i programes de reallotjaments.<\/p>\n<p>A trav\u00e9s de la societat municipal Pla Cabanyal-el Canyamelar, l&#8217;Ajuntament ha gestionat i coordinat les subvencions sol\u00b7licitades per comunitats de propietaris i empreses constructores. L&#8217;\u00f2rgan competent per a resoldre la concessi\u00f3 de les ajudes \u00e9s la Junta de Govern Local.<\/p>\n<p>Els dos immobles beneficiats es troben en el n\u00famero 51 del carrer de Josep Benlliure i el n\u00famero 97 del carrer del Rosari, en el Cabanyal-el Canyamelar. En el primer cas, l&#8217;import ascendix a 28.560,54 \u20ac i les obres de rehabilitaci\u00f3 s&#8217;han dut a terme en elements comuns de l&#8217;edifici i en dos vivendes, a petici\u00f3 de la mateixa comunitat de propietaris. En el cas del segon immoble, els propietaris han rebut una subvenci\u00f3 de 20.000 euros per les obres de millora realitzades.<\/p>\n<p>&nbsp;<\/p>\n<p>Fuente: <a href=\"https:\/\/www.valencia.es\/val\/actualitat\/-\/content\/subvencions-vivendes-cabanyal-canyamelar-1\" target=\"_blank\" rel=\"noopener\">Actualidad Ayuntamiento de Valencia<\/a><\/p>\n<p>&nbsp;<\/p>\n<p>&nbsp;<\/p>\n<p>&nbsp;<\/p>\n","protected":false},"excerpt":{"rendered":"<p>18\/10\/2024 &nbsp; La Junta de Govern Local ha donat el vistiplau a les ajudes, emmarcades en un pla conjunt amb [&hellip;]<\/p>\n","protected":false},"author":2,"featured_media":10317,"comment_status":"open","ping_status":"open","sticky":false,"template":"","format":"standard","meta":{"site-sidebar-layout":"default","site-content-layout":"","ast-site-content-layout":"","site-content-style":"default","site-sidebar-style":"default","ast-global-header-display":"","ast-banner-title-visibility":"","ast-main-header-display":"","ast-hfb-above-header-display":"","ast-hfb-below-header-display":"","ast-hfb-mobile-header-display":"","site-post-title":"","ast-breadcrumbs-content":"","ast-featured-img":"","footer-sml-layout":"","theme-transparent-header-meta":"","adv-header-id-meta":"","stick-header-meta":"","header-above-stick-meta":"","header-main-stick-meta":"","header-below-stick-meta":"","astra-migrate-meta-layouts":"default","ast-page-background-enabled":"default","ast-page-background-meta":{"desktop":{"background-color":"var(--ast-global-color-5)","background-image":"","background-repeat":"repeat","background-position":"center center","background-size":"auto","background-attachment":"scroll","background-type":"","background-media":"","overlay-type":"","overlay-color":"","overlay-opacity":"","overlay-gradient":""},"tablet":{"background-color":"","background-image":"","background-repeat":"repeat","background-position":"center center","background-size":"auto","background-attachment":"scroll","background-type":"","background-media":"","overlay-type":"","overlay-color":"","overlay-opacity":"","overlay-gradient":""},"mobile":{"background-color":"","background-image":"","background-repeat":"repeat","background-position":"center center","background-size":"auto","background-attachment":"scroll","background-type":"","background-media":"","overlay-type":"","overlay-color":"","overlay-opacity":"","overlay-gradient":""}},"ast-content-background-meta":{"desktop":{"background-color":"var(--ast-global-color-4)","background-image":"","background-repeat":"repeat","background-position":"center center","background-size":"auto","background-attachment":"scroll","background-type":"","background-media":"","overlay-type":"","overlay-color":"","overlay-opacity":"","overlay-gradient":""},"tablet":{"background-color":"var(--ast-global-color-4)","background-image":"","background-repeat":"repeat","background-position":"center center","background-size":"auto","background-attachment":"scroll","background-type":"","background-media":"","overlay-type":"","overlay-color":"","overlay-opacity":"","overlay-gradient":""},"mobile":{"background-color":"var(--ast-global-color-4)","background-image":"","background-repeat":"repeat","background-position":"center center","background-size":"auto","background-attachment":"scroll","background-type":"","background-media":"","overlay-type":"","overlay-color":"","overlay-opacity":"","overlay-gradient":""}}},"categories":[57,23],"tags":[],"acf":[],"_links":{"self":[{"href":"https:\/\/plancabanyal.es\/va\/wp-json\/wp\/v2\/posts\/10319"}],"collection":[{"href":"https:\/\/plancabanyal.es\/va\/wp-json\/wp\/v2\/posts"}],"about":[{"href":"https:\/\/plancabanyal.es\/va\/wp-json\/wp\/v2\/types\/post"}],"author":[{"embeddable":true,"href":"https:\/\/plancabanyal.es\/va\/wp-json\/wp\/v2\/users\/2"}],"replies":[{"embeddable":true,"href":"https:\/\/plancabanyal.es\/va\/wp-json\/wp\/v2\/comments?post=10319"}],"version-history":[{"count":3,"href":"https:\/\/plancabanyal.es\/va\/wp-json\/wp\/v2\/posts\/10319\/revisions"}],"predecessor-version":[{"id":10324,"href":"https:\/\/plancabanyal.es\/va\/wp-json\/wp\/v2\/posts\/10319\/revisions\/10324"}],"wp:featuredmedia":[{"embeddable":true,"href":"https:\/\/plancabanyal.es\/va\/wp-json\/wp\/v2\/media\/10317"}],"wp:attachment":[{"href":"https:\/\/plancabanyal.es\/va\/wp-json\/wp\/v2\/media?parent=10319"}],"wp:term":[{"taxonomy":"category","embeddable":true,"href":"https:\/\/plancabanyal.es\/va\/wp-json\/wp\/v2\/categories?post=10319"},{"taxonomy":"post_tag","embeddable":true,"href":"https:\/\/plancabanyal.es\/va\/wp-json\/wp\/v2\/tags?post=10319"}],"curies":[{"name":"wp","href":"https:\/\/api.w.org\/{rel}","templated":true}]}}