{"id":10307,"date":"2024-10-14T13:16:26","date_gmt":"2024-10-14T11:16:26","guid":{"rendered":"https:\/\/plancabanyal.es\/?p=10307"},"modified":"2024-10-14T13:19:41","modified_gmt":"2024-10-14T11:19:41","slug":"el-ciclo-integral-del-agua-regenera-los-tres-jardines-verticales-de-la-central-operativa-de-saneamiento-de-valencia","status":"publish","type":"post","link":"https:\/\/plancabanyal.es\/va\/el-ciclo-integral-del-agua-regenera-los-tres-jardines-verticales-de-la-central-operativa-de-saneamiento-de-valencia\/","title":{"rendered":"El Cicle Integral de l&#8217;Aigua regenera els tres jardins verticals de la Central Operativa de Sanejament de Val\u00e8ncia"},"content":{"rendered":"<div class=\"dateRedes\">\n<p><strong>14\/10\/2024<\/strong><\/p>\n<\/div>\n<p>&nbsp;<\/p>\n<ul>\n<li><strong>S&#8217;han fet treballs de desmuntatge de cel\u00b7les, condicionat el sistema de reg i substitu\u00eft el 100 % del sistema de vegetalitzaci\u00f3<\/strong><\/li>\n<\/ul>\n<ul>\n<li><strong>Esta actuaci\u00f3 ha suposat d&#8217;una inversi\u00f3 total de 211.000 euros<\/strong><\/li>\n<\/ul>\n<p>&nbsp;<\/p>\n<p>La Delegaci\u00f3 del Cicle Integral de l&#8217;Aigua de l&#8217;Ajuntament de Val\u00e8ncia ha dut a terme la regeneraci\u00f3 dels tres jardins verticals de l&#8217;edifici municipal de la Central Operativa de Sanejament, situat en el barri del Cabanyal-Canyamelar (Poblats Mar\u00edtims).<\/p>\n<p>Segons ha explicat el regidor de l&#8217;\u00e0rea, Carlos Mundina, la regeneraci\u00f3 realitzada i finalitzada el passat 7 d&#8217;octubre, \u201cha suposat d&#8217;una inversi\u00f3 total de 211.000 euros i consta d&#8217;un total de 450 metres quadrats, aproximadament, repartits entre les tres fatxes de l&#8217;edifici\u201d.<\/p>\n<p>Aix\u00ed mateix, Mundina ha indicat que en l&#8217;actuaci\u00f3 \u201cs&#8217;ha utilitzat el mateix sistema constructiu existent, denominat Babylon, que compta amb cel\u00b7les met\u00e0l\u00b7liques de 90 litres de capacitat farcides de substrat vegetal suspeses sobre estructura portant existent ancorada a la fa\u00e7ana de l&#8217;edifici\u201d. A m\u00e9s, ha assenyalat que els treballs han consistit a \u201csubstituir el 100 % del sistema de vegetalitzaci\u00f3 al mateix temps que s&#8217;ha reaprofitat tot el que era apte per a ser reciclat i s&#8217;ha reutilitzat de la resta de materials\u201d.<\/p>\n<p>La regeneraci\u00f3 s&#8217;ha executat en diverses fases. En primer lloc, s&#8217;ha procedit al desmuntatge i desmantellament de les cel\u00b7les existents, del circuit d&#8217;aprofitament per a cada component del sistema de reg i la neteja, reparaci\u00f3 i pintat de fa\u00e7anes. Durant estos treballs, en el viver s&#8217;ha procedit a la recuperaci\u00f3 de les cel\u00b7les mitjan\u00e7ant la seua neteja i eventual tractament de punts de corrosi\u00f3, col\u00b7locaci\u00f3 de nou sac i substrat i la plantaci\u00f3 de 15 plantes per cel\u00b7la.<\/p>\n<p>Posteriorment, s&#8217;ha verificat i condicionat el sistema de reg i s&#8217;ha reinstal\u00b7lat els gabions en les fa\u00e7anes. Finalment, s&#8217;ha efectuat els treballs de manteniment i consolidaci\u00f3 de les esp\u00e8cies mitjan\u00e7ant comprovacions visuals de l&#8217;estat de la plantaci\u00f3, gesti\u00f3 del reg, gesti\u00f3 integrada de plagues aix\u00ed com labors de reposici\u00f3 de falles, retallades i podes i un pla de nutrici\u00f3 vegetal.<\/p>\n<p>L&#8217;edil delegat del Cicle de l&#8217;Aigua ha subratllat que, pel fet que cada fa\u00e7ana presenta una orientaci\u00f3 distinta (est, sud i oest), \u201cla paleta d&#8217;esp\u00e8cies seleccionada ha sigut distinta per a cada orientaci\u00f3, tenint en compte les condicions d&#8217;incid\u00e8ncia solar, exposici\u00f3 a front mar\u00ed i r\u00e8gim de vents\u201d. Aix\u00ed, s&#8217;han triat Lami\u00e0cies, Gerani\u00e0cies, Aster\u00e0cies, Apocin\u00e0cies i Cariofil\u00b7l\u00e0cies, entre altres esp\u00e8cies, que han estat en hivernacle durant 12 setmanes, per a garantir i facilitar el correcte arrelament i consolidaci\u00f3 en les cel\u00b7les.<\/p>\n<p>Els jardins verticals s\u00f3n parets amb plantes utilitzades per a generar espais verds en la trama urbana. Carlos Mundina ha destacat els \u201cefectes positius\u201d que tenen les fa\u00e7anes vegetades com s\u00f3n \u201cla reducci\u00f3 de graus de temperatura tant en el barri com en el mateix edifici, amb el que contribu\u00efxen positivament a reduir l&#8217;efecte d&#8217;\u201cilla de calor\u201d. Tamb\u00e9, proporcionen major biodiversitat i absorbixen part\u00edcules contaminants de l&#8217;aire, sobretot les part\u00edcules ultres fines que s\u00f3n inhalades per les vies respirat\u00f2ries de la ciutadania\u201d.<\/p>\n<p>&nbsp;<\/p>\n<p>Font: <a href=\"https:\/\/www.valencia.es\/val\/actualitat\/-\/content\/regeneraci%C3%B3n-jardines-verticales\" target=\"_blank\" rel=\"noopener\">Actualitat Ajuntament de Valencia<\/a><\/p>\n<p>&nbsp;<\/p>\n<p>&nbsp;<\/p>\n<p>&nbsp;<\/p>\n","protected":false},"excerpt":{"rendered":"<p>14\/10\/2024 &nbsp; S&#8217;han fet treballs de desmuntatge de cel\u00b7les, condicionat el sistema de reg i substitu\u00eft el 100 % del [&hellip;]<\/p>\n","protected":false},"author":2,"featured_media":10304,"comment_status":"open","ping_status":"open","sticky":false,"template":"","format":"standard","meta":{"site-sidebar-layout":"default","site-content-layout":"","ast-site-content-layout":"","site-content-style":"default","site-sidebar-style":"default","ast-global-header-display":"","ast-banner-title-visibility":"","ast-main-header-display":"","ast-hfb-above-header-display":"","ast-hfb-below-header-display":"","ast-hfb-mobile-header-display":"","site-post-title":"","ast-breadcrumbs-content":"","ast-featured-img":"","footer-sml-layout":"","theme-transparent-header-meta":"","adv-header-id-meta":"","stick-header-meta":"","header-above-stick-meta":"","header-main-stick-meta":"","header-below-stick-meta":"","astra-migrate-meta-layouts":"default","ast-page-background-enabled":"default","ast-page-background-meta":{"desktop":{"background-color":"var(--ast-global-color-5)","background-image":"","background-repeat":"repeat","background-position":"center center","background-size":"auto","background-attachment":"scroll","background-type":"","background-media":"","overlay-type":"","overlay-color":"","overlay-opacity":"","overlay-gradient":""},"tablet":{"background-color":"","background-image":"","background-repeat":"repeat","background-position":"center center","background-size":"auto","background-attachment":"scroll","background-type":"","background-media":"","overlay-type":"","overlay-color":"","overlay-opacity":"","overlay-gradient":""},"mobile":{"background-color":"","background-image":"","background-repeat":"repeat","background-position":"center center","background-size":"auto","background-attachment":"scroll","background-type":"","background-media":"","overlay-type":"","overlay-color":"","overlay-opacity":"","overlay-gradient":""}},"ast-content-background-meta":{"desktop":{"background-color":"var(--ast-global-color-4)","background-image":"","background-repeat":"repeat","background-position":"center center","background-size":"auto","background-attachment":"scroll","background-type":"","background-media":"","overlay-type":"","overlay-color":"","overlay-opacity":"","overlay-gradient":""},"tablet":{"background-color":"var(--ast-global-color-4)","background-image":"","background-repeat":"repeat","background-position":"center center","background-size":"auto","background-attachment":"scroll","background-type":"","background-media":"","overlay-type":"","overlay-color":"","overlay-opacity":"","overlay-gradient":""},"mobile":{"background-color":"var(--ast-global-color-4)","background-image":"","background-repeat":"repeat","background-position":"center center","background-size":"auto","background-attachment":"scroll","background-type":"","background-media":"","overlay-type":"","overlay-color":"","overlay-opacity":"","overlay-gradient":""}}},"categories":[57,23],"tags":[],"acf":[],"_links":{"self":[{"href":"https:\/\/plancabanyal.es\/va\/wp-json\/wp\/v2\/posts\/10307"}],"collection":[{"href":"https:\/\/plancabanyal.es\/va\/wp-json\/wp\/v2\/posts"}],"about":[{"href":"https:\/\/plancabanyal.es\/va\/wp-json\/wp\/v2\/types\/post"}],"author":[{"embeddable":true,"href":"https:\/\/plancabanyal.es\/va\/wp-json\/wp\/v2\/users\/2"}],"replies":[{"embeddable":true,"href":"https:\/\/plancabanyal.es\/va\/wp-json\/wp\/v2\/comments?post=10307"}],"version-history":[{"count":3,"href":"https:\/\/plancabanyal.es\/va\/wp-json\/wp\/v2\/posts\/10307\/revisions"}],"predecessor-version":[{"id":10312,"href":"https:\/\/plancabanyal.es\/va\/wp-json\/wp\/v2\/posts\/10307\/revisions\/10312"}],"wp:featuredmedia":[{"embeddable":true,"href":"https:\/\/plancabanyal.es\/va\/wp-json\/wp\/v2\/media\/10304"}],"wp:attachment":[{"href":"https:\/\/plancabanyal.es\/va\/wp-json\/wp\/v2\/media?parent=10307"}],"wp:term":[{"taxonomy":"category","embeddable":true,"href":"https:\/\/plancabanyal.es\/va\/wp-json\/wp\/v2\/categories?post=10307"},{"taxonomy":"post_tag","embeddable":true,"href":"https:\/\/plancabanyal.es\/va\/wp-json\/wp\/v2\/tags?post=10307"}],"curies":[{"name":"wp","href":"https:\/\/api.w.org\/{rel}","templated":true}]}}