{"id":10290,"date":"2024-10-10T10:02:01","date_gmt":"2024-10-10T08:02:01","guid":{"rendered":"https:\/\/plancabanyal.es\/?p=10290"},"modified":"2024-10-10T10:08:30","modified_gmt":"2024-10-10T08:08:30","slug":"comunidad-energetica-local-de-cabanal-canamelar-y-malvarrosa-comienza-la-transformacion-energetica","status":"publish","type":"post","link":"https:\/\/plancabanyal.es\/va\/comunidad-energetica-local-de-cabanal-canamelar-y-malvarrosa-comienza-la-transformacion-energetica\/","title":{"rendered":"Comunitat Energ\u00e8tica Local de Cabanyal, Canyamelar y Malvarrosa: comen\u00e7a la transformaci\u00f3 energ\u00e8tica!"},"content":{"rendered":"<div class=\"dateRedes\">\n<p><strong>10\/10\/2024<\/strong><\/p>\n<\/div>\n<p>&nbsp;<\/p>\n<p>Des de l&#8217;<strong>Oficina de Transformaci\u00f3 Comunitaria (OE-OTC)<\/strong>, de la Fundaci\u00f3 Val\u00e8ncia Clima i Energia, despr\u00e9s de la realitzaci\u00f3 del taller \u201cEls Barris de Cabanyal Canyamelar i Malvarrosa es conecten al sol\u201d del passat 26 de setembre, s&#8217;ha realitzat un v\u00eddeo que arreplega el succe\u00eft aquell dia.<\/p>\n<p>Este \u00e9s el link del v\u00eddeo: <a href=\"https:\/\/www.youtube.com\/watch?v=-5mNXo8hKvk\">https:\/\/www.youtube.com\/watch?v=-5mNXo8hKvk<\/a><\/p>\n<p>Per si queda algun dubte, en este altre link s&#8217;explica de forma molt clara qu\u00e8 \u00e9s una\u00a0<strong>Comunitat Energ\u00e8tica Local<\/strong>:<\/p>\n<p><a href=\"https:\/\/www.youtube.com\/watch?v=JJd4dUq_k-8\">https:\/\/www.youtube.com\/watch?v=JJd4dUq_k-8<\/a><\/p>\n<p>&nbsp;<\/p>\n<p>Finalment, compartir un PDF amb la presentaci\u00f3 que es va treballar en el taller. Despr\u00e9s de la trobada, ha sorgit un grup de gent interessada a comen\u00e7ar a treballar en el desenrotllament d&#8217;una Comunitat Energ\u00e8tica Local en Poblats Mar\u00edtims.<\/p>\n<p>Si est\u00e0s interessat\/a a formar part, pots contactar amb qualsevol membre de l&#8217;equip\u00a0 <strong>Oficinas de Transformaci\u00f3n Comunitaria (OTC)<\/strong>\u00a0 de suport a les Comunitats Energ\u00e8tiques mitjan\u00e7ant crida, whatsapp o a l&#8217;email: <a href=\"mailto:com.ener@climaienergia.com\">com.ener@climaienergia.com<\/a><\/p>\n<p><strong>Equip OTC:<\/strong> Jorge (605 534 932), Zeina (635 988 976) y Carla (657 306 019)<\/p>\n<p>&nbsp;<\/p>\n<p><a href=\"https:\/\/drive.google.com\/file\/d\/1_yA0LozVdWT1YGwXOeljm8fExjoqgWRo\/view?usp=sharing\" target=\"_blank\" rel=\"noopener\">Presentaci\u00f3 &#8211; pdf<\/a><\/p>\n<p>Font: <a href=\"http:\/\/www.climaienergia.com\" target=\"_blank\" rel=\"noopener\">Val\u00e8ncia Clima i Energia<\/a><\/p>\n<p>&nbsp;<\/p>\n<p>&nbsp;<\/p>\n<p>&nbsp;<\/p>\n","protected":false},"excerpt":{"rendered":"<p>10\/10\/2024 &nbsp; Des de l&#8217;Oficina de Transformaci\u00f3 Comunitaria (OE-OTC), de la Fundaci\u00f3 Val\u00e8ncia Clima i Energia, despr\u00e9s de la realitzaci\u00f3 [&hellip;]<\/p>\n","protected":false},"author":2,"featured_media":10293,"comment_status":"open","ping_status":"open","sticky":false,"template":"","format":"standard","meta":{"site-sidebar-layout":"default","site-content-layout":"","ast-site-content-layout":"","site-content-style":"default","site-sidebar-style":"default","ast-global-header-display":"","ast-banner-title-visibility":"","ast-main-header-display":"","ast-hfb-above-header-display":"","ast-hfb-below-header-display":"","ast-hfb-mobile-header-display":"","site-post-title":"","ast-breadcrumbs-content":"","ast-featured-img":"","footer-sml-layout":"","theme-transparent-header-meta":"","adv-header-id-meta":"","stick-header-meta":"","header-above-stick-meta":"","header-main-stick-meta":"","header-below-stick-meta":"","astra-migrate-meta-layouts":"default","ast-page-background-enabled":"default","ast-page-background-meta":{"desktop":{"background-color":"var(--ast-global-color-5)","background-image":"","background-repeat":"repeat","background-position":"center center","background-size":"auto","background-attachment":"scroll","background-type":"","background-media":"","overlay-type":"","overlay-color":"","overlay-opacity":"","overlay-gradient":""},"tablet":{"background-color":"","background-image":"","background-repeat":"repeat","background-position":"center center","background-size":"auto","background-attachment":"scroll","background-type":"","background-media":"","overlay-type":"","overlay-color":"","overlay-opacity":"","overlay-gradient":""},"mobile":{"background-color":"","background-image":"","background-repeat":"repeat","background-position":"center center","background-size":"auto","background-attachment":"scroll","background-type":"","background-media":"","overlay-type":"","overlay-color":"","overlay-opacity":"","overlay-gradient":""}},"ast-content-background-meta":{"desktop":{"background-color":"var(--ast-global-color-4)","background-image":"","background-repeat":"repeat","background-position":"center center","background-size":"auto","background-attachment":"scroll","background-type":"","background-media":"","overlay-type":"","overlay-color":"","overlay-opacity":"","overlay-gradient":""},"tablet":{"background-color":"var(--ast-global-color-4)","background-image":"","background-repeat":"repeat","background-position":"center center","background-size":"auto","background-attachment":"scroll","background-type":"","background-media":"","overlay-type":"","overlay-color":"","overlay-opacity":"","overlay-gradient":""},"mobile":{"background-color":"var(--ast-global-color-4)","background-image":"","background-repeat":"repeat","background-position":"center center","background-size":"auto","background-attachment":"scroll","background-type":"","background-media":"","overlay-type":"","overlay-color":"","overlay-opacity":"","overlay-gradient":""}}},"categories":[57,23],"tags":[],"acf":[],"_links":{"self":[{"href":"https:\/\/plancabanyal.es\/va\/wp-json\/wp\/v2\/posts\/10290"}],"collection":[{"href":"https:\/\/plancabanyal.es\/va\/wp-json\/wp\/v2\/posts"}],"about":[{"href":"https:\/\/plancabanyal.es\/va\/wp-json\/wp\/v2\/types\/post"}],"author":[{"embeddable":true,"href":"https:\/\/plancabanyal.es\/va\/wp-json\/wp\/v2\/users\/2"}],"replies":[{"embeddable":true,"href":"https:\/\/plancabanyal.es\/va\/wp-json\/wp\/v2\/comments?post=10290"}],"version-history":[{"count":4,"href":"https:\/\/plancabanyal.es\/va\/wp-json\/wp\/v2\/posts\/10290\/revisions"}],"predecessor-version":[{"id":10301,"href":"https:\/\/plancabanyal.es\/va\/wp-json\/wp\/v2\/posts\/10290\/revisions\/10301"}],"wp:featuredmedia":[{"embeddable":true,"href":"https:\/\/plancabanyal.es\/va\/wp-json\/wp\/v2\/media\/10293"}],"wp:attachment":[{"href":"https:\/\/plancabanyal.es\/va\/wp-json\/wp\/v2\/media?parent=10290"}],"wp:term":[{"taxonomy":"category","embeddable":true,"href":"https:\/\/plancabanyal.es\/va\/wp-json\/wp\/v2\/categories?post=10290"},{"taxonomy":"post_tag","embeddable":true,"href":"https:\/\/plancabanyal.es\/va\/wp-json\/wp\/v2\/tags?post=10290"}],"curies":[{"name":"wp","href":"https:\/\/api.w.org\/{rel}","templated":true}]}}