{"id":10126,"date":"2024-09-05T14:01:34","date_gmt":"2024-09-05T12:01:34","guid":{"rendered":"https:\/\/plancabanyal.es\/?p=10126"},"modified":"2024-09-23T09:16:03","modified_gmt":"2024-09-23T07:16:03","slug":"valencia-clima-i-energia-amplia-las-comunidades-energeticas-locales-al-maritim-en-el-marco-del-programa-los-barrios-se-conectan-al-sol","status":"publish","type":"post","link":"https:\/\/plancabanyal.es\/va\/valencia-clima-i-energia-amplia-las-comunidades-energeticas-locales-al-maritim-en-el-marco-del-programa-los-barrios-se-conectan-al-sol\/","title":{"rendered":"Val\u00e8ncia Clima i Energia amplia les comunitats energ\u00e8tiques locals al Mar\u00edtim en el marc del programa \u201cEls barris es connecten al sol\u201d"},"content":{"rendered":"<div class=\"dateRedes\">\n<p><strong>22\/09\/2024<\/strong><\/p>\n<\/div>\n<p>&nbsp;<\/p>\n<ul>\n<li><strong>Actualment hi ha constitu\u00efdes set comunitats energ\u00e8tiques, en diferents fases de desenvolupament, a Algir\u00f3s, Malilla, Russafa, Ciutat Vella, Malva-rosa, Sa\u00efdia i Castellar-l\u2019Oliveral, i projectes a Benimaclet i l\u2019Olivereta<\/strong><\/li>\n<\/ul>\n<ul>\n<li><strong>El pr\u00f2xim 26 de setembre se celebrar\u00e0 una trobada amb ve\u00efns i comerciants del Cabanyal-Canyamelar i Malva-rosa per a impulsar la creaci\u00f3 de comunitats energ\u00e8tiques al Districte Mar\u00edtim<\/strong><\/li>\n<\/ul>\n<ul>\n<li><strong>El regidor Carlos Mundina ha def\u00e9s els avantatges d&#8217;este model de generaci\u00f3 i consum d&#8217;energia sostenible que, ha assegurat, \u201cja funciona amb \u00e8xit en molts llocs d&#8217;Europa\u201d<\/strong><\/li>\n<\/ul>\n<p>L&#8217;Ajuntament de Val\u00e8ncia, a trav\u00e9s de la Fundaci\u00f3 Val\u00e8ncia Clima i Energia vol ampliar la constituci\u00f3 de comunitats energ\u00e8tiques locals. En el marc del programa \u201cEls barris es connecten al sol\u201d, que ja funciona en set punts de la ciutat, la setmana que ve se celebrar\u00e0 una trobada informativa per a impulsar les comunitats energ\u00e8tiques locals als barris del Cabanyal-Canyamelar i la Malva-rosa.<\/p>\n<p>Tal com ha explicat el regidor de Millora Clim\u00e0tica i Efici\u00e8ncia Energ\u00e8tica, Carlos Mundina, \u201cl&#8217;objectiu d&#8217;una comunitat energ\u00e8tica \u00e9s oferir beneficis energ\u00e8tics als seus membres, per\u00f2 tamb\u00e9 genera beneficis mediambientals, econ\u00f2mics i socials per al barri en el qual funciona i per a tota la ciutat\u201d. \u201cPer aix\u00f2 \u2013ha afegit- des de l&#8217;Ajuntament, a trav\u00e9s de la Fundaci\u00f3 Val\u00e8ncia Clima i Energia, i amb fons europeus, volem impulsar este model de generaci\u00f3 i consum d&#8217;energia sostenible que ja funciona amb \u00e8xit en molts llocs d&#8217;Europa\u201d.<\/p>\n<p>En estos moments, ja hi ha constitu\u00efdes set comunitats energ\u00e8tiques a Val\u00e8ncia, que es troben en diferents fases de desenvolupament. S\u00f3n les comunitats d&#8217;Algir\u00f3s, Malilla, Russafa, Ciutat Vella, Malva-rosa, Sa\u00efdia i Castellar-l\u2019Oliveral. A m\u00e9s, estan en projecte les de Benimaclet i l\u2019Olivereta. Totes elles compten amb finan\u00e7ament de la Uni\u00f3 Europea, en el marc del programa OTCs (Projecte Europeu d&#8217;Oficines de Transformaci\u00f3 Comunit\u00e0ria) \u201camb l&#8217;objectiu de replicar en tots els barris de Val\u00e8ncia la f\u00f3rmula d&#8217;\u00e8xit de la CEL de Castellar-l&#8217;Oliveral que funciona des de 2022\u201d, ha recordat Mundina.<\/p>\n<p>En este context, el pr\u00f2xim 26 de setembre, personal de la Fundaci\u00f3 Val\u00e8ncia i Energia es reunir\u00e0 amb ve\u00efns i comerciants del Cabanyal, Canyamelar i Malva-rosa de cara a la creaci\u00f3 de comunitats energ\u00e8tiques en el Districte Mar\u00edtim. Esta trobada amb ve\u00efns del Mar\u00edtim tindr\u00e0 r\u00e8pliques amb diferents associacions de ve\u00efns d&#8217;altres punts de la ciutat, que estaran coordinades des de Val\u00e8ncia Clima i Energia.<\/p>\n<p><strong>Els barris es connecten al sol<\/strong><\/p>\n<p>\u201cEls barris es connecten al sol\u201d \u00e9s una iniciativa de la Fundaci\u00f3 Val\u00e8ncia Clima i Energia per a animar els ve\u00efns i ve\u00efnes de Val\u00e8ncia a constituir-se com a associaci\u00f3 o cooperativa per a finan\u00e7ar la instal\u00b7laci\u00f3 d&#8217;una planta fotovoltaica al seu barri i gestionar col\u00b7lectivament els recursos energ\u00e8tics que genere, i en la qual poden participar tant persones f\u00edsiques, com a pimes o institucions p\u00fabliques o privades situades en el barri.<\/p>\n<p>La comunitat de Castellar-l\u2019Oliveral va ser la primera constitu\u00efda a la ciutat. Va ser l&#8217;any 2022, i segons les seues dades ja ha generat m\u00e9s de 137.00 kwh, i ha estalviat l&#8217;emissi\u00f3 de m\u00e9s de 60.000 quilos de CO\u2082 a l&#8217;atmosfera, l&#8217;equivalent a plantar m\u00e9s de 3.000 arbres.<\/p>\n<p>L&#8217;Oficina de Transformaci\u00f3 Comunit\u00e0ria (OTC), dependent de la Fundaci\u00f3 Val\u00e8ncia Clima i Energia, oferix de manera gratu\u00efta servicis de formaci\u00f3, assessorament i suport t\u00e8cnic, per a crear una comunitat o participar en una Comunitat Energ\u00e8tica Local ja creada. Les OTCs ajuden a posar en contacte les persones del mateix barri interessades en el desenvolupament d&#8217;un projecte, estudien la millor f\u00f3rmula legal per a constituir-se, els acompanyen en el proc\u00e9s de registre i els ajuden a buscar opcions de cobertes al barri, on siga viable dur a terme la instal\u00b7laci\u00f3 solar fotovoltaica.<\/p>\n<p>El regidor Carlos Mundina ha explicat que \u201ccada comunitat energ\u00e8tica pot realitzar, a m\u00e9s de la instal\u00b7laci\u00f3 d&#8217;una planta solar fotovoltaica de producci\u00f3 d&#8217;energia el\u00e8ctrica per al consum de les persones s\u00f2cies, moltes altres activitats relacionades amb l&#8217;efici\u00e8ncia energ\u00e8tica, activitats formatives sobre energia, mobilitat el\u00e8ctrica\u2026\u201d. \u201cVolem una Val\u00e8ncia m\u00e9s verda i la transici\u00f3 energ\u00e8tica \u00e9s una de les grans apostes municipals per a aconseguir-ho\u201d, ha concl\u00f2s l&#8217;edil.<\/p>\n<p>Font: <a href=\"https:\/\/www.valencia.es\/val\/actualitat\/-\/content\/comunidades-energ%C3%A9ticas-locales-en-el-mar%C3%ADtimo\" target=\"_blank\" rel=\"noopener\">Actualitat \u2013 Ajuntament de Valencia<\/a><\/p>\n<p>&nbsp;<\/p>\n<p>&nbsp;<\/p>\n<p>&nbsp;<\/p>\n","protected":false},"excerpt":{"rendered":"<p>22\/09\/2024 &nbsp; Actualment hi ha constitu\u00efdes set comunitats energ\u00e8tiques, en diferents fases de desenvolupament, a Algir\u00f3s, Malilla, Russafa, Ciutat Vella, [&hellip;]<\/p>\n","protected":false},"author":2,"featured_media":10112,"comment_status":"open","ping_status":"open","sticky":false,"template":"","format":"standard","meta":{"site-sidebar-layout":"default","site-content-layout":"","ast-site-content-layout":"","site-content-style":"default","site-sidebar-style":"default","ast-global-header-display":"","ast-banner-title-visibility":"","ast-main-header-display":"","ast-hfb-above-header-display":"","ast-hfb-below-header-display":"","ast-hfb-mobile-header-display":"","site-post-title":"","ast-breadcrumbs-content":"","ast-featured-img":"","footer-sml-layout":"","theme-transparent-header-meta":"","adv-header-id-meta":"","stick-header-meta":"","header-above-stick-meta":"","header-main-stick-meta":"","header-below-stick-meta":"","astra-migrate-meta-layouts":"default","ast-page-background-enabled":"default","ast-page-background-meta":{"desktop":{"background-color":"var(--ast-global-color-5)","background-image":"","background-repeat":"repeat","background-position":"center center","background-size":"auto","background-attachment":"scroll","background-type":"","background-media":"","overlay-type":"","overlay-color":"","overlay-opacity":"","overlay-gradient":""},"tablet":{"background-color":"","background-image":"","background-repeat":"repeat","background-position":"center center","background-size":"auto","background-attachment":"scroll","background-type":"","background-media":"","overlay-type":"","overlay-color":"","overlay-opacity":"","overlay-gradient":""},"mobile":{"background-color":"","background-image":"","background-repeat":"repeat","background-position":"center center","background-size":"auto","background-attachment":"scroll","background-type":"","background-media":"","overlay-type":"","overlay-color":"","overlay-opacity":"","overlay-gradient":""}},"ast-content-background-meta":{"desktop":{"background-color":"var(--ast-global-color-4)","background-image":"","background-repeat":"repeat","background-position":"center center","background-size":"auto","background-attachment":"scroll","background-type":"","background-media":"","overlay-type":"","overlay-color":"","overlay-opacity":"","overlay-gradient":""},"tablet":{"background-color":"var(--ast-global-color-4)","background-image":"","background-repeat":"repeat","background-position":"center center","background-size":"auto","background-attachment":"scroll","background-type":"","background-media":"","overlay-type":"","overlay-color":"","overlay-opacity":"","overlay-gradient":""},"mobile":{"background-color":"var(--ast-global-color-4)","background-image":"","background-repeat":"repeat","background-position":"center center","background-size":"auto","background-attachment":"scroll","background-type":"","background-media":"","overlay-type":"","overlay-color":"","overlay-opacity":"","overlay-gradient":""}}},"categories":[49,23],"tags":[],"acf":[],"_links":{"self":[{"href":"https:\/\/plancabanyal.es\/va\/wp-json\/wp\/v2\/posts\/10126"}],"collection":[{"href":"https:\/\/plancabanyal.es\/va\/wp-json\/wp\/v2\/posts"}],"about":[{"href":"https:\/\/plancabanyal.es\/va\/wp-json\/wp\/v2\/types\/post"}],"author":[{"embeddable":true,"href":"https:\/\/plancabanyal.es\/va\/wp-json\/wp\/v2\/users\/2"}],"replies":[{"embeddable":true,"href":"https:\/\/plancabanyal.es\/va\/wp-json\/wp\/v2\/comments?post=10126"}],"version-history":[{"count":3,"href":"https:\/\/plancabanyal.es\/va\/wp-json\/wp\/v2\/posts\/10126\/revisions"}],"predecessor-version":[{"id":10130,"href":"https:\/\/plancabanyal.es\/va\/wp-json\/wp\/v2\/posts\/10126\/revisions\/10130"}],"wp:featuredmedia":[{"embeddable":true,"href":"https:\/\/plancabanyal.es\/va\/wp-json\/wp\/v2\/media\/10112"}],"wp:attachment":[{"href":"https:\/\/plancabanyal.es\/va\/wp-json\/wp\/v2\/media?parent=10126"}],"wp:term":[{"taxonomy":"category","embeddable":true,"href":"https:\/\/plancabanyal.es\/va\/wp-json\/wp\/v2\/categories?post=10126"},{"taxonomy":"post_tag","embeddable":true,"href":"https:\/\/plancabanyal.es\/va\/wp-json\/wp\/v2\/tags?post=10126"}],"curies":[{"name":"wp","href":"https:\/\/api.w.org\/{rel}","templated":true}]}}