{"id":10042,"date":"2024-09-05T14:01:03","date_gmt":"2024-09-05T12:01:03","guid":{"rendered":"https:\/\/plancabanyal.es\/?p=10042"},"modified":"2024-09-05T14:10:20","modified_gmt":"2024-09-05T12:10:20","slug":"taller-informativo-sobre-comunidades-energeticas-locales-cel","status":"publish","type":"post","link":"https:\/\/plancabanyal.es\/va\/taller-informativo-sobre-comunidades-energeticas-locales-cel\/","title":{"rendered":"Taller informatiu sobre Comunitats Energ\u00e8tiques Locals (CEL)"},"content":{"rendered":"<div class=\"dateRedes\">\n<p><strong>05\/09\/2024<\/strong><\/p>\n<\/div>\n<p>&nbsp;<\/p>\n<p>Si vols saber en qu\u00e8 consistix una Comunitat Energ\u00e8tica Local (CEL), apunta\u2019t al taller que impartir\u00e0 la <strong><em>Fundaci\u00f3 Val\u00e8ncia Clima i Energia <\/em><\/strong>el pr\u00f2xim dijous 26 de setembre a las 18h en el <strong><em>Observatori del Canvi Clim\u00e0tic <\/em><\/strong><em>(C\/ del Dr. Lluch, 60, 46011 Val\u00e8ncia), aprofitant el <strong>D\u00eda Europeu de las Comunitats Sostenibles <\/strong><\/em><strong>(EDSC)<\/strong>.<\/p>\n<p>&nbsp;<\/p>\n<p>En ell explicarem tot el necessari perqu\u00e8 pugues con\u00e9ixer-les:<\/p>\n<p>\u2013 Qu\u00e8 \u00e9s una CEL?<br \/>\n\u2013 Quins beneficis individuals i col\u00b7lectius t\u00e9 formar part d\u2019una CEL?<br \/>\n\u2013 Com puc crear una CEL o com puc formar part d\u2019una ja constitu\u00efda?<br \/>\n\u2013 Com puc con\u00e9ixer les CEL que hi ha en el meu barri?<\/p>\n<p>&nbsp;<\/p>\n<p>A trav\u00e9s de la seua Oficina de Transformaci\u00f3 Comunit\u00e0ria (OTC) estan oferint de manera gratu\u00efta servicis de formaci\u00f3, assessorament, i suport t\u00e8cnic per a crear i\/o participar una Comunitat Energ\u00e8tica Local, les quals, a part d&#8217;estalvis econ\u00f2mics, s\u00f3n un motor que busca beneficis mediambientals i socials per a les ve\u00efnes i ve\u00efns del nostre barri.<\/p>\n<p>Si est\u00e0s interessada o interessat nom\u00e9s has d&#8217;inscriure&#8217;t mitjan\u00e7ant l&#8217;enlla\u00e7 que apareix just ac\u00ed baix:<\/p>\n<p><em><a href=\"https:\/\/indawsodoo-clima-energia.odoo.com\/event\/taller-oe-otc-els-barris-cabanyal-canyamelar-i-malva-rosa-es-connecten-al-sol-416\/register#scrollTop=0\">https:\/\/indawsodoo-clima-energia.odoo.com\/event\/taller-oe-otc-els-barris-cabanyal-canyamelar-i-malva-rosa-es-connecten-al-sol-416\/register#scrollTop=0<\/a><\/em><\/p>\n<p>En el taller s\u2019explicar\u00e0 el model energ\u00e8tic actual, el marc europeu i nacional, com funciona una instal\u00b7laci\u00f3 fotovoltaica i les difer\u00e8ncies entre les modalitats d\u2019autoconsum compartit per a poder entendre qu\u00e8 \u00e9s i per a qu\u00e8 naix una Comunitat Energ\u00e8tica Local. Alhora, s\u2019explicar\u00e0 quines activitats pot desenrotllar una CEL i casos d\u2019\u00e8xit amb CELs ja constitu\u00efdes i en funcionament.<\/p>\n<p>Alhora, s&#8217;explicar\u00e0 quines activitats pot desenrotllar una CEL i casos d&#8217;\u00e8xit amb CELs ja constitu\u00efdes i en funcionament.<\/p>\n<p>Per cert\u2026 Ja hi ha 8 CELs constitu\u00efdes a Val\u00e8ncia! T\u2019unixes a la transici\u00f3?<\/p>\n<p>&nbsp;<\/p>\n<p><a href=\"https:\/\/drive.google.com\/file\/d\/1SzfZqnxiy2KEHDaG5nNrVEg7PDRN3fpn\/view?usp=sharing\" target=\"_blank\" rel=\"noopener\">Tr\u00edptic informatiu<\/a><\/p>\n<p>Font: <a href=\"https:\/\/climaienergia.com\/es\/eventos\/26-09-2024\/\" target=\"_blank\" rel=\"noopener\">Val\u00e8ncia Clima i Energia<\/a><\/p>\n<p>&nbsp;<\/p>\n<p>&nbsp;<\/p>\n<p>&nbsp;<\/p>\n","protected":false},"excerpt":{"rendered":"<p>05\/09\/2024 &nbsp; Si vols saber en qu\u00e8 consistix una Comunitat Energ\u00e8tica Local (CEL), apunta\u2019t al taller que impartir\u00e0 la Fundaci\u00f3 [&hellip;]<\/p>\n","protected":false},"author":2,"featured_media":10040,"comment_status":"open","ping_status":"open","sticky":false,"template":"","format":"standard","meta":{"site-sidebar-layout":"default","site-content-layout":"","ast-site-content-layout":"","site-content-style":"default","site-sidebar-style":"default","ast-global-header-display":"","ast-banner-title-visibility":"","ast-main-header-display":"","ast-hfb-above-header-display":"","ast-hfb-below-header-display":"","ast-hfb-mobile-header-display":"","site-post-title":"","ast-breadcrumbs-content":"","ast-featured-img":"","footer-sml-layout":"","theme-transparent-header-meta":"","adv-header-id-meta":"","stick-header-meta":"","header-above-stick-meta":"","header-main-stick-meta":"","header-below-stick-meta":"","astra-migrate-meta-layouts":"default","ast-page-background-enabled":"default","ast-page-background-meta":{"desktop":{"background-color":"var(--ast-global-color-5)","background-image":"","background-repeat":"repeat","background-position":"center center","background-size":"auto","background-attachment":"scroll","background-type":"","background-media":"","overlay-type":"","overlay-color":"","overlay-opacity":"","overlay-gradient":""},"tablet":{"background-color":"","background-image":"","background-repeat":"repeat","background-position":"center center","background-size":"auto","background-attachment":"scroll","background-type":"","background-media":"","overlay-type":"","overlay-color":"","overlay-opacity":"","overlay-gradient":""},"mobile":{"background-color":"","background-image":"","background-repeat":"repeat","background-position":"center center","background-size":"auto","background-attachment":"scroll","background-type":"","background-media":"","overlay-type":"","overlay-color":"","overlay-opacity":"","overlay-gradient":""}},"ast-content-background-meta":{"desktop":{"background-color":"var(--ast-global-color-4)","background-image":"","background-repeat":"repeat","background-position":"center center","background-size":"auto","background-attachment":"scroll","background-type":"","background-media":"","overlay-type":"","overlay-color":"","overlay-opacity":"","overlay-gradient":""},"tablet":{"background-color":"var(--ast-global-color-4)","background-image":"","background-repeat":"repeat","background-position":"center center","background-size":"auto","background-attachment":"scroll","background-type":"","background-media":"","overlay-type":"","overlay-color":"","overlay-opacity":"","overlay-gradient":""},"mobile":{"background-color":"var(--ast-global-color-4)","background-image":"","background-repeat":"repeat","background-position":"center center","background-size":"auto","background-attachment":"scroll","background-type":"","background-media":"","overlay-type":"","overlay-color":"","overlay-opacity":"","overlay-gradient":""}}},"categories":[23],"tags":[],"acf":[],"_links":{"self":[{"href":"https:\/\/plancabanyal.es\/va\/wp-json\/wp\/v2\/posts\/10042"}],"collection":[{"href":"https:\/\/plancabanyal.es\/va\/wp-json\/wp\/v2\/posts"}],"about":[{"href":"https:\/\/plancabanyal.es\/va\/wp-json\/wp\/v2\/types\/post"}],"author":[{"embeddable":true,"href":"https:\/\/plancabanyal.es\/va\/wp-json\/wp\/v2\/users\/2"}],"replies":[{"embeddable":true,"href":"https:\/\/plancabanyal.es\/va\/wp-json\/wp\/v2\/comments?post=10042"}],"version-history":[{"count":3,"href":"https:\/\/plancabanyal.es\/va\/wp-json\/wp\/v2\/posts\/10042\/revisions"}],"predecessor-version":[{"id":10047,"href":"https:\/\/plancabanyal.es\/va\/wp-json\/wp\/v2\/posts\/10042\/revisions\/10047"}],"wp:featuredmedia":[{"embeddable":true,"href":"https:\/\/plancabanyal.es\/va\/wp-json\/wp\/v2\/media\/10040"}],"wp:attachment":[{"href":"https:\/\/plancabanyal.es\/va\/wp-json\/wp\/v2\/media?parent=10042"}],"wp:term":[{"taxonomy":"category","embeddable":true,"href":"https:\/\/plancabanyal.es\/va\/wp-json\/wp\/v2\/categories?post=10042"},{"taxonomy":"post_tag","embeddable":true,"href":"https:\/\/plancabanyal.es\/va\/wp-json\/wp\/v2\/tags?post=10042"}],"curies":[{"name":"wp","href":"https:\/\/api.w.org\/{rel}","templated":true}]}}