{"id":9945,"date":"2024-07-24T14:47:41","date_gmt":"2024-07-24T12:47:41","guid":{"rendered":"https:\/\/plancabanyal.es\/?p=9945"},"modified":"2024-07-24T14:47:41","modified_gmt":"2024-07-24T12:47:41","slug":"valencia-recupera-gran-parte-de-las-piezas-originales-del-monumento-a-sorolla-lo-que-hace-viable-su-reconstruccion","status":"publish","type":"post","link":"https:\/\/plancabanyal.es\/en\/valencia-recupera-gran-parte-de-las-piezas-originales-del-monumento-a-sorolla-lo-que-hace-viable-su-reconstruccion\/","title":{"rendered":"Val\u00e8ncia recupera gran parte de las piezas originales del monumento a Sorolla, lo que hace viable su reconstrucci\u00f3n"},"content":{"rendered":"<div class=\"dateRedes\">\n<p><strong>24\/07\/2024<\/strong><\/p>\n<p>&nbsp;<\/p>\n<\/div>\n<ul>\n<li><strong>La voluntad del Ayuntamiento es que dicha obra se levante de nuevo en su emplazamiento original, en la playa del Cabanyal, de acuerdo a la voluntad del artista valenciano<\/strong><\/li>\n<\/ul>\n<ul>\n<li><strong>El Monumento a Sorolla (1933-1957) y la Tortada de Goerlich (1933-1961) se levantaron el mismo a\u00f1o y fueron dos conjuntos monumentales coet\u00e1neos, postal de la ciudad durante tres d\u00e9cadas<\/strong><\/li>\n<\/ul>\n<p>&nbsp;<\/p>\n<p>La alcaldesa, Maria Jos\u00e9 Catal\u00e1, ha visitado esta ma\u00f1ana la parcela de Ferrocarrils de la Generalitat Valenciana (FGV), en San Isidro, donde se encuentran restos del antiguo monumento a Sorolla y de la Tortada de Goerlich. Hasta ahora, se ha hallado gran parte de las piezas originales, lo que hace viable la recuperaci\u00f3n del monumento a Sorolla.<\/p>\n<p>Catal\u00e1 ha estado acompa\u00f1ada por el concejal de Cultura, Jos\u00e9 Lu\u00eds Moreno, y por el arquitecto responsable del estudio de inventario catalogaci\u00f3n, digitalizaci\u00f3n e intervenciones puntuales, Javier Hidalgo, as\u00ed como por personal del Servicio de Investigaci\u00f3n de Arqueolog\u00eda Municipal (SIAM) y personal t\u00e9cnico del Servicio de Patrimonio Hist\u00f3rico-Art\u00edstico.<\/p>\n<p>\u201cEsta actuaci\u00f3n es fruto de un proceso riguroso y respetuoso con la obra original y supone cumplir la voluntad del artista y resarcir as\u00ed una deuda hist\u00f3rica\u201d, ha se\u00f1alado la alcaldesa. \u201cSe trata de una de las iniciativas culturales m\u00e1s destacadas en las que estamos trabajando, queremos devolver el monumento, actualmente descontextualizado, al lugar que inspir\u00f3 sus espl\u00e9ndidas escenas de playa\u201d, ha a\u00f1adido.<\/p>\n<p>El monumento a Sorolla (1933-1957) y la Tortada de Goerlich (1933-1961) se levantaron el mismo a\u00f1o y fueron dos conjuntos monumentales coet\u00e1neos, postal de la ciudad durante tres d\u00e9cadas. Por ello, \u201cestos trabajos permiten recuperar una parte de la historia de Val\u00e8ncia, vinculada a dos de nuestros artistas m\u00e1s importantes y a la persona considerada \u2018art\u00edfice de la Val\u00e8ncia moderna\u2019\u201d, ha asegurado la alcaldesa.<\/p>\n<p>Respecto a la Tortada de Goerlich, el estudio encargado por el Ayuntamiento determina que es posible la reconstrucci\u00f3n parcial del p\u00f3rtico circular del mercado de las flores, uno de los elementos ic\u00f3nicos del monumento. En este sentido, tanto el n\u00famero de restos hallados como su estado de conservaci\u00f3n hacen factible reconstruir uno de los elementos m\u00e1s reconocibles del conjunto arquitect\u00f3nico, obra de Javier Goerlich, que ocup\u00f3 el espacio central de la plaza del Ayuntamiento.<\/p>\n<p><strong>Monumento a Sorolla<\/strong><\/p>\n<p>El conjunto monumental estaba presidido por un busto de Sorolla en bronce, r\u00e9plica del realizado en m\u00e1rmol por Mariano Benlliure pocos a\u00f1os antes del la muerte del artista, situado sobre una tribuna elevada con vistas al mar y rodeado de una columnata procedente de la Real F\u00e1brica de Plater\u00edas Mart\u00ednez de Madrid. Sorolla expres\u00f3, unos a\u00f1os antes de su muerte, su deseo de que se colocara el busto realizado en 1916 en su honor \u201cen la playa, junto al mar latino que tantas obras me inspir\u00f3 y donde pas\u00e9 los mejores d\u00edas de mi vida\u201d.<\/p>\n<p>El Ayuntamiento encarg\u00f3 su construcci\u00f3n en 1925 a Francisco Mora, autor entre otros del Mercado de Col\u00f3n, el Palacio de la Exposici\u00f3n o la propia Casa Consistorial. Este se inaugur\u00f3 el 31 de diciembre de 1933, ubicado entre las antiguas Termas Victoria y el Asilo de Nuestra Se\u00f1ora del Carmen, y qued\u00f3 destruido por la riada de 1957.<\/p>\n<p>A finales de 2023, la Delegaci\u00f3n de Acci\u00f3n Cultural, Patrimonio y Recursos Culturales encarg\u00f3 al SIAM la elaboraci\u00f3n de los estudios previos para la reconstrucci\u00f3n del monumento, que se alzaba en El Cabanyal. Hasta el momento, se ha podido acreditar tanto la procedencia de los materiales como la autenticidad de las piezas.<\/p>\n<p>La extracci\u00f3n de los restos tuvo lugar el pasado abril en el tramo VII del Jard\u00edn Turia, en el antiguo matadero municipal de Borbot\u00f3, en el solar de Ferrocarrils de la Generalitat en San Isidro y en el cementerio viejo de Paiporta. El porcentaje de piezas originales existentes del primitivo monumento hace viable su recuperaci\u00f3n patrimonial por \u201canastilosis\u201d (reconstrucci\u00f3n por medio de la reuni\u00f3n de sus partes o fragmentos dispersos).<\/p>\n<p>De esta forma, cuando finalicen los trabajos de inventario y catalogaci\u00f3n, as\u00ed como las consultas previas con el resto de servicios y administraciones p\u00fablicas implicadas, se redactar\u00e1 el proyecto b\u00e1sico, que, una vez autorizado, dar\u00e1 paso a la contrataci\u00f3n de la redacci\u00f3n del proyecto t\u00e9cnico de reconstrucci\u00f3n y, posteriormente, a la ejecuci\u00f3n del mismo.<\/p>\n<p>&nbsp;<\/p>\n<p>Fuente: <a href=\"https:\/\/www.valencia.es\/cas\/actualidad\/-\/content\/reconstrucci%C3%B3n-antiguo-monumento-a-sorolla-2\" target=\"_blank\" rel=\"noopener\">Actualidad &#8211; Ayuntamiento de Valencia<\/a><\/p>\n<p>&nbsp;<\/p>\n<p>&nbsp;<\/p>\n","protected":false},"excerpt":{"rendered":"<p>24\/07\/2024 &nbsp; La voluntad del Ayuntamiento es que dicha obra se levante de nuevo en su emplazamiento original, en la [&hellip;]<\/p>\n","protected":false},"author":2,"featured_media":9943,"comment_status":"open","ping_status":"open","sticky":false,"template":"","format":"standard","meta":{"site-sidebar-layout":"default","site-content-layout":"","ast-site-content-layout":"","site-content-style":"default","site-sidebar-style":"default","ast-global-header-display":"","ast-banner-title-visibility":"","ast-main-header-display":"","ast-hfb-above-header-display":"","ast-hfb-below-header-display":"","ast-hfb-mobile-header-display":"","site-post-title":"","ast-breadcrumbs-content":"","ast-featured-img":"","footer-sml-layout":"","theme-transparent-header-meta":"","adv-header-id-meta":"","stick-header-meta":"","header-above-stick-meta":"","header-main-stick-meta":"","header-below-stick-meta":"","astra-migrate-meta-layouts":"default","ast-page-background-enabled":"default","ast-page-background-meta":{"desktop":{"background-color":"var(--ast-global-color-5)","background-image":"","background-repeat":"repeat","background-position":"center center","background-size":"auto","background-attachment":"scroll","background-type":"","background-media":"","overlay-type":"","overlay-color":"","overlay-opacity":"","overlay-gradient":""},"tablet":{"background-color":"","background-image":"","background-repeat":"repeat","background-position":"center center","background-size":"auto","background-attachment":"scroll","background-type":"","background-media":"","overlay-type":"","overlay-color":"","overlay-opacity":"","overlay-gradient":""},"mobile":{"background-color":"","background-image":"","background-repeat":"repeat","background-position":"center center","background-size":"auto","background-attachment":"scroll","background-type":"","background-media":"","overlay-type":"","overlay-color":"","overlay-opacity":"","overlay-gradient":""}},"ast-content-background-meta":{"desktop":{"background-color":"var(--ast-global-color-4)","background-image":"","background-repeat":"repeat","background-position":"center center","background-size":"auto","background-attachment":"scroll","background-type":"","background-media":"","overlay-type":"","overlay-color":"","overlay-opacity":"","overlay-gradient":""},"tablet":{"background-color":"var(--ast-global-color-4)","background-image":"","background-repeat":"repeat","background-position":"center center","background-size":"auto","background-attachment":"scroll","background-type":"","background-media":"","overlay-type":"","overlay-color":"","overlay-opacity":"","overlay-gradient":""},"mobile":{"background-color":"var(--ast-global-color-4)","background-image":"","background-repeat":"repeat","background-position":"center center","background-size":"auto","background-attachment":"scroll","background-type":"","background-media":"","overlay-type":"","overlay-color":"","overlay-opacity":"","overlay-gradient":""}}},"categories":[50,22,56],"tags":[],"acf":[],"_links":{"self":[{"href":"https:\/\/plancabanyal.es\/en\/wp-json\/wp\/v2\/posts\/9945"}],"collection":[{"href":"https:\/\/plancabanyal.es\/en\/wp-json\/wp\/v2\/posts"}],"about":[{"href":"https:\/\/plancabanyal.es\/en\/wp-json\/wp\/v2\/types\/post"}],"author":[{"embeddable":true,"href":"https:\/\/plancabanyal.es\/en\/wp-json\/wp\/v2\/users\/2"}],"replies":[{"embeddable":true,"href":"https:\/\/plancabanyal.es\/en\/wp-json\/wp\/v2\/comments?post=9945"}],"version-history":[{"count":1,"href":"https:\/\/plancabanyal.es\/en\/wp-json\/wp\/v2\/posts\/9945\/revisions"}],"predecessor-version":[{"id":9948,"href":"https:\/\/plancabanyal.es\/en\/wp-json\/wp\/v2\/posts\/9945\/revisions\/9948"}],"wp:featuredmedia":[{"embeddable":true,"href":"https:\/\/plancabanyal.es\/en\/wp-json\/wp\/v2\/media\/9943"}],"wp:attachment":[{"href":"https:\/\/plancabanyal.es\/en\/wp-json\/wp\/v2\/media?parent=9945"}],"wp:term":[{"taxonomy":"category","embeddable":true,"href":"https:\/\/plancabanyal.es\/en\/wp-json\/wp\/v2\/categories?post=9945"},{"taxonomy":"post_tag","embeddable":true,"href":"https:\/\/plancabanyal.es\/en\/wp-json\/wp\/v2\/tags?post=9945"}],"curies":[{"name":"wp","href":"https:\/\/api.w.org\/{rel}","templated":true}]}}