{"id":9770,"date":"2024-06-14T11:10:04","date_gmt":"2024-06-14T09:10:04","guid":{"rendered":"https:\/\/plancabanyal.es\/?p=9770"},"modified":"2024-06-20T12:20:14","modified_gmt":"2024-06-20T10:20:14","slug":"valencia-destinara-cerca-de-un-millon-de-euros-a-la-renovacion-y-mejora-del-alumbrado-publico","status":"publish","type":"post","link":"https:\/\/plancabanyal.es\/en\/valencia-destinara-cerca-de-un-millon-de-euros-a-la-renovacion-y-mejora-del-alumbrado-publico\/","title":{"rendered":"Val\u00e8ncia destinar\u00e1 cerca de un mill\u00f3n de euros a la renovaci\u00f3n y mejora del alumbrado p\u00fablico"},"content":{"rendered":"<div class=\"dateRedes\">\n<p>13\/06\/2024<\/p>\n<ul>\n<li><strong>La Junta de Gobierno aprobar\u00e1 un nuevo proyecto de renovaci\u00f3n y mejora de las instalaciones en los barrios de Torrefiel, Orriols, La Malva-rosa y El Cabanyal-Canyamelar<\/strong><\/li>\n<\/ul>\n<ul>\n<li><strong>En concreto, se prev\u00e9 la instalaci\u00f3n de 534 nuevas luminarias<\/strong><\/li>\n<\/ul>\n<p>&nbsp;<\/p>\n<p>La Junta de Gobierno Local (JGL) aprobar\u00e1 este viernes un nuevo proyecto de renovaci\u00f3n y mejora del alumbrado p\u00fablico, cuya inversi\u00f3n asciende a 950.000 euros, que contempla la instalaci\u00f3n de 534 nuevas luminarias en los barrios de Torrefiel, Orriols, La Malva-rosa y El Cabanyal-Canyamelar.<\/p>\n<p>La concejala de Recursos Humanos y T\u00e9cnicos, Julia Climent, ha indicado que \u201ccon este proyecto el gobierno municipal renueva su compromiso de seguir mejorando los barrios de la ciudad. Por ello, vamos a destinar cerca de un mill\u00f3n de euros para reemplazar las farolas de estos barrios, con el doble objetivo de mejorar la calidad de vida de sus vecinos y la eficiencia energ\u00e9tica del alumbrado municipal\u201d.<\/p>\n<p>En este sentido, Climent ha recordado que \u201chace tan solo una semana se aprob\u00f3 ya otro proyecto de mejora del alumbrado en distintas zonas y barrios de la ciudad, con una inversi\u00f3n de 1.850.000 euros. Se suman ahora estos 950.000 euros, de los que 652.000 euros ir\u00e1n \u00edntegramente destinados a La Malva-rosa para atender las necesidades y carencias que nos han transmitido los vecinos de esta zona. Una actuaci\u00f3n que esperamos tener ejecutada a finales de este mismo a\u00f1o 2024\u201d.<\/p>\n<p>El nuevo proyecto de renovaci\u00f3n y mejora del alumbrado p\u00fablico prev\u00e9 la instalaci\u00f3n de un total de 534 nuevas luminarias, entre farolas y brazos de fachada, en sustituci\u00f3n de los antiguos b\u00e1culos de carretera y faroles obsoletos todav\u00eda existentes en las calles y plazas donde se va a intervenir.<\/p>\n<p>Concretamente, en La Malva-rosa se va renovar el alumbrado existente en las plazas Cronista Francesc Momblanch y Llibertador Sim\u00f3n Bol\u00edvar y en las calles Gran Can\u00e0ria, Beato Juan Grande, Doctor \u00c1lvaro L\u00f3pez, Enginyer Fausto El\u00edo, Mendiz\u00e1bal, Enginyer Manuel Maese, Font d\u2019en Carr\u00f2s, Vicent la Roda, Sant Rafael, Sant Joan de D\u00e9u y Riu Tajo.<\/p>\n<p>La inversi\u00f3n en los barrios de Torrefiel, Orriols y El Cabanyal-Canyamelar ascender\u00e1 a 298.000 euros y abarcar\u00e1 la avenida de la Constituci\u00f3, desde la bifurcaci\u00f3n con la calle Comte de Lumiares hasta el cruce con la avenida Germans Machado y calles adyacentes. En El Cabanyal-Canyamelar se va a actuar en las calles Mar\u00ed Blas de Lezo y Llu\u00eds Peix\u00f3.<\/p>\n<p>El proyecto incluye la instalaci\u00f3n de controladores para la telegesti\u00f3n del alumbrado e instalaci\u00f3n de luminarias con tecnolog\u00eda LED para conseguir un alto rendimiento luminoso y un menor consumo de energ\u00eda. Con el objetivo de reducir el consumo de energ\u00eda el\u00e9ctrica de la instalaci\u00f3n, se programar\u00e1n las luminarias de LED seg\u00fan la siguiente curva de encendido: hasta las 22:00 horas con el 100 % de la potencia nominal; desde las 22:00 y hasta las 00:00 horas con el 80 % y a partir de las 00:00 horas con el 50 %.<\/p>\n<\/div>\n<div><\/div>\n","protected":false},"excerpt":{"rendered":"<p>13\/06\/2024 La Junta de Gobierno aprobar\u00e1 un nuevo proyecto de renovaci\u00f3n y mejora de las instalaciones en los barrios de [&hellip;]<\/p>\n","protected":false},"author":2,"featured_media":9768,"comment_status":"open","ping_status":"open","sticky":false,"template":"","format":"standard","meta":{"site-sidebar-layout":"default","site-content-layout":"","ast-site-content-layout":"","site-content-style":"default","site-sidebar-style":"default","ast-global-header-display":"","ast-banner-title-visibility":"","ast-main-header-display":"","ast-hfb-above-header-display":"","ast-hfb-below-header-display":"","ast-hfb-mobile-header-display":"","site-post-title":"","ast-breadcrumbs-content":"","ast-featured-img":"","footer-sml-layout":"","theme-transparent-header-meta":"","adv-header-id-meta":"","stick-header-meta":"","header-above-stick-meta":"","header-main-stick-meta":"","header-below-stick-meta":"","astra-migrate-meta-layouts":"default","ast-page-background-enabled":"default","ast-page-background-meta":{"desktop":{"background-color":"var(--ast-global-color-5)","background-image":"","background-repeat":"repeat","background-position":"center center","background-size":"auto","background-attachment":"scroll","background-type":"","background-media":"","overlay-type":"","overlay-color":"","overlay-opacity":"","overlay-gradient":""},"tablet":{"background-color":"","background-image":"","background-repeat":"repeat","background-position":"center center","background-size":"auto","background-attachment":"scroll","background-type":"","background-media":"","overlay-type":"","overlay-color":"","overlay-opacity":"","overlay-gradient":""},"mobile":{"background-color":"","background-image":"","background-repeat":"repeat","background-position":"center center","background-size":"auto","background-attachment":"scroll","background-type":"","background-media":"","overlay-type":"","overlay-color":"","overlay-opacity":"","overlay-gradient":""}},"ast-content-background-meta":{"desktop":{"background-color":"var(--ast-global-color-4)","background-image":"","background-repeat":"repeat","background-position":"center center","background-size":"auto","background-attachment":"scroll","background-type":"","background-media":"","overlay-type":"","overlay-color":"","overlay-opacity":"","overlay-gradient":""},"tablet":{"background-color":"var(--ast-global-color-4)","background-image":"","background-repeat":"repeat","background-position":"center center","background-size":"auto","background-attachment":"scroll","background-type":"","background-media":"","overlay-type":"","overlay-color":"","overlay-opacity":"","overlay-gradient":""},"mobile":{"background-color":"var(--ast-global-color-4)","background-image":"","background-repeat":"repeat","background-position":"center center","background-size":"auto","background-attachment":"scroll","background-type":"","background-media":"","overlay-type":"","overlay-color":"","overlay-opacity":"","overlay-gradient":""}}},"categories":[50,22],"tags":[],"acf":[],"_links":{"self":[{"href":"https:\/\/plancabanyal.es\/en\/wp-json\/wp\/v2\/posts\/9770"}],"collection":[{"href":"https:\/\/plancabanyal.es\/en\/wp-json\/wp\/v2\/posts"}],"about":[{"href":"https:\/\/plancabanyal.es\/en\/wp-json\/wp\/v2\/types\/post"}],"author":[{"embeddable":true,"href":"https:\/\/plancabanyal.es\/en\/wp-json\/wp\/v2\/users\/2"}],"replies":[{"embeddable":true,"href":"https:\/\/plancabanyal.es\/en\/wp-json\/wp\/v2\/comments?post=9770"}],"version-history":[{"count":2,"href":"https:\/\/plancabanyal.es\/en\/wp-json\/wp\/v2\/posts\/9770\/revisions"}],"predecessor-version":[{"id":9776,"href":"https:\/\/plancabanyal.es\/en\/wp-json\/wp\/v2\/posts\/9770\/revisions\/9776"}],"wp:featuredmedia":[{"embeddable":true,"href":"https:\/\/plancabanyal.es\/en\/wp-json\/wp\/v2\/media\/9768"}],"wp:attachment":[{"href":"https:\/\/plancabanyal.es\/en\/wp-json\/wp\/v2\/media?parent=9770"}],"wp:term":[{"taxonomy":"category","embeddable":true,"href":"https:\/\/plancabanyal.es\/en\/wp-json\/wp\/v2\/categories?post=9770"},{"taxonomy":"post_tag","embeddable":true,"href":"https:\/\/plancabanyal.es\/en\/wp-json\/wp\/v2\/tags?post=9770"}],"curies":[{"name":"wp","href":"https:\/\/api.w.org\/{rel}","templated":true}]}}