{"id":9738,"date":"2024-06-12T09:30:13","date_gmt":"2024-06-12T07:30:13","guid":{"rendered":"https:\/\/plancabanyal.es\/?p=9738"},"modified":"2024-06-12T09:33:10","modified_gmt":"2024-06-12T07:33:10","slug":"plan-cabanyal-se-reune-con-las-comunidades-de-propietarios-de-los-bloques-portuarios-para-analizar-el-proyecto-de-los-dos-nuevos-edificios-de-viviendas","status":"publish","type":"post","link":"https:\/\/plancabanyal.es\/en\/plan-cabanyal-se-reune-con-las-comunidades-de-propietarios-de-los-bloques-portuarios-para-analizar-el-proyecto-de-los-dos-nuevos-edificios-de-viviendas\/","title":{"rendered":"Plan Cabanyal se re\u00fane con las comunidades de propietarios de los bloques portuarios para analizar el proyecto de los dos nuevos edificios de viviendas"},"content":{"rendered":"<div class=\"dateRedes\">\n<p>10\/06\/2024<\/p>\n<p>&nbsp;<\/p>\n<\/div>\n<div class=\"dateRedes\">\n<ul>\n<li><strong>La sociedad ha solicitado licencia para la construcci\u00f3n de dos edificios con 51 viviendas de uno y dos dormitorios y con una superficie construida entre 65 y 85 m2<\/strong><\/li>\n<\/ul>\n<ul>\n<li><strong>Los dos inmuebles servir\u00e1n para realojar a los propietarios de los bloques portuarios<\/strong><\/li>\n<\/ul>\n<ul>\n<li><strong>Plan Cabanyal invertir\u00e1 10,5 millones en la construcci\u00f3n de los dos edificios previstos en la parcela situada en las calles Astilleros, Vicente Guillot, T\u00edo Bola y Eugenia Vi\u00f1es<\/strong><\/li>\n<\/ul>\n<p>&nbsp;<\/p>\n<p>La direcci\u00f3n de la sociedad Plan Cabanyal-Canyamelar se ha reunido con las comunidades de propietarios de los bloques portuarios, con la asociaci\u00f3n vecinal y con las administraciones de las comunidades de residentes para presentarles el proyecto b\u00e1sico de construcci\u00f3n de los dos edificios de viviendas previstos en la parcela situada entre las calles Astilleros, Vicente Guillot, T\u00edo Bola y Eugenia Vi\u00f1es. El proyecto supondr\u00e1 una inversi\u00f3n de 10,5 millones de euros (concretamente,10.511.270\u20ac), y, tal como ha explicado el concejal de Urbanismo, Juan Giner, \u201cla sociedad ya ha presentado la correspondiente solicitud de licencia porque queremos seguir impulsando un proyecto muy necesario y reclamado por todos los vecinos\u201d.<\/p>\n<p>El edil ha recordado que en la \u00faltima reuni\u00f3n del Consejo de Plan Cabanyal-Canyamelar, celebrada el pasado 3 de junio, se anunci\u00f3 la reuni\u00f3n con el vecindario para presentarles el proyecto de los dos edificios que servir\u00e1n para realojar a los propietarios de los bloques portuarios. \u201cCumpliendo con ese compromiso, el gerente de la sociedad Plan Cabanyal ha explicado detalladamente el proyecto y los pasos que realizar\u00e1 la sociedad a partir de este momento\u201d, ha subrayado el concejal de Urbanismo.<\/p>\n<p>&nbsp;<\/p>\n<p><strong>Jard\u00edn central, viviendas adaptadas y garaje subterr\u00e1neo<\/strong><\/p>\n<p>Una vez recibido el proyecto b\u00e1sico, el personal t\u00e9cnico del Plan Cabanyal-Canyamelar ha revisado la documentaci\u00f3n y ha solicitado al equipo redactor algunas correcciones y aportaciones. Seguidamente, la sociedad ha presentado la solicitud de licencia y, una vez sea concedida, comenzar\u00e1 un plazo de tres meses para la redacci\u00f3n del proyecto de ejecuci\u00f3n de las obras de edificaci\u00f3n.<\/p>\n<p>El concejal de Urbanismo, Juan Giner, ha asegurado que \u201ceste equipo de gobierno est\u00e1 demostrando, desde un primer momento y con hechos concretos, la apuesta decidida por solucionar proyectos que han estado demasiado tiempo estancados en los despachos de los antiguos concejales\u201d.<\/p>\n<p>La UTE formada por las empresas Voluar Arquitectura y CeroArquitrectura ha presentado un proyecto para los dos edificios, que supone un total de 51 viviendas de uno y 2 dos dormitorios, sobre una superficie construida entre 65 y 85 m2. Cabe destacar que tres de las viviendas estar\u00e1n adaptadas para personas con discapacidad.<\/p>\n<p>Adem\u00e1s, se construir\u00e1 un garaje subterr\u00e1neo que unir\u00e1 los dos edificios. Contar\u00e1 con 51 plazas de aparcamiento, tres de ellas adaptadas, y 51 trasteros; y se han habilitado 51 plazas para aparcamiento de bicicletas en los bajos de los dos edificios.<\/p>\n<p>Por \u00faltimo, en el dise\u00f1o presentado destaca una zona central ajardinada, que ser\u00e1 p\u00fablica, cuya parte central estar\u00e1 reservada para arbolado de gran porte. Adem\u00e1s, se incluye la apertura de una calle peatonal entre las calles Astilleros y Eugenia Vi\u00f1es.<\/p>\n<p>&nbsp;<\/p>\n<p>&nbsp;<\/p>\n<p>&nbsp;<\/p>\n<\/div>\n<div class=\"dateRedes\">\n<p>&nbsp;<\/p>\n<\/div>\n<div><\/div>\n","protected":false},"excerpt":{"rendered":"<p>10\/06\/2024 &nbsp; La sociedad ha solicitado licencia para la construcci\u00f3n de dos edificios con 51 viviendas de uno y dos [&hellip;]<\/p>\n","protected":false},"author":2,"featured_media":9736,"comment_status":"open","ping_status":"open","sticky":false,"template":"","format":"standard","meta":{"site-sidebar-layout":"default","site-content-layout":"","ast-site-content-layout":"","site-content-style":"default","site-sidebar-style":"default","ast-global-header-display":"","ast-banner-title-visibility":"","ast-main-header-display":"","ast-hfb-above-header-display":"","ast-hfb-below-header-display":"","ast-hfb-mobile-header-display":"","site-post-title":"","ast-breadcrumbs-content":"","ast-featured-img":"","footer-sml-layout":"","theme-transparent-header-meta":"","adv-header-id-meta":"","stick-header-meta":"","header-above-stick-meta":"","header-main-stick-meta":"","header-below-stick-meta":"","astra-migrate-meta-layouts":"default","ast-page-background-enabled":"default","ast-page-background-meta":{"desktop":{"background-color":"var(--ast-global-color-5)","background-image":"","background-repeat":"repeat","background-position":"center center","background-size":"auto","background-attachment":"scroll","background-type":"","background-media":"","overlay-type":"","overlay-color":"","overlay-opacity":"","overlay-gradient":""},"tablet":{"background-color":"","background-image":"","background-repeat":"repeat","background-position":"center center","background-size":"auto","background-attachment":"scroll","background-type":"","background-media":"","overlay-type":"","overlay-color":"","overlay-opacity":"","overlay-gradient":""},"mobile":{"background-color":"","background-image":"","background-repeat":"repeat","background-position":"center center","background-size":"auto","background-attachment":"scroll","background-type":"","background-media":"","overlay-type":"","overlay-color":"","overlay-opacity":"","overlay-gradient":""}},"ast-content-background-meta":{"desktop":{"background-color":"var(--ast-global-color-4)","background-image":"","background-repeat":"repeat","background-position":"center center","background-size":"auto","background-attachment":"scroll","background-type":"","background-media":"","overlay-type":"","overlay-color":"","overlay-opacity":"","overlay-gradient":""},"tablet":{"background-color":"var(--ast-global-color-4)","background-image":"","background-repeat":"repeat","background-position":"center center","background-size":"auto","background-attachment":"scroll","background-type":"","background-media":"","overlay-type":"","overlay-color":"","overlay-opacity":"","overlay-gradient":""},"mobile":{"background-color":"var(--ast-global-color-4)","background-image":"","background-repeat":"repeat","background-position":"center center","background-size":"auto","background-attachment":"scroll","background-type":"","background-media":"","overlay-type":"","overlay-color":"","overlay-opacity":"","overlay-gradient":""}}},"categories":[50,22,56],"tags":[],"acf":[],"_links":{"self":[{"href":"https:\/\/plancabanyal.es\/en\/wp-json\/wp\/v2\/posts\/9738"}],"collection":[{"href":"https:\/\/plancabanyal.es\/en\/wp-json\/wp\/v2\/posts"}],"about":[{"href":"https:\/\/plancabanyal.es\/en\/wp-json\/wp\/v2\/types\/post"}],"author":[{"embeddable":true,"href":"https:\/\/plancabanyal.es\/en\/wp-json\/wp\/v2\/users\/2"}],"replies":[{"embeddable":true,"href":"https:\/\/plancabanyal.es\/en\/wp-json\/wp\/v2\/comments?post=9738"}],"version-history":[{"count":2,"href":"https:\/\/plancabanyal.es\/en\/wp-json\/wp\/v2\/posts\/9738\/revisions"}],"predecessor-version":[{"id":9744,"href":"https:\/\/plancabanyal.es\/en\/wp-json\/wp\/v2\/posts\/9738\/revisions\/9744"}],"wp:featuredmedia":[{"embeddable":true,"href":"https:\/\/plancabanyal.es\/en\/wp-json\/wp\/v2\/media\/9736"}],"wp:attachment":[{"href":"https:\/\/plancabanyal.es\/en\/wp-json\/wp\/v2\/media?parent=9738"}],"wp:term":[{"taxonomy":"category","embeddable":true,"href":"https:\/\/plancabanyal.es\/en\/wp-json\/wp\/v2\/categories?post=9738"},{"taxonomy":"post_tag","embeddable":true,"href":"https:\/\/plancabanyal.es\/en\/wp-json\/wp\/v2\/tags?post=9738"}],"curies":[{"name":"wp","href":"https:\/\/api.w.org\/{rel}","templated":true}]}}