{"id":9604,"date":"2024-06-03T13:37:40","date_gmt":"2024-06-03T11:37:40","guid":{"rendered":"https:\/\/plancabanyal.es\/?p=9604"},"modified":"2024-06-03T13:45:06","modified_gmt":"2024-06-03T11:45:06","slug":"el-plan-cabanyal-invertira-105me-en-los-dos-edificios-de-viviendas-para-el-realojo-de-los-propietarios-de-los-bloques-portuarios","status":"publish","type":"post","link":"https:\/\/plancabanyal.es\/en\/el-plan-cabanyal-invertira-105me-en-los-dos-edificios-de-viviendas-para-el-realojo-de-los-propietarios-de-los-bloques-portuarios\/","title":{"rendered":"El Plan Cabanyal invertir\u00e1 10,5M\u20ac en los dos edificios de viviendas para el realojo de los propietarios de los Bloques Portuarios"},"content":{"rendered":"<div class=\"dateRedes\">\n<p class=\"noticia-date\">01\/06\/2024<\/p>\n<\/div>\n<p>&nbsp;<\/p>\n<ul>\n<li>La sociedad recibe el proyecto b\u00e1sico que dise\u00f1a dos edificios con 51 viviendas de uno y dos dormitorios y con una superficie construida de entre 65 y 85 m2.<\/li>\n<li>El garaje subterr\u00e1neo que unir\u00e1 los dos edificios contar\u00e1 con 51 plazas de aparcamiento, tres de ellas adaptadas, y 51 trasteros.<\/li>\n<li>La sociedad se reunir\u00e1 con los presidentes de comunidades y administradores para explicarles el proyecto, las tipolog\u00edas de viviendas y el cronograma temporal del proyecto.<\/li>\n<\/ul>\n<p>&nbsp;<\/p>\n<p><img loading=\"lazy\" class=\"aligncenter\" src=\"https:\/\/estaticos-cdn.prensaiberica.es\/clip\/4fce961d-d3f1-4f06-b7db-f64cc7e2e2de_16-9-discover-aspect-ratio_default_0.jpg\" alt=\"Proyecto b\u00e1sico del futuro complejo de Blocs Portuaris.\" width=\"802\" height=\"451\" \/><\/p>\n<h6 style=\"text-align: center;\">Proyecto b\u00e1sico del futuro complejo de Blocs Portuaris.\u00a0<span class=\"ft-helper-fontWeight-800 ft-helper-text-transform-uppercase\">\/ <strong>R.L.V. \/ AYUNTAMIENTO DE VAL\u00c8NCIA<\/strong><\/span><\/h6>\n<p>La Sociedad Plan Cabanyal-Canyamelar ha recibido el proyecto b\u00e1sico de los dos edificios de viviendas que se construir\u00e1n en la parcela situada en la Calle Astilleros, Calle Vicente Guillot, T\u00edo Bola y Calle Eugenia Vi\u00f1es, que se destinar\u00e1n al realojo de los propietarios de los Bloques Portuarios.<\/p>\n<p>Seg\u00fan ha explicado el concejal de Urbanismo, Juan Giner, \u201cen el pr\u00f3ximo consejo de Plan Cabanyal-Canyamelar vamos a presentar este proyecto que demuestra la apuesta decidida y la voluntad inequ\u00edvoca del Ayuntamiento de Valencia por este barrio. Desbloqueamos una iniciativa que estuvo abandonada durante mucho tiempo y ahora ya tenemos un proyecto b\u00e1sico, real, que demuestra el compromiso del equipo de gobierno\u201d.<\/p>\n<p>\u201cEl camino no es sencillo, ha continuado Juan Giner, pero creo que hemos iniciado un proceso definitivo que nos llevar\u00e1 a que en 2027 los dos edificios de viviendas sean una realidad y, de esta forma, respondamos a una de las demandas m\u00e1s urgentes que nos han planteado los vecinos del barrio\u201d<\/p>\n<p>Cumpliendo con los plazos establecidos en la adjudicaci\u00f3n de la redacci\u00f3n del proyecto, la UTE formada por Voluar Arquitectura y CeroArquitrectura ha presentado un proyecto, que supondr\u00e1 una inversi\u00f3n total de 10.511.270 \u20ac, que dise\u00f1a dos edificios donde se construir\u00e1n 51 viviendas de uno y 2 dos dormitorios, con una superficie construida de entre 65 y 85 m2. Cabe destacar que tres viviendas ser\u00e1n adaptadas para personas con discapacidad.<\/p>\n<p>Adem\u00e1s, se construir\u00e1 un garaje subterr\u00e1neo que unir\u00e1 los dos edificios que contar\u00e1 con 51 plazas de aparcamiento, tres de ellas adaptadas, 51 trasteros y se han habilitado 51 plazas para aparcamiento de bicicletas en los bajos de los dos edificios.<\/p>\n<p>Por otro lado, en el dise\u00f1o presentado destaca una zona central ajardinada, que ser\u00e1 p\u00fablica, donde la parte central estar\u00e1 reservada para arbolado de gran porte. Adem\u00e1s, se incluye la apertura de una calle peatonal entre las calles Astilleros y Eugenia Vi\u00f1es.<\/p>\n<p>A partir de este momento y una vez presentado el proyecto b\u00e1sico, los t\u00e9cnicos del Plan Cabanyal est\u00e1n revisando toda la documentaci\u00f3n para presentarla posteriormente al Ayuntamiento y solicitar la correspondiente licencia de edificaci\u00f3n. Una vez concedida la licencia, se iniciar\u00e1 un plazo de tres meses para la redacci\u00f3n del Proyecto de Ejecuci\u00f3n de las obras de edificaci\u00f3n.<\/p>\n<p>Por \u00faltimo, desde Plan Cabanyal-Canyamelar se van a desarrollar diferentes reuniones con los presidentes de comunidades y administradores para explicarles el proyecto, las tipolog\u00edas de viviendas y el cronograma temporal del proyecto.<\/p>\n<div id=\"twitterJs\" class=\"ft-embed\">\n<div class=\"ft-embed__item\"><\/div>\n<\/div>\n<div class=\"dateRedes\">\n<div class=\"dateRedes\">\n<p>&nbsp;<\/p>\n<\/div>\n<\/div>\n<div><\/div>\n","protected":false},"excerpt":{"rendered":"<p>01\/06\/2024 &nbsp; La sociedad recibe el proyecto b\u00e1sico que dise\u00f1a dos edificios con 51 viviendas de uno y dos dormitorios [&hellip;]<\/p>\n","protected":false},"author":2,"featured_media":9620,"comment_status":"open","ping_status":"open","sticky":false,"template":"","format":"standard","meta":{"site-sidebar-layout":"default","site-content-layout":"","ast-site-content-layout":"","site-content-style":"default","site-sidebar-style":"default","ast-global-header-display":"","ast-banner-title-visibility":"","ast-main-header-display":"","ast-hfb-above-header-display":"","ast-hfb-below-header-display":"","ast-hfb-mobile-header-display":"","site-post-title":"","ast-breadcrumbs-content":"","ast-featured-img":"","footer-sml-layout":"","theme-transparent-header-meta":"","adv-header-id-meta":"","stick-header-meta":"","header-above-stick-meta":"","header-main-stick-meta":"","header-below-stick-meta":"","astra-migrate-meta-layouts":"default","ast-page-background-enabled":"default","ast-page-background-meta":{"desktop":{"background-color":"var(--ast-global-color-5)","background-image":"","background-repeat":"repeat","background-position":"center center","background-size":"auto","background-attachment":"scroll","background-type":"","background-media":"","overlay-type":"","overlay-color":"","overlay-opacity":"","overlay-gradient":""},"tablet":{"background-color":"","background-image":"","background-repeat":"repeat","background-position":"center center","background-size":"auto","background-attachment":"scroll","background-type":"","background-media":"","overlay-type":"","overlay-color":"","overlay-opacity":"","overlay-gradient":""},"mobile":{"background-color":"","background-image":"","background-repeat":"repeat","background-position":"center center","background-size":"auto","background-attachment":"scroll","background-type":"","background-media":"","overlay-type":"","overlay-color":"","overlay-opacity":"","overlay-gradient":""}},"ast-content-background-meta":{"desktop":{"background-color":"var(--ast-global-color-4)","background-image":"","background-repeat":"repeat","background-position":"center center","background-size":"auto","background-attachment":"scroll","background-type":"","background-media":"","overlay-type":"","overlay-color":"","overlay-opacity":"","overlay-gradient":""},"tablet":{"background-color":"var(--ast-global-color-4)","background-image":"","background-repeat":"repeat","background-position":"center center","background-size":"auto","background-attachment":"scroll","background-type":"","background-media":"","overlay-type":"","overlay-color":"","overlay-opacity":"","overlay-gradient":""},"mobile":{"background-color":"var(--ast-global-color-4)","background-image":"","background-repeat":"repeat","background-position":"center center","background-size":"auto","background-attachment":"scroll","background-type":"","background-media":"","overlay-type":"","overlay-color":"","overlay-opacity":"","overlay-gradient":""}}},"categories":[50,22,56],"tags":[],"acf":[],"_links":{"self":[{"href":"https:\/\/plancabanyal.es\/en\/wp-json\/wp\/v2\/posts\/9604"}],"collection":[{"href":"https:\/\/plancabanyal.es\/en\/wp-json\/wp\/v2\/posts"}],"about":[{"href":"https:\/\/plancabanyal.es\/en\/wp-json\/wp\/v2\/types\/post"}],"author":[{"embeddable":true,"href":"https:\/\/plancabanyal.es\/en\/wp-json\/wp\/v2\/users\/2"}],"replies":[{"embeddable":true,"href":"https:\/\/plancabanyal.es\/en\/wp-json\/wp\/v2\/comments?post=9604"}],"version-history":[{"count":4,"href":"https:\/\/plancabanyal.es\/en\/wp-json\/wp\/v2\/posts\/9604\/revisions"}],"predecessor-version":[{"id":9623,"href":"https:\/\/plancabanyal.es\/en\/wp-json\/wp\/v2\/posts\/9604\/revisions\/9623"}],"wp:featuredmedia":[{"embeddable":true,"href":"https:\/\/plancabanyal.es\/en\/wp-json\/wp\/v2\/media\/9620"}],"wp:attachment":[{"href":"https:\/\/plancabanyal.es\/en\/wp-json\/wp\/v2\/media?parent=9604"}],"wp:term":[{"taxonomy":"category","embeddable":true,"href":"https:\/\/plancabanyal.es\/en\/wp-json\/wp\/v2\/categories?post=9604"},{"taxonomy":"post_tag","embeddable":true,"href":"https:\/\/plancabanyal.es\/en\/wp-json\/wp\/v2\/tags?post=9604"}],"curies":[{"name":"wp","href":"https:\/\/api.w.org\/{rel}","templated":true}]}}