{"id":9094,"date":"2024-03-26T08:27:49","date_gmt":"2024-03-26T07:27:49","guid":{"rendered":"https:\/\/plancabanyal.es\/?p=9094"},"modified":"2024-04-23T09:12:44","modified_gmt":"2024-04-23T07:12:44","slug":"plan-cabanyal-canyamelar-aprueba-las-ayudas-para-la-rehabilitacion-y-reedificacion-de-223-viviendas","status":"publish","type":"post","link":"https:\/\/plancabanyal.es\/en\/plan-cabanyal-canyamelar-aprueba-las-ayudas-para-la-rehabilitacion-y-reedificacion-de-223-viviendas\/","title":{"rendered":"Plan Cabanyal-Canyamelar aprueba las ayudas para la rehabilitaci\u00f3n y reedificaci\u00f3n de 223 viviendas"},"content":{"rendered":"<div class=\"dateRedes\">\n<p class=\"noticia-date\">25\/03\/2024<\/p>\n<p>Esta ma\u00f1ana se ha reunido el Consejo de Administraci\u00f3n del Plan Cabanyal-Canyamelar, S.A.<\/p>\n<ul>\n<li><strong>La sociedad destina 1.970.000 euros en subvenciones de las que el 84% se invertir\u00e1n en rehabilitaci\u00f3n de 216 viviendas<\/strong><\/li>\n<\/ul>\n<ul>\n<li><strong>Para la reedificaci\u00f3n de viviendas se destinan 315.000 euros en 7 viviendas del barrio<\/strong><\/li>\n<\/ul>\n<ul>\n<li><strong>El Consejo de Administraci\u00f3n inicia los tr\u00e1mites para la enajenaci\u00f3n de inmuebles durante 2024<\/strong><\/li>\n<\/ul>\n<p>La Sociedad Plan Cabanyal-Canyamelar ha aprobado las ayudas para la rehabilitaci\u00f3n y reedificaci\u00f3n de viviendas en el barrio, que supondr\u00e1n una inversi\u00f3n de 1.970.000 euros durante 2024 en 223 viviendas, unas viviendas que se enmarcan dentro del convenio del Plan Estatal de Vivienda. Adem\u00e1s, durante el Consejo de Administraci\u00f3n celebrado hoy, donde se han formulado las cuentas del ejercicio 2023, se ha aprobado iniciar la enajenaci\u00f3n de los inmuebles incluidos en el Presupuestos de la entidad para el a\u00f1o 2024.<\/p>\n<p>De los 1.970.000 euros destinados a subvenciones, el 84%, 1.655.000 euros, afectan a actuaciones de rehabilitaci\u00f3n de edificios y viviendas y el 16% restante, 315.000 euros, corresponden a actuaciones de reedificaci\u00f3n. Por otro lado, las ayudas de rehabilitaci\u00f3n de edificios beneficiar\u00e1n a 216 viviendas en 44 edificios mientras que las subvenciones para la reedificaci\u00f3n de edificios se destinar\u00e1n a 7 viviendas en 5 edificios.<\/p>\n<p>Seg\u00fan ha explicado el concejal de Urbanismo, Juan Giner, \u201cla pol\u00edtica de vivienda es uno de los pilares centrales del nuevo equipo de gobierno. Y tenemos que ofrecer todas las posibilidades para mejorar las viviendas de nuestros barrios, bien con ayudas a la rehabilitaci\u00f3n o a la reedificaci\u00f3n o a trav\u00e9s de proyectos donde se construir\u00e1n nuevas viviendas como es el caso del edificio que se est\u00e1 dise\u00f1ando y que sustituir\u00e1 al de los bloques portuarios\u201d.<\/p>\n<p>Las actuaciones que engloba las subvenciones supondr\u00e1n mejoras de la eficiencia energ\u00e9tica y la sostenibilidad en viviendas. Adem\u00e1s, incluye la ejecuci\u00f3n de obras de mantenimiento en edificios, incluso en su interior, instalaciones fijas, equipamiento propio y elementos comunes. La demolici\u00f3n de edificios y edificaci\u00f3n de edificios y viviendas, as\u00ed como los costes de realojos temporales, tambi\u00e9n se incluyen en las ayudas.<\/p>\n<p>En cuanto a las cuant\u00edas de las ayudas a la rehabilitaci\u00f3n de viviendas, el 40% del coste subvencionable se realizar\u00e1 con cargo al Ministerio, con un m\u00e1ximo de 12.000 euros por vivienda, m\u00e1s el 20% del coste subvencionable con cargo a la Generalitat Valenciana, con un m\u00e1ximo de 6.000 euros por vivienda, condicionadas al alcance de los objetivos de mejora energ\u00e9tica establecidos en la convocatoria. Adem\u00e1s, se podr\u00e1 alcanzar el 75% de ayudas del Ministerio en aquellas viviendas que acometan mejoras de la accesibilidad en las que resida una persona con discapacidad o mayor de 65 a\u00f1os.<\/p>\n<p>Las ayudas para la reedificaci\u00f3n de edificios de viviendas, el 40% del coste subvencionable, con un m\u00e1ximo de 30.000 euros, correr\u00e1 a cargo del Ministerio y hasta el 20% del coste subvencionable y un m\u00e1ximo de 15.000 euros con cargo a la Generalitat Valenciana por cada vivienda construida en sustituci\u00f3n de otra previamente demolida.<\/p>\n<p><a href=\"https:\/\/www.lasprovincias.es\/valencia-ciudad\/plan-cabanyal-prepara-subasta-docena-viviendas-publicas-20240325145459-nt.html\" target=\"_blank\" rel=\"noopener\">Noticia Las Provincias<\/a><\/p>\n<p><a href=\"https:\/\/www.levante-emv.com\/valencia\/2024\/03\/25\/plan-cabanyal-aprueba-1-9-99946551.html\" target=\"_blank\" rel=\"noopener\">Noticia Levante-emv<\/a><\/p>\n<\/div>\n<div><\/div>\n","protected":false},"excerpt":{"rendered":"<p>25\/03\/2024 Esta ma\u00f1ana se ha reunido el Consejo de Administraci\u00f3n del Plan Cabanyal-Canyamelar, S.A. La sociedad destina 1.970.000 euros en [&hellip;]<\/p>\n","protected":false},"author":2,"featured_media":8719,"comment_status":"open","ping_status":"open","sticky":false,"template":"","format":"standard","meta":{"site-sidebar-layout":"default","site-content-layout":"","ast-site-content-layout":"","site-content-style":"default","site-sidebar-style":"default","ast-global-header-display":"","ast-banner-title-visibility":"","ast-main-header-display":"","ast-hfb-above-header-display":"","ast-hfb-below-header-display":"","ast-hfb-mobile-header-display":"","site-post-title":"","ast-breadcrumbs-content":"","ast-featured-img":"","footer-sml-layout":"","theme-transparent-header-meta":"","adv-header-id-meta":"","stick-header-meta":"","header-above-stick-meta":"","header-main-stick-meta":"","header-below-stick-meta":"","astra-migrate-meta-layouts":"default","ast-page-background-enabled":"default","ast-page-background-meta":{"desktop":{"background-color":"var(--ast-global-color-5)","background-image":"","background-repeat":"repeat","background-position":"center center","background-size":"auto","background-attachment":"scroll","background-type":"","background-media":"","overlay-type":"","overlay-color":"","overlay-opacity":"","overlay-gradient":""},"tablet":{"background-color":"","background-image":"","background-repeat":"repeat","background-position":"center center","background-size":"auto","background-attachment":"scroll","background-type":"","background-media":"","overlay-type":"","overlay-color":"","overlay-opacity":"","overlay-gradient":""},"mobile":{"background-color":"","background-image":"","background-repeat":"repeat","background-position":"center center","background-size":"auto","background-attachment":"scroll","background-type":"","background-media":"","overlay-type":"","overlay-color":"","overlay-opacity":"","overlay-gradient":""}},"ast-content-background-meta":{"desktop":{"background-color":"var(--ast-global-color-4)","background-image":"","background-repeat":"repeat","background-position":"center center","background-size":"auto","background-attachment":"scroll","background-type":"","background-media":"","overlay-type":"","overlay-color":"","overlay-opacity":"","overlay-gradient":""},"tablet":{"background-color":"var(--ast-global-color-4)","background-image":"","background-repeat":"repeat","background-position":"center center","background-size":"auto","background-attachment":"scroll","background-type":"","background-media":"","overlay-type":"","overlay-color":"","overlay-opacity":"","overlay-gradient":""},"mobile":{"background-color":"var(--ast-global-color-4)","background-image":"","background-repeat":"repeat","background-position":"center center","background-size":"auto","background-attachment":"scroll","background-type":"","background-media":"","overlay-type":"","overlay-color":"","overlay-opacity":"","overlay-gradient":""}}},"categories":[50,22,56],"tags":[],"acf":[],"_links":{"self":[{"href":"https:\/\/plancabanyal.es\/en\/wp-json\/wp\/v2\/posts\/9094"}],"collection":[{"href":"https:\/\/plancabanyal.es\/en\/wp-json\/wp\/v2\/posts"}],"about":[{"href":"https:\/\/plancabanyal.es\/en\/wp-json\/wp\/v2\/types\/post"}],"author":[{"embeddable":true,"href":"https:\/\/plancabanyal.es\/en\/wp-json\/wp\/v2\/users\/2"}],"replies":[{"embeddable":true,"href":"https:\/\/plancabanyal.es\/en\/wp-json\/wp\/v2\/comments?post=9094"}],"version-history":[{"count":4,"href":"https:\/\/plancabanyal.es\/en\/wp-json\/wp\/v2\/posts\/9094\/revisions"}],"predecessor-version":[{"id":9108,"href":"https:\/\/plancabanyal.es\/en\/wp-json\/wp\/v2\/posts\/9094\/revisions\/9108"}],"wp:featuredmedia":[{"embeddable":true,"href":"https:\/\/plancabanyal.es\/en\/wp-json\/wp\/v2\/media\/8719"}],"wp:attachment":[{"href":"https:\/\/plancabanyal.es\/en\/wp-json\/wp\/v2\/media?parent=9094"}],"wp:term":[{"taxonomy":"category","embeddable":true,"href":"https:\/\/plancabanyal.es\/en\/wp-json\/wp\/v2\/categories?post=9094"},{"taxonomy":"post_tag","embeddable":true,"href":"https:\/\/plancabanyal.es\/en\/wp-json\/wp\/v2\/tags?post=9094"}],"curies":[{"name":"wp","href":"https:\/\/api.w.org\/{rel}","templated":true}]}}