{"id":8650,"date":"2023-12-22T11:00:20","date_gmt":"2023-12-22T10:00:20","guid":{"rendered":"https:\/\/plancabanyal.es\/?p=8650"},"modified":"2023-12-22T11:00:20","modified_gmt":"2023-12-22T10:00:20","slug":"la-auditoria-del-plan-cabanyal-canyamelar-2022-senala-incumplimientos-en-la-gestion-economico-financiera-del-personal-directivo","status":"publish","type":"post","link":"https:\/\/plancabanyal.es\/en\/la-auditoria-del-plan-cabanyal-canyamelar-2022-senala-incumplimientos-en-la-gestion-economico-financiera-del-personal-directivo\/","title":{"rendered":"La auditor\u00eda del Plan Cabanyal-Canyamelar 2022 se\u00f1ala \u201cincumplimientos en la gesti\u00f3n econ\u00f3mico-financiera del personal directivo\u201d"},"content":{"rendered":"<div class=\"dateRedes\">\n<div class=\"dateRedes\">\n<p><span style=\"background-color: var(--global--color-background); color: var(--global--color-primary); font-family: var(--global--font-secondary); font-size: var(--global--font-size-base);\">21\/12\/2023<\/span><\/p>\n<ul>\n<li><strong>El Consejo de Administraci\u00f3n de la sociedad aprueba un presupuesto de 2,3 M\u20ac para 2024<\/strong><\/li>\n<\/ul>\n<ul>\n<li><strong>Propone la venta de 15 inmuebles por el procedimiento de concurso durante el pr\u00f3ximo a\u00f1o<\/strong><\/li>\n<\/ul>\n<p>El Consejo de Administraci\u00f3n del Plan Cabanyal-Canyamelar ha dado cuenta, durante su reuni\u00f3n de hoy, de los informes de auditor\u00eda de legalidad y operativa de la Intervenci\u00f3n General de la Generalitat del ejercicio 2022, donde se se\u00f1ala \u201cvarios incumplimientos relativos a la gesti\u00f3n econ\u00f3mico-financiera en el \u00e1rea de personal\u201d.<\/p>\n<p>La auditor\u00eda resalta respecto al personal directivo que \u201cha percibido, durante el ejercicio 2022, retribuciones superiores en 11.211,18 \u20ac a los que corresponder\u00eda a un Director General del Consell\u201d, cuando la normativa establece que \u201cal personal de m\u00e1xima responsabilidad y personal directivo de las entidades del sector p\u00fablico instrumental de la Generalitat Valenciana, el sueldo del cargo de m\u00e1xima responsabilidad de las entidades ser\u00e1 el equivalente al de un director general\u201d.<\/p>\n<p>En este sentido, Juan Giner ha destacado que \u201cel actual Consejo de Administraci\u00f3n ya ha corregido esta situaci\u00f3n con el nombramiento del nuevo gerente de la Sociedad cuyo sueldo se ha modificado con el fin de cumplir con la normativa vigente\u201d. Adem\u00e1s, la auditoria tambi\u00e9n destaca que no consta una resoluci\u00f3n, por parte de la Direcci\u00f3n General del Sector P\u00fablico y Patrimonio, sobre la clasificaci\u00f3n de la Sociedad para determinar el n\u00famero m\u00e1ximo de personal directivo con el que puede contar la entidad.<\/p>\n<p>Por \u00faltimo, la auditoria ha detectado \u201cincumplimientos de la sociedad ya que, por un lado, en los procedimiento de contrataci\u00f3n menor se contratan servicios de necesidades recurrentes en lugar de necesidades concretas y puntuales y, por otro, no ha difundido los datos de los contratos menores suscritos en 2022 en la secci\u00f3n prevista para ello en el perfil del contratantes\u201d.<\/p>\n<p>Por otro lado, El Consejo de Administraci\u00f3n del Plan Cabanyal-Canyamelar ha aprobado el presupuesto de la Sociedad que, en 2024, ascender\u00e1 a 2.331.765,54 \u20ac. En este sentido, el presidente de la Sociedad y concejal de Urbanismo, Juan Giner, ha explicado que \u201ceste equipo de gobierno va a impulsar el desarrollo del barrio del Cabanyal con iniciativas concretas. Hace unos d\u00edas aprobamos la puesta en marcha del proyecto para la construcci\u00f3n de dos edificios con 50 viviendas, estamos finalizando la reurbanizaci\u00f3n de calles, mejorando las dotaciones p\u00fablicas como es el polideportivo, y la alcaldesa se ha reunido esta misma semana con los vecinos para escuchar sus sugerencias e inquietudes\u201d.<\/p>\n<p>Por \u00faltimo, Giner ha querido resaltar que el Plan Cabanyal-Canyamelar va a continuar con la venta de inmuebles. As\u00ed para 2024 se prev\u00e9 la venta de 15 inmuebles que tendr\u00e1n una venta de licitaci\u00f3n de 1,8 millones de euros. \u201cLa pol\u00edticas de acceso a la vivienda es una marca de identidad de este gobierno, y vamos a trabajar por todas las v\u00edas disponibles para poner a disposici\u00f3n de los ciudadanos viviendas, seguiremos construyendo y adjudicando viviendas de alquiler asequibles porque ahora la pol\u00edtica de vivienda s\u00ed que es una prioridad del Ayuntamiento de Valencia\u201d.<\/p>\n<p>&nbsp;<\/p>\n<\/div>\n<\/div>\n","protected":false},"excerpt":{"rendered":"<p>21\/12\/2023 El Consejo de Administraci\u00f3n de la sociedad aprueba un presupuesto de 2,3 M\u20ac para 2024 Propone la venta de [&hellip;]<\/p>\n","protected":false},"author":2,"featured_media":8648,"comment_status":"open","ping_status":"open","sticky":false,"template":"","format":"standard","meta":{"site-sidebar-layout":"default","site-content-layout":"","ast-site-content-layout":"","site-content-style":"default","site-sidebar-style":"default","ast-global-header-display":"","ast-banner-title-visibility":"","ast-main-header-display":"","ast-hfb-above-header-display":"","ast-hfb-below-header-display":"","ast-hfb-mobile-header-display":"","site-post-title":"","ast-breadcrumbs-content":"","ast-featured-img":"","footer-sml-layout":"","theme-transparent-header-meta":"","adv-header-id-meta":"","stick-header-meta":"","header-above-stick-meta":"","header-main-stick-meta":"","header-below-stick-meta":"","astra-migrate-meta-layouts":"default","ast-page-background-enabled":"default","ast-page-background-meta":{"desktop":{"background-color":"var(--ast-global-color-5)","background-image":"","background-repeat":"repeat","background-position":"center center","background-size":"auto","background-attachment":"scroll","background-type":"","background-media":"","overlay-type":"","overlay-color":"","overlay-opacity":"","overlay-gradient":""},"tablet":{"background-color":"","background-image":"","background-repeat":"repeat","background-position":"center center","background-size":"auto","background-attachment":"scroll","background-type":"","background-media":"","overlay-type":"","overlay-color":"","overlay-opacity":"","overlay-gradient":""},"mobile":{"background-color":"","background-image":"","background-repeat":"repeat","background-position":"center center","background-size":"auto","background-attachment":"scroll","background-type":"","background-media":"","overlay-type":"","overlay-color":"","overlay-opacity":"","overlay-gradient":""}},"ast-content-background-meta":{"desktop":{"background-color":"var(--ast-global-color-4)","background-image":"","background-repeat":"repeat","background-position":"center center","background-size":"auto","background-attachment":"scroll","background-type":"","background-media":"","overlay-type":"","overlay-color":"","overlay-opacity":"","overlay-gradient":""},"tablet":{"background-color":"var(--ast-global-color-4)","background-image":"","background-repeat":"repeat","background-position":"center center","background-size":"auto","background-attachment":"scroll","background-type":"","background-media":"","overlay-type":"","overlay-color":"","overlay-opacity":"","overlay-gradient":""},"mobile":{"background-color":"var(--ast-global-color-4)","background-image":"","background-repeat":"repeat","background-position":"center center","background-size":"auto","background-attachment":"scroll","background-type":"","background-media":"","overlay-type":"","overlay-color":"","overlay-opacity":"","overlay-gradient":""}}},"categories":[50,22,56],"tags":[],"acf":[],"_links":{"self":[{"href":"https:\/\/plancabanyal.es\/en\/wp-json\/wp\/v2\/posts\/8650"}],"collection":[{"href":"https:\/\/plancabanyal.es\/en\/wp-json\/wp\/v2\/posts"}],"about":[{"href":"https:\/\/plancabanyal.es\/en\/wp-json\/wp\/v2\/types\/post"}],"author":[{"embeddable":true,"href":"https:\/\/plancabanyal.es\/en\/wp-json\/wp\/v2\/users\/2"}],"replies":[{"embeddable":true,"href":"https:\/\/plancabanyal.es\/en\/wp-json\/wp\/v2\/comments?post=8650"}],"version-history":[{"count":1,"href":"https:\/\/plancabanyal.es\/en\/wp-json\/wp\/v2\/posts\/8650\/revisions"}],"predecessor-version":[{"id":8653,"href":"https:\/\/plancabanyal.es\/en\/wp-json\/wp\/v2\/posts\/8650\/revisions\/8653"}],"wp:featuredmedia":[{"embeddable":true,"href":"https:\/\/plancabanyal.es\/en\/wp-json\/wp\/v2\/media\/8648"}],"wp:attachment":[{"href":"https:\/\/plancabanyal.es\/en\/wp-json\/wp\/v2\/media?parent=8650"}],"wp:term":[{"taxonomy":"category","embeddable":true,"href":"https:\/\/plancabanyal.es\/en\/wp-json\/wp\/v2\/categories?post=8650"},{"taxonomy":"post_tag","embeddable":true,"href":"https:\/\/plancabanyal.es\/en\/wp-json\/wp\/v2\/tags?post=8650"}],"curies":[{"name":"wp","href":"https:\/\/api.w.org\/{rel}","templated":true}]}}