{"id":13869,"date":"2026-09-04T13:47:26","date_gmt":"2026-09-04T11:47:26","guid":{"rendered":"https:\/\/plancabanyal.es\/?p=13869"},"modified":"2026-09-04T13:47:26","modified_gmt":"2026-09-04T11:47:26","slug":"luz-verde-para-la-rehabilitacion-del-polideportivo-del-cabanyal-canyamelar-con-15-me","status":"publish","type":"post","link":"https:\/\/plancabanyal.es\/en\/luz-verde-para-la-rehabilitacion-del-polideportivo-del-cabanyal-canyamelar-con-15-me\/","title":{"rendered":"Luz verde para la rehabilitaci\u00f3n del Polideportivo del Cabanyal-Canyamelar, con 1,5 M\u20ac"},"content":{"rendered":"\n<p><\/p>\n\n\n<p>\u00a0<\/p>\n<ul>\n<li><strong>La Junta de Gobierno aprueba el proyecto de obra de esta intervenci\u00f3n<\/strong>\u00a0que\u00a0<strong>contempla, entre otros trabajos, la rehabilitaci\u00f3n de la cubierta<\/strong><\/li>\n<\/ul>\n<p>\u00a0<\/p>\n<p>La rehabilitaci\u00f3n del Polideportivo del Cabanyal-Canyamelar se ejecutar\u00e1 en seis meses, con un presupuesto de 1,5 millones de euros (1.597.578 M\u20ac) , IVA incluido. As\u00ed se desprende del acuerdo de la Junta de Gobierno Local que hoy ha dado luz verde al proyecto de esta obra, con el objetivo de prolongar la vida \u00fatil de estas instalaciones, incrementar la seguridad de las personas usuarias y del personal y adecuar el equipamiento a las exigencias y normativa actual<\/p>\n<p>La intervenci\u00f3n contempla, entre otros trabajos, la rehabilitaci\u00f3n de la cubierta y de las instalaciones el\u00e9ctricas y de carpinter\u00eda, as\u00ed como la renovaci\u00f3n y adecuaci\u00f3n del equipamiento de las salas de entrenamiento y vestuarios.<\/p>\n<p>Concretamente, la actuaci\u00f3n se ajustar\u00e1 al proyecto redactado por X\u00faquer-Arqing Sociedad Limitada, con las subsanaciones requeridas por el Servicio Municipal de Arquitectura y Centrales T\u00e9cnicos.<\/p>\n<p>Esta empresa tambi\u00e9n asumir\u00e1 la direcci\u00f3n facultativa de la obra que renovar\u00e1 este polideportivo del Poblats Mar\u00edtims. El equipamiento, construido en 1997 sobre la antigua f\u00e1brica de cervezas de la avenida de Serrer\u00eda, dispone de 6.500 metros cuadrados gestionados por la Fundaci\u00f3n Deportiva Municipal.<\/p>\n<p>\u00a0<\/p>\n<div>Fuente: <a href=\"https:\/\/www.valencia.es\/cas\/actualidad\/-\/content\/programaci%C3%B3n-septiembre-la-reina-i-l-escorxador-val%C3%A8ncia\">Ayuntamiento de Valencia<\/a><\/div>\n<div>\u00a0<\/div>\n\n\n<p><\/p>\n","protected":false},"excerpt":{"rendered":"<p>\u00a0 La Junta de Gobierno aprueba el proyecto de obra de esta intervenci\u00f3n\u00a0que\u00a0contempla, entre otros trabajos, la rehabilitaci\u00f3n de la [&hellip;]<\/p>\n","protected":false},"author":2,"featured_media":13867,"comment_status":"open","ping_status":"open","sticky":false,"template":"","format":"standard","meta":{"site-sidebar-layout":"default","site-content-layout":"","ast-site-content-layout":"","site-content-style":"default","site-sidebar-style":"default","ast-global-header-display":"","ast-banner-title-visibility":"","ast-main-header-display":"","ast-hfb-above-header-display":"","ast-hfb-below-header-display":"","ast-hfb-mobile-header-display":"","site-post-title":"","ast-breadcrumbs-content":"","ast-featured-img":"","footer-sml-layout":"","theme-transparent-header-meta":"","adv-header-id-meta":"","stick-header-meta":"","header-above-stick-meta":"","header-main-stick-meta":"","header-below-stick-meta":"","astra-migrate-meta-layouts":"default","ast-page-background-enabled":"default","ast-page-background-meta":{"desktop":{"background-color":"var(--ast-global-color-5)","background-image":"","background-repeat":"repeat","background-position":"center center","background-size":"auto","background-attachment":"scroll","background-type":"","background-media":"","overlay-type":"","overlay-color":"","overlay-opacity":"","overlay-gradient":""},"tablet":{"background-color":"","background-image":"","background-repeat":"repeat","background-position":"center center","background-size":"auto","background-attachment":"scroll","background-type":"","background-media":"","overlay-type":"","overlay-color":"","overlay-opacity":"","overlay-gradient":""},"mobile":{"background-color":"","background-image":"","background-repeat":"repeat","background-position":"center center","background-size":"auto","background-attachment":"scroll","background-type":"","background-media":"","overlay-type":"","overlay-color":"","overlay-opacity":"","overlay-gradient":""}},"ast-content-background-meta":{"desktop":{"background-color":"var(--ast-global-color-4)","background-image":"","background-repeat":"repeat","background-position":"center center","background-size":"auto","background-attachment":"scroll","background-type":"","background-media":"","overlay-type":"","overlay-color":"","overlay-opacity":"","overlay-gradient":""},"tablet":{"background-color":"var(--ast-global-color-4)","background-image":"","background-repeat":"repeat","background-position":"center center","background-size":"auto","background-attachment":"scroll","background-type":"","background-media":"","overlay-type":"","overlay-color":"","overlay-opacity":"","overlay-gradient":""},"mobile":{"background-color":"var(--ast-global-color-4)","background-image":"","background-repeat":"repeat","background-position":"center center","background-size":"auto","background-attachment":"scroll","background-type":"","background-media":"","overlay-type":"","overlay-color":"","overlay-opacity":"","overlay-gradient":""}}},"categories":[50,22,56],"tags":[],"acf":[],"_links":{"self":[{"href":"https:\/\/plancabanyal.es\/en\/wp-json\/wp\/v2\/posts\/13869"}],"collection":[{"href":"https:\/\/plancabanyal.es\/en\/wp-json\/wp\/v2\/posts"}],"about":[{"href":"https:\/\/plancabanyal.es\/en\/wp-json\/wp\/v2\/types\/post"}],"author":[{"embeddable":true,"href":"https:\/\/plancabanyal.es\/en\/wp-json\/wp\/v2\/users\/2"}],"replies":[{"embeddable":true,"href":"https:\/\/plancabanyal.es\/en\/wp-json\/wp\/v2\/comments?post=13869"}],"version-history":[{"count":1,"href":"https:\/\/plancabanyal.es\/en\/wp-json\/wp\/v2\/posts\/13869\/revisions"}],"predecessor-version":[{"id":13872,"href":"https:\/\/plancabanyal.es\/en\/wp-json\/wp\/v2\/posts\/13869\/revisions\/13872"}],"wp:featuredmedia":[{"embeddable":true,"href":"https:\/\/plancabanyal.es\/en\/wp-json\/wp\/v2\/media\/13867"}],"wp:attachment":[{"href":"https:\/\/plancabanyal.es\/en\/wp-json\/wp\/v2\/media?parent=13869"}],"wp:term":[{"taxonomy":"category","embeddable":true,"href":"https:\/\/plancabanyal.es\/en\/wp-json\/wp\/v2\/categories?post=13869"},{"taxonomy":"post_tag","embeddable":true,"href":"https:\/\/plancabanyal.es\/en\/wp-json\/wp\/v2\/tags?post=13869"}],"curies":[{"name":"wp","href":"https:\/\/api.w.org\/{rel}","templated":true}]}}