{"id":13857,"date":"2026-09-03T08:28:19","date_gmt":"2026-09-03T06:28:19","guid":{"rendered":"https:\/\/plancabanyal.es\/?p=13857"},"modified":"2026-09-03T08:28:19","modified_gmt":"2026-09-03T06:28:19","slug":"los-centros-culturales-de-lescorxador-y-reina-121-inician-septiembre-con-una-amplia-programacion-en-el-cabanyal-canyamelar","status":"publish","type":"post","link":"https:\/\/plancabanyal.es\/en\/los-centros-culturales-de-lescorxador-y-reina-121-inician-septiembre-con-una-amplia-programacion-en-el-cabanyal-canyamelar\/","title":{"rendered":"Los centros culturales de l\u2019Escorxador y Reina 121 inician septiembre con una amplia programaci\u00f3n en el Cabanyal-Canyamelar"},"content":{"rendered":"\n<p><\/p>\n\n\n<p>\u00a0<\/p>\n<ul>\n<li><strong>La oferta re\u00fane comedia, circo, flamenco, cine al aire libre, teatro, danza, m\u00fasica y poes\u00eda, adem\u00e1s de talleres, rutas guiadas y la inauguraci\u00f3n de una exposici\u00f3n fotogr\u00e1fica<\/strong><\/li>\n<\/ul>\n<ul>\n<li><strong>La programaci\u00f3n de ambos centros est\u00e1 organizada por la Concejal\u00eda de Recursos Culturales en colaboraci\u00f3n con diversas entidades<\/strong><\/li>\n<\/ul>\n<ul>\n<li><strong>Todas las actividades son gratuitas: los espect\u00e1culos, hasta completar aforo; y los talleres y visitas guiadas, con inscripci\u00f3n previa<\/strong><\/li>\n<\/ul>\n<p>Los centros culturales de l&#8217;Escorxador y Reina 121 inician septiembre con una programaci\u00f3n que va del circo al flamenco y de la poes\u00eda a la memoria del barrio. Comedia, cine al aire libre, danza, m\u00fasica, talleres y rutas guiadas completan una oferta enteramente gratuita en el Cabanyal-Canyamelar, organizada por la Concejal\u00eda de Recursos Culturales en colaboraci\u00f3n con diversas entidades.<\/p>\n<p><strong>Espect\u00e1culos en l&#8217;Escorxador<\/strong><\/p>\n<p>El Centro Cultural y de Memoria del Cabanyal-Canyamelar l&#8217;Escorxador abre el mes el viernes 4, a las 19.30 horas, con una nueva sesi\u00f3n del Open de Comedia, presentado por Roc\u00edo Ladr\u00f3n de Guevara. El s\u00e1bado 5, a las 19.00 horas, este mismo espacio acoge \u201cEmpar\u201d, de la compa\u00f1\u00eda Bufoneta, dentro del festival Circ Voramar, con la participaci\u00f3n de las actrices Pepa G\u00f3mez y Ana S\u00e1nchez.<\/p>\n<p>La programaci\u00f3n contin\u00faa el viernes 11 con la presentaci\u00f3n del poemario \u201cLa mano tendida\u201d, del grupo de poetas El Almadar; y el s\u00e1bado 12 con un recital flamenco a cargo de Julia Mu\u00f1oz Gabarre, conocida como \u201cLa Corruska\u201d, nacida en el barrio del Cabanyal y acompa\u00f1ada a la guitarra por Jos\u00e9 Santos Minero.<\/p>\n<p>El jueves 17, a las 20.00 horas, el ciclo Cinema a la Fresca proyecta una selecci\u00f3n de cortometrajes de animaci\u00f3n europea del \u201cFAN TOUR \u2013 Prime the Animation!\u201d. Al d\u00eda siguiente, el II Ciclo Teatro y Memoria programa el mon\u00f3logo \u201cL&#8217;heura desfar\u00e0 els marges. Masovera 1948\u201d, con texto de Francisco Collado e interpretaci\u00f3n de Maribel Bayona, de la compa\u00f1\u00eda La Col\u00b7lectiva.<\/p>\n<p>El s\u00e1bado 26 se celebran dos actividades: la ruta guiada RehabilitaTour, sobre energ\u00eda, sostenibilidad e historia del Cabanyal, a las 11.00 horas, y el concierto ac\u00fastico del d\u00fao A Media Voz, a las 19.00. El mes se cierra el mi\u00e9rcoles 30 con la entrega de premios del concurso de relatos y microrrelatos.<\/p>\n<p>En el apartado de talleres, l&#8217;Escorxador ofrece el s\u00e1bado 19 un taller de mosaico impartido por Silvina Rancich, inspirado en el trencad\u00eds de las fachadas de las casas del barrio; y los martes 22 y 29 el proyecto \u201cBarris en femen\u00ed des de la perif\u00e8ria\u201d, de la asociaci\u00f3n Red SembEU, que re\u00fane a mujeres del Cabanyal y de les Tendetes en torno a la animaci\u00f3n en stop motion.<\/p>\n<p><strong>Exposici\u00f3n y escena en Reina 121<\/strong><\/p>\n<p>El Centro Cultural Reina 121 inaugura el s\u00e1bado 5, a las 20.00 horas, la exposici\u00f3n fotogr\u00e1fica \u201cCigarreres valencianes. L&#8217;\u00faltima generaci\u00f3\u201d, del colectivo Dones Cigarreres, que podr\u00e1 visitarse hasta el 31 de octubre.<\/p>\n<p>El domingo 6, a las 12.00 horas, la compa\u00f1\u00eda MaiClown presenta \u201cTentaci\u00f3n Divina\u201d, tambi\u00e9n dentro de Circ Voramar. El programa esc\u00e9nico prosigue el viernes 18 con la conferencia performativa \u201cFenomenolog\u00edas del colapso\u201d, de Mar\u00eda Sainz Arandia; el s\u00e1bado 19 con \u201cPenja&#8217;m\u201d, la jam de danza contempor\u00e1nea y m\u00fasica del colectivo residente en el centro; el viernes 25 con el concierto de \u00c0lex Blat, dentro del ciclo Els Ac\u00fastics de La Reina 121; y el domingo 27 con \u201cPasillo 3\u201d, de Circo Sombra. El mes concluye el mi\u00e9rcoles 30 con la presentaci\u00f3n del libro \u201cParti\u00f3 sin dejar se\u00f1as\u201d, de Reme Vila Berenguer.<\/p>\n<p>Para el p\u00fablico familiar, el centro programa el taller de construcci\u00f3n de instrumentos con materiales reciclados \u201cNuevos sonidos para un mundo nuevo\u201d, a cargo de Rocco Papia el s\u00e1bado 12; el laboratorio teatral \u201cAnimal Fant\u00e0stic\u201d, de Azucena Abril, los martes 15 y 22; y \u201cEl Club de la Poesia\u201d, de la agrupaci\u00f3n El Caj\u00f3n de Sue\u00f1os, el mi\u00e9rcoles 16.<\/p>\n<p>Reina 121 mantiene adem\u00e1s sus talleres regulares dirigidos a mujeres del barrio: ImproS\u00e0vies, de Kancaneo Teatro; Dancing Queen, de Noelia Arcos; Les Reines de Samba, de Rachael Wong; Las Ganchilleras Luchadoras, de Emilia Heredia y Donatella Donato; Musas, de Yolanda G\u00f3mez; Les Nereides, del Cor de Dones al Cabanyal; y, por \u00faltimo, el taller de danza Ballant el m\u00f3n, de Vianna Asencio.<\/p>\n<p><strong>Acceso e inscripciones<\/strong><\/p>\n<p>Para los espect\u00e1culos, las entradas se recogen en cada centro durante los 30 minutos previos al inicio, hasta completar el aforo. Los talleres, cursos y visitas guiadas requieren inscripci\u00f3n previa: en l&#8217;Escorxador (carrer de Sant Pere, 35-37), en escorxador.actividades@gmail.com; y en Reina 121 (carrer de la Reina, 121), en cclareina121@gmail.com.<\/p>\n<p>\u00a0<\/p>\n<div>Fuente: <a href=\"https:\/\/www.valencia.es\/cas\/actualidad\/-\/content\/programaci%C3%B3n-septiembre-la-reina-i-l-escorxador-val%C3%A8ncia\">Ayuntamiento de Valencia<\/a><\/div>\n<div>\u00a0<\/div>\n\n\n<p><\/p>\n","protected":false},"excerpt":{"rendered":"<p>\u00a0 La oferta re\u00fane comedia, circo, flamenco, cine al aire libre, teatro, danza, m\u00fasica y poes\u00eda, adem\u00e1s de talleres, rutas [&hellip;]<\/p>\n","protected":false},"author":2,"featured_media":13855,"comment_status":"open","ping_status":"open","sticky":false,"template":"","format":"standard","meta":{"site-sidebar-layout":"default","site-content-layout":"","ast-site-content-layout":"","site-content-style":"default","site-sidebar-style":"default","ast-global-header-display":"","ast-banner-title-visibility":"","ast-main-header-display":"","ast-hfb-above-header-display":"","ast-hfb-below-header-display":"","ast-hfb-mobile-header-display":"","site-post-title":"","ast-breadcrumbs-content":"","ast-featured-img":"","footer-sml-layout":"","theme-transparent-header-meta":"","adv-header-id-meta":"","stick-header-meta":"","header-above-stick-meta":"","header-main-stick-meta":"","header-below-stick-meta":"","astra-migrate-meta-layouts":"default","ast-page-background-enabled":"default","ast-page-background-meta":{"desktop":{"background-color":"var(--ast-global-color-5)","background-image":"","background-repeat":"repeat","background-position":"center center","background-size":"auto","background-attachment":"scroll","background-type":"","background-media":"","overlay-type":"","overlay-color":"","overlay-opacity":"","overlay-gradient":""},"tablet":{"background-color":"","background-image":"","background-repeat":"repeat","background-position":"center center","background-size":"auto","background-attachment":"scroll","background-type":"","background-media":"","overlay-type":"","overlay-color":"","overlay-opacity":"","overlay-gradient":""},"mobile":{"background-color":"","background-image":"","background-repeat":"repeat","background-position":"center center","background-size":"auto","background-attachment":"scroll","background-type":"","background-media":"","overlay-type":"","overlay-color":"","overlay-opacity":"","overlay-gradient":""}},"ast-content-background-meta":{"desktop":{"background-color":"var(--ast-global-color-4)","background-image":"","background-repeat":"repeat","background-position":"center center","background-size":"auto","background-attachment":"scroll","background-type":"","background-media":"","overlay-type":"","overlay-color":"","overlay-opacity":"","overlay-gradient":""},"tablet":{"background-color":"var(--ast-global-color-4)","background-image":"","background-repeat":"repeat","background-position":"center center","background-size":"auto","background-attachment":"scroll","background-type":"","background-media":"","overlay-type":"","overlay-color":"","overlay-opacity":"","overlay-gradient":""},"mobile":{"background-color":"var(--ast-global-color-4)","background-image":"","background-repeat":"repeat","background-position":"center center","background-size":"auto","background-attachment":"scroll","background-type":"","background-media":"","overlay-type":"","overlay-color":"","overlay-opacity":"","overlay-gradient":""}}},"categories":[50,22,56],"tags":[],"acf":[],"_links":{"self":[{"href":"https:\/\/plancabanyal.es\/en\/wp-json\/wp\/v2\/posts\/13857"}],"collection":[{"href":"https:\/\/plancabanyal.es\/en\/wp-json\/wp\/v2\/posts"}],"about":[{"href":"https:\/\/plancabanyal.es\/en\/wp-json\/wp\/v2\/types\/post"}],"author":[{"embeddable":true,"href":"https:\/\/plancabanyal.es\/en\/wp-json\/wp\/v2\/users\/2"}],"replies":[{"embeddable":true,"href":"https:\/\/plancabanyal.es\/en\/wp-json\/wp\/v2\/comments?post=13857"}],"version-history":[{"count":1,"href":"https:\/\/plancabanyal.es\/en\/wp-json\/wp\/v2\/posts\/13857\/revisions"}],"predecessor-version":[{"id":13860,"href":"https:\/\/plancabanyal.es\/en\/wp-json\/wp\/v2\/posts\/13857\/revisions\/13860"}],"wp:featuredmedia":[{"embeddable":true,"href":"https:\/\/plancabanyal.es\/en\/wp-json\/wp\/v2\/media\/13855"}],"wp:attachment":[{"href":"https:\/\/plancabanyal.es\/en\/wp-json\/wp\/v2\/media?parent=13857"}],"wp:term":[{"taxonomy":"category","embeddable":true,"href":"https:\/\/plancabanyal.es\/en\/wp-json\/wp\/v2\/categories?post=13857"},{"taxonomy":"post_tag","embeddable":true,"href":"https:\/\/plancabanyal.es\/en\/wp-json\/wp\/v2\/tags?post=13857"}],"curies":[{"name":"wp","href":"https:\/\/api.w.org\/{rel}","templated":true}]}}