{"id":13817,"date":"2026-08-28T10:00:47","date_gmt":"2026-08-28T08:00:47","guid":{"rendered":"https:\/\/plancabanyal.es\/?p=13817"},"modified":"2026-08-28T10:00:47","modified_gmt":"2026-08-28T08:00:47","slug":"la-xi-edicion-del-festival-de-circo-voramar-comienza-este-viernes-28-en-els-poblats-maritims","status":"publish","type":"post","link":"https:\/\/plancabanyal.es\/en\/la-xi-edicion-del-festival-de-circo-voramar-comienza-este-viernes-28-en-els-poblats-maritims\/","title":{"rendered":"La XI edici\u00f3n del Festival de Circo Voramar comienza este viernes 28 en els Poblats Mar\u00edtims"},"content":{"rendered":"\n<p><\/p>\n\n\n<p>\u00a0<\/p>\n<ul>\n<li><strong>La edici\u00f3n de este a\u00f1o cuenta con espect\u00e1culos para todos los p\u00fablicos, de variadas artes como acrobacias, malabares, equilibrismo,\u00a0<em>clown<\/em>\u00a0y teatro, a cargo de compa\u00f1\u00edas valencianas, nacionales e internacionales<\/strong><\/li>\n<\/ul>\n<ul>\n<li><strong>El festival se desarrollar\u00e1 durante dos fines de semana en espacios como el Cobert 2 de La Marina, la plaza del Mercat del Cabanyal y los centros culturales de l\u2019Escorxador y la Reina<\/strong><\/li>\n<\/ul>\n<ul>\n<li><strong>El acceso es libre y gratuito hasta completar el aforo, con medidas espec\u00edficas de accesibilidad y reservas de localidades para colectivos en riesgo de exclusi\u00f3n social<\/strong><\/li>\n<\/ul>\n<p>\u00a0<\/p>\n<p>Els Poblats Mar\u00edtims volver\u00e1n a llenarse de arte y emoci\u00f3n con la XI edici\u00f3n del Festival de Circo Contempor\u00e1neo y Social Voramar, que promueve la Junta de Distrito de Mar\u00edtim y organiza Apec \u2013 Baraka Circ en colaboraci\u00f3n con el Ayuntamiento de Val\u00e8ncia y otras entidades. La cita, que se celebrar\u00e1 entre el 28 de agosto y el 6 de septiembre, reunir\u00e1 espect\u00e1culos para todos los p\u00fablicos, de variadas artes como acrobacias, malabares, equilibrismo, clown y teatro, a cargo de compa\u00f1\u00edas valencianas, nacionales e internacionales.<\/p>\n<p>Las compa\u00f1\u00edas participantes han sido seleccionadas mediante una convocatoria abierta que ha recibido m\u00e1s de 200 propuestas, una cifra que da idea de la respuesta del sector. Junto a las formaciones de la Comunitat Valenciana, actuar\u00e1n propuestas llegadas de Catalu\u00f1a, Madrid, Arag\u00f3n, Canad\u00e1, Colombia y Argentina.<\/p>\n<p>Durante dos fines de semana, las compa\u00f1\u00edas actuar\u00e1n en el Cobert 2 de La Marina, la plaza del Mercat del Cabanyal y los centros culturales de l&#8217;Escorxador y la Reina. Esta programaci\u00f3n multidisciplinar cuenta con propuestas dirigidas a p\u00fablicos de todas las edades, desde espect\u00e1culos familiares hasta otros pensados para p\u00fablico joven y adulto. El objetivo es acercar las artes de calle a los espacios p\u00fablicos del distrito, fomentar la participaci\u00f3n de la ciudadan\u00eda y garantizar el acceso universal a la cultura.<\/p>\n<p>El festival arrancar\u00e1 el viernes, 28 de agosto, en el Cobert 2\u00a0<strong>con la compa\u00f1\u00eda Nando Caneca y el espect\u00e1culo\u00a0<em>Wooow.\u00a0<\/em>La jornada inaugural continuar\u00e1 con la comedia acrob\u00e1tica\u00a0<\/strong><em>Oveja Negra, de la compa\u00f1\u00eda D\u00fao Laos<\/em><strong>, una obra que reflexiona con humor sobre la diversidad y la dificultad de sentirse diferente.<\/strong><\/p>\n<p><strong>La programaci\u00f3n continuar\u00e1<\/strong>\u00a0el s\u00e1bado 29 y el domingo 30 en la plaza del Mercat del Cabanyal y en el Cobert 2 con las actuaciones de Gato Blanco Gato Negro, Xa Teatre, Colga-Dos, Circo Sombra, La Bufoneta, D\u00fao Juanma y Mabel y Roxi Katcheroff, entre otras. El domingo 30, el Cabaret de Artistas Emergentes Valencianos, presentado por Juez Casarozzi, cerrar\u00e1 el primer fin de semana.<\/p>\n<p>La programaci\u00f3n se retomar\u00e1 el 5 y el 6 de septiembre, con las propuestas de MaiClown, La Bufoneta y El Gran Rufus en la plaza del Mercat del Cabanyal, en la plaza del Rosari y en los centros culturales de l&#8217;Escorxador y la Reina.<\/p>\n<p>Junto a los espect\u00e1culos, el festival ofrecer\u00e1 actividades paralelas los d\u00edas 29 y 30 de agosto: talleres de iniciaci\u00f3n a las t\u00e9cnicas a\u00e9reas, de acrobacias y\u00a0<em>port\u00e9s<\/em>, de malabares y talleres infantiles de circo, adem\u00e1s de una mesa redonda sobre el uso del espacio p\u00fablico. Algunas actividades son de participaci\u00f3n libre y otras requieren inscripci\u00f3n, quince minutos antes del inicio o a trav\u00e9s del correo electr\u00f3nico\u00a0<a href=\"mailto:mesquecirc@circvoramar.com\" data-insuit-uuid=\"3283c183-94e6-40a3-840f-c5c7cd68b571\">mesquecirc@circvoramar.com<\/a>.<\/p>\n<p>Estas propuestas se desarrollan en colaboraci\u00f3n con el Teatre Municipal El Musical, la Associaci\u00f3 de Professionals de Circ de la Comunitat Valenciana y las escuelas de circo valencianas Espai de Circ, Vaiv\u00e9 Circ y Creat.<\/p>\n<p>Todos los espect\u00e1culos son gratuitos y de libre acceso hasta completar el aforo. Esta edici\u00f3n incorpora, adem\u00e1s, medidas espec\u00edficas de accesibilidad y reservas de localidades en el Cobert 2 para colectivos en riesgo de exclusi\u00f3n social. Las entidades interesadas pueden dirigir sus peticiones al correo\u00a0<a href=\"mailto:info@circvoramar.com\" data-insuit-uuid=\"bc878a02-e5dc-4d73-b4bd-038bc684588e\">info@circvoramar.com<\/a>.<\/p>\n<p>Circ Voramar acumula, a lo largo de sus diez ediciones anteriores, m\u00e1s de 100.000 espectadores y la participaci\u00f3n de cerca de 300 artistas de m\u00e1s de 90 compa\u00f1\u00edas locales, nacionales e internacionales.<\/p>\n<p>La programaci\u00f3n completa y los horarios se pueden consultar en la web oficial y las redes sociales:\u00a0<a href=\"http:\/\/www.circvoramar.com\/\" data-insuit-uuid=\"2bcb5c98-b9d1-49ab-8f00-e5a5353f5901\"><strong>www.circvoramar.com<\/strong><\/a>\u00a0y\u00a0<strong>@circvoramar.<\/strong><\/p>\n<p>\u00a0<\/p>\n<p>\u00a0<\/p>\n<div>Fuente: <a href=\"https:\/\/www.valencia.es\/cas\/actualidad\/-\/content\/xi-edici%C3%B3n-del-festival-de-circo-voramar\" target=\"_blank\" rel=\"noopener\">\u00a0Ayuntamiento de Valencia<\/a><\/div>\n<div>\u00a0<\/div>\n\n\n<p><\/p>\n","protected":false},"excerpt":{"rendered":"<p>\u00a0 La edici\u00f3n de este a\u00f1o cuenta con espect\u00e1culos para todos los p\u00fablicos, de variadas artes como acrobacias, malabares, equilibrismo,\u00a0clown\u00a0y [&hellip;]<\/p>\n","protected":false},"author":2,"featured_media":13820,"comment_status":"open","ping_status":"open","sticky":false,"template":"","format":"standard","meta":{"site-sidebar-layout":"default","site-content-layout":"","ast-site-content-layout":"","site-content-style":"default","site-sidebar-style":"default","ast-global-header-display":"","ast-banner-title-visibility":"","ast-main-header-display":"","ast-hfb-above-header-display":"","ast-hfb-below-header-display":"","ast-hfb-mobile-header-display":"","site-post-title":"","ast-breadcrumbs-content":"","ast-featured-img":"","footer-sml-layout":"","theme-transparent-header-meta":"","adv-header-id-meta":"","stick-header-meta":"","header-above-stick-meta":"","header-main-stick-meta":"","header-below-stick-meta":"","astra-migrate-meta-layouts":"default","ast-page-background-enabled":"default","ast-page-background-meta":{"desktop":{"background-color":"var(--ast-global-color-5)","background-image":"","background-repeat":"repeat","background-position":"center center","background-size":"auto","background-attachment":"scroll","background-type":"","background-media":"","overlay-type":"","overlay-color":"","overlay-opacity":"","overlay-gradient":""},"tablet":{"background-color":"","background-image":"","background-repeat":"repeat","background-position":"center center","background-size":"auto","background-attachment":"scroll","background-type":"","background-media":"","overlay-type":"","overlay-color":"","overlay-opacity":"","overlay-gradient":""},"mobile":{"background-color":"","background-image":"","background-repeat":"repeat","background-position":"center center","background-size":"auto","background-attachment":"scroll","background-type":"","background-media":"","overlay-type":"","overlay-color":"","overlay-opacity":"","overlay-gradient":""}},"ast-content-background-meta":{"desktop":{"background-color":"var(--ast-global-color-4)","background-image":"","background-repeat":"repeat","background-position":"center center","background-size":"auto","background-attachment":"scroll","background-type":"","background-media":"","overlay-type":"","overlay-color":"","overlay-opacity":"","overlay-gradient":""},"tablet":{"background-color":"var(--ast-global-color-4)","background-image":"","background-repeat":"repeat","background-position":"center center","background-size":"auto","background-attachment":"scroll","background-type":"","background-media":"","overlay-type":"","overlay-color":"","overlay-opacity":"","overlay-gradient":""},"mobile":{"background-color":"var(--ast-global-color-4)","background-image":"","background-repeat":"repeat","background-position":"center center","background-size":"auto","background-attachment":"scroll","background-type":"","background-media":"","overlay-type":"","overlay-color":"","overlay-opacity":"","overlay-gradient":""}}},"categories":[50,22,56],"tags":[],"acf":[],"_links":{"self":[{"href":"https:\/\/plancabanyal.es\/en\/wp-json\/wp\/v2\/posts\/13817"}],"collection":[{"href":"https:\/\/plancabanyal.es\/en\/wp-json\/wp\/v2\/posts"}],"about":[{"href":"https:\/\/plancabanyal.es\/en\/wp-json\/wp\/v2\/types\/post"}],"author":[{"embeddable":true,"href":"https:\/\/plancabanyal.es\/en\/wp-json\/wp\/v2\/users\/2"}],"replies":[{"embeddable":true,"href":"https:\/\/plancabanyal.es\/en\/wp-json\/wp\/v2\/comments?post=13817"}],"version-history":[{"count":1,"href":"https:\/\/plancabanyal.es\/en\/wp-json\/wp\/v2\/posts\/13817\/revisions"}],"predecessor-version":[{"id":13823,"href":"https:\/\/plancabanyal.es\/en\/wp-json\/wp\/v2\/posts\/13817\/revisions\/13823"}],"wp:featuredmedia":[{"embeddable":true,"href":"https:\/\/plancabanyal.es\/en\/wp-json\/wp\/v2\/media\/13820"}],"wp:attachment":[{"href":"https:\/\/plancabanyal.es\/en\/wp-json\/wp\/v2\/media?parent=13817"}],"wp:term":[{"taxonomy":"category","embeddable":true,"href":"https:\/\/plancabanyal.es\/en\/wp-json\/wp\/v2\/categories?post=13817"},{"taxonomy":"post_tag","embeddable":true,"href":"https:\/\/plancabanyal.es\/en\/wp-json\/wp\/v2\/tags?post=13817"}],"curies":[{"name":"wp","href":"https:\/\/api.w.org\/{rel}","templated":true}]}}