{"id":13413,"date":"2026-04-28T11:59:56","date_gmt":"2026-04-28T09:59:56","guid":{"rendered":"https:\/\/plancabanyal.es\/?p=13413"},"modified":"2026-04-28T11:59:56","modified_gmt":"2026-04-28T09:59:56","slug":"el-ecce-homo-del-cabanyal-abre-la-celebracion-de-su-centenario-con-la-presentacion-de-su-cartel-y-logo-conmemorativo","status":"publish","type":"post","link":"https:\/\/plancabanyal.es\/en\/el-ecce-homo-del-cabanyal-abre-la-celebracion-de-su-centenario-con-la-presentacion-de-su-cartel-y-logo-conmemorativo\/","title":{"rendered":"El Ecce-Homo del Cabanyal abre la celebraci\u00f3n de su Centenario con la presentaci\u00f3n de su cartel y logo conmemorativo"},"content":{"rendered":"\n<p><\/p>\n\n\n<p><\/p>\n<ul>\n<li><strong>La concejala de Fiestas y Tradiciones, M\u00f3nica Gil, destaca \u201cla devoci\u00f3n, la continuidad y la identidad viva del Cabanyal\u201d en un acto en el que ha recibido la medalla de plata de la Hermandad<\/strong><\/li>\n<\/ul>\n<p>La Hermandad del Sant\u00edsimo Ecce-Homo de la Parroquia de Nuestra Se\u00f1ora de los \u00c1ngeles del Cabanyal ha celebrado este s\u00e1bado el acto de presentaci\u00f3n del cartel y logotipo conmemorativo de su centenario fundacional, con lo que se da inicio oficial a la programaci\u00f3n de actividades con motivo de sus cien a\u00f1os de historia.<\/p>\n<p>El cartel y logo conmemorativo han sido realizados por el artista Jorge Laffarga, licenciado en Bellas Artes, ilustrador y caricaturista con una reconocida trayectoria en el \u00e1mbito de la carteler\u00eda festiva, especialmente vinculada a celebraciones tradicionales. El acto de presentaci\u00f3n del cartel ha contado con la participaci\u00f3n de la concejala de Fiestas y Tradiciones, M\u00f3nica Gil, quien ha sido distinguida por la hermandad con la medalla de plata, un reconocimiento reservado a personas especialmente vinculadas a la entidad por su implicaci\u00f3n y cercan\u00eda.<\/p>\n<p>Durante su intervenci\u00f3n, Gil ha destacado que \u201clas tradiciones no se sostienen solas, se sostienen porque hay personas que las cuidan, las respetan y las hacen suyas a lo largo del tiempo\u201d, y ha subrayado el \u201cpapel fundamental de las hermandades en la conservaci\u00f3n del patrimonio inmaterial de la ciudad\u201d.<\/p>\n<p>La concejala ha puesto en valor el significado del Ecce-Homo dentro de la Semana Santa Marinera, se\u00f1alando que \u201cen torno a esta imagen se ha construido una historia de cien a\u00f1os, una forma de sentir y de vivir la Semana Santa que ha pasado de generaci\u00f3n en generaci\u00f3n, manteni\u00e9ndose siempre viva en la devoci\u00f3n del Cabanyal\u201d.<\/p>\n<p>En este contexto, Gil ha destacado el especial protagonismo que adquiere la figura del hermano mayor de la entidad, Francisco Carles, \u201ccuyo compromiso y dedicaci\u00f3n durante casi cinco d\u00e9cadas al frente de la hermandad han sido fundamentales para su crecimiento y consolidaci\u00f3n\u201d, ha asegurado la delegada.<\/p>\n<p>Precisamente, Carles ha subrayado que este centenario \u201cno es solo una celebraci\u00f3n; es el reconocimiento a todas las personas que han hecho posible que hoy sigamos aqu\u00ed. Somos herederos de un legado que debemos cuidar y transmitir a las generaciones futuras\u201d, ha afirmado, y ha destacado \u201cel car\u00e1cter singular de la Semana Santa Marinera, en la que cada hermandad tiene su propia identidad, su historia y su manera de vivir la fe y la tradici\u00f3n, y todas forman parte de un legado com\u00fan que debemos proteger\u201d.<\/p>\n<p><strong>La implicaci\u00f3n de familias y generaciones<\/strong><\/p>\n<p>En relaci\u00f3n con el Centenario, M\u00f3nica Gil ha afirmado que \u201cno es solo una cifra redonda, sino la prueba de una continuidad que ha sabido superar etapas muy distintas de nuestra historia\u201d, poniendo en valor la implicaci\u00f3n de las familias y generaciones que han sostenido la hermandad a lo largo del tiempo. Especial menci\u00f3n ha realizado tambi\u00e9n al proyecto de ampliaci\u00f3n del paso, que la hermandad prev\u00e9 presentar en 2027, respecto a lo que ha se\u00f1alado que \u201cla tradici\u00f3n, cuando es aut\u00e9ntica, no se repite: se renueva\u201d, en referencia al compromiso de la entidad con su futuro.<\/p>\n<p>El acto ha supuesto el punto de partida de un a\u00f1o especialmente significativo para la hermandad, que desarrollar\u00e1 distintos actos culturales, formativos y conmemorativos para celebrar sus cien a\u00f1os de historia en el Cabanyal.<\/p>\n<p>La concejala M\u00f3nica Gil ha cerrado su intervenci\u00f3n trasladando su felicitaci\u00f3n a la hermandad. \u201cEnhorabuena por estos cien a\u00f1os de historia ejemplar, que ya forman parte del alma del Cabanyal\u201d.<\/p>\n<p><\/p>\n<div>Fuente: <a href=\"https:\/\/www.valencia.es\/cas\/actualidad\/-\/content\/centenario-hermandad-ecce-homo-val%C3%A8ncia\" target=\"_blank\" rel=\"noopener\">Ayuntamiento de Valencia<\/a><\/div>\n<div>&nbsp;<\/div>\n\n\n<p><\/p>\n","protected":false},"excerpt":{"rendered":"<p>La concejala de Fiestas y Tradiciones, M\u00f3nica Gil, destaca \u201cla devoci\u00f3n, la continuidad y la identidad viva del Cabanyal\u201d en [&hellip;]<\/p>\n","protected":false},"author":2,"featured_media":13411,"comment_status":"open","ping_status":"open","sticky":false,"template":"","format":"standard","meta":{"site-sidebar-layout":"default","site-content-layout":"","ast-site-content-layout":"","site-content-style":"default","site-sidebar-style":"default","ast-global-header-display":"","ast-banner-title-visibility":"","ast-main-header-display":"","ast-hfb-above-header-display":"","ast-hfb-below-header-display":"","ast-hfb-mobile-header-display":"","site-post-title":"","ast-breadcrumbs-content":"","ast-featured-img":"","footer-sml-layout":"","theme-transparent-header-meta":"","adv-header-id-meta":"","stick-header-meta":"","header-above-stick-meta":"","header-main-stick-meta":"","header-below-stick-meta":"","astra-migrate-meta-layouts":"default","ast-page-background-enabled":"default","ast-page-background-meta":{"desktop":{"background-color":"var(--ast-global-color-5)","background-image":"","background-repeat":"repeat","background-position":"center center","background-size":"auto","background-attachment":"scroll","background-type":"","background-media":"","overlay-type":"","overlay-color":"","overlay-opacity":"","overlay-gradient":""},"tablet":{"background-color":"","background-image":"","background-repeat":"repeat","background-position":"center center","background-size":"auto","background-attachment":"scroll","background-type":"","background-media":"","overlay-type":"","overlay-color":"","overlay-opacity":"","overlay-gradient":""},"mobile":{"background-color":"","background-image":"","background-repeat":"repeat","background-position":"center center","background-size":"auto","background-attachment":"scroll","background-type":"","background-media":"","overlay-type":"","overlay-color":"","overlay-opacity":"","overlay-gradient":""}},"ast-content-background-meta":{"desktop":{"background-color":"var(--ast-global-color-4)","background-image":"","background-repeat":"repeat","background-position":"center center","background-size":"auto","background-attachment":"scroll","background-type":"","background-media":"","overlay-type":"","overlay-color":"","overlay-opacity":"","overlay-gradient":""},"tablet":{"background-color":"var(--ast-global-color-4)","background-image":"","background-repeat":"repeat","background-position":"center center","background-size":"auto","background-attachment":"scroll","background-type":"","background-media":"","overlay-type":"","overlay-color":"","overlay-opacity":"","overlay-gradient":""},"mobile":{"background-color":"var(--ast-global-color-4)","background-image":"","background-repeat":"repeat","background-position":"center center","background-size":"auto","background-attachment":"scroll","background-type":"","background-media":"","overlay-type":"","overlay-color":"","overlay-opacity":"","overlay-gradient":""}}},"categories":[50,22,56],"tags":[],"acf":[],"_links":{"self":[{"href":"https:\/\/plancabanyal.es\/en\/wp-json\/wp\/v2\/posts\/13413"}],"collection":[{"href":"https:\/\/plancabanyal.es\/en\/wp-json\/wp\/v2\/posts"}],"about":[{"href":"https:\/\/plancabanyal.es\/en\/wp-json\/wp\/v2\/types\/post"}],"author":[{"embeddable":true,"href":"https:\/\/plancabanyal.es\/en\/wp-json\/wp\/v2\/users\/2"}],"replies":[{"embeddable":true,"href":"https:\/\/plancabanyal.es\/en\/wp-json\/wp\/v2\/comments?post=13413"}],"version-history":[{"count":2,"href":"https:\/\/plancabanyal.es\/en\/wp-json\/wp\/v2\/posts\/13413\/revisions"}],"predecessor-version":[{"id":13428,"href":"https:\/\/plancabanyal.es\/en\/wp-json\/wp\/v2\/posts\/13413\/revisions\/13428"}],"wp:featuredmedia":[{"embeddable":true,"href":"https:\/\/plancabanyal.es\/en\/wp-json\/wp\/v2\/media\/13411"}],"wp:attachment":[{"href":"https:\/\/plancabanyal.es\/en\/wp-json\/wp\/v2\/media?parent=13413"}],"wp:term":[{"taxonomy":"category","embeddable":true,"href":"https:\/\/plancabanyal.es\/en\/wp-json\/wp\/v2\/categories?post=13413"},{"taxonomy":"post_tag","embeddable":true,"href":"https:\/\/plancabanyal.es\/en\/wp-json\/wp\/v2\/tags?post=13413"}],"curies":[{"name":"wp","href":"https:\/\/api.w.org\/{rel}","templated":true}]}}