{"id":13072,"date":"2026-01-09T10:21:06","date_gmt":"2026-01-09T09:21:06","guid":{"rendered":"https:\/\/plancabanyal.es\/?p=13072"},"modified":"2026-01-09T14:08:46","modified_gmt":"2026-01-09T13:08:46","slug":"plan-cabanyal-adjudica-la-venta-de-6-nuevos-inmuebles","status":"publish","type":"post","link":"https:\/\/plancabanyal.es\/en\/plan-cabanyal-adjudica-la-venta-de-6-nuevos-inmuebles\/","title":{"rendered":"Plan Cabanyal adjudica la venta de 6 nuevos inmuebles"},"content":{"rendered":"\n<p><\/p>\n\n\n<div class=\"dateRedes\">&nbsp;<\/div>\n<div>\n<ul>\n<li><strong>Entre los adjudicatarios el 100 % dedicar\u00e1n el inmueble a residencia habitual, 5 de los 6 son menores de 35 a\u00f1os y los 6 adjudicatarios son vecinos del Cabanyal o Canyamelar<\/strong><\/li>\n<li><strong style=\"font-size: revert; color: initial;\">&nbsp;<\/strong><strong style=\"font-size: 1rem; color: initial;\">Los adjudicatarios tendr\u00e1n 10 d\u00edas para formalizar el contrato de arras (5% del precio)<\/strong><\/li>\n<li><strong style=\"font-size: revert; color: initial;\">&nbsp;<\/strong><strong style=\"font-size: 1rem; color: initial;\">Entre 2024 y 2025 la Sociedad ha adjudicado 39 inmuebles por el procedimiento de subasta p\u00fablica<\/strong><\/li>\n<li><strong style=\"font-size: revert; color: initial;\">&nbsp;<\/strong><strong style=\"font-size: 1rem; color: initial;\">Los pliegos que regulan los procedimiento excluyen espec\u00edficamente dedicar cualquier inmueble a apartamento tur\u00edstico<\/strong><\/li>\n<\/ul>\n<p>La Sociedad Plan Cabanyal-Canyamelar ha adjudicado provisionalmente la venta de 6 inmuebles despu\u00e9s de finalizar el proceso de examen de la documentaci\u00f3n administrativa y de la baremaci\u00f3n de las 151 propuestas que se presentaron.<\/p>\n<p>En este proceso, la baremaci\u00f3n provisional de las ofertas econ\u00f3micas ha alcanzado un precio total 997.000 euros. Los inmuebles adjudicados se localizan en la calle \u00c0ngels 22, bajo y primero, en la calle Francisco Eximenis, 28, bajo y primero y en la calle Canelles, 20, bajo y primero. La superficie de las viviendas oscila entre los 100 y los 175 metros cuadrados, y los precios de salida de la licitaci\u00f3n se situaban entre los 95.000 y los 160.000 euros.<\/p>\n<p>Esta baremaci\u00f3n se ha publicado en la web de la Sociedad www.plancabanyal.es y en el Perfil del Contratante de la Gerencia de Plan Cabanyal-Canyamelar, S.A., alojado en la Plataforma de Contrataci\u00f3n del Sector P\u00fablico, y se ha notificado a los licitadores que dispondr\u00e1n de 10 d\u00edas para realizar el ingreso del contrato de arras, el 5% de la cantidad ofertada. Si existe alguna renuncia, o retirada de oferta en alg\u00fan expediente, se comunicar\u00e1 y publicar\u00e1 la nueva baremaci\u00f3n al resto de ofertantes.<\/p>\n<p>Entre los adjudicatarios el 100 % dedicar\u00e1n el inmueble a residencia habitual, 5 de los 6 son menores de 35 a\u00f1os y los 6 adjudicatarios son vecinos del Cabanyal o Canyamelar.<\/p>\n<p>El concejal de Urbanismo y Vivienda, Juan Giner ha destacado que \u201cesta adjudicaci\u00f3n refleja nuestro compromiso con quienes viven y trabajan en el Cabanyal y Canyamelar; y particularmente con las personas j\u00f3venes, ya que cinco de los seis adjudicatarios son menores de 35 a\u00f1os vecinos del barrio que ahora podr\u00e1n acceder a una vivienda para construir su proyecto de vida sin marcharse\u201d<\/p>\n<p>\u201cEl perfil de los adjudicatarios confirma que nuestras pol\u00edticas funcionan: el 100% destinar\u00e1 los inmuebles a residencia habitual, dos son familias numerosas, y todos tienen v\u00ednculo real con el territorio. Son viviendas para quienes las necesitan y van a vivir en ellas, no para hacer negocio con ellas. Este es el modelo que seguiremos en el Plan Cabanyal Canyamelar y en toda la ciudad\u201d, ha destacado Giner<\/p>\n<p><\/p>\n<\/div>\n<p><a href=\"https:\/\/plancabanyal.es\/en\/contractor-profile\/tenders\/#1760946933078-ea34f910-6ec0\" target=\"_blank\" rel=\"noopener\">Enlace a L2-025<\/a><\/p>\n<p><a href=\"https:\/\/drive.google.com\/file\/d\/1o7wEgrdy1LUwZzb_ppmFwGvd1LchNrI_\/view?usp=sharing\" target=\"_blank\" rel=\"noopener\">260108_Baremacion definitiva y propuesta de adjudicaci\u00f3n<\/a><\/p>\n<div>&nbsp;<\/div>","protected":false},"excerpt":{"rendered":"<p>&nbsp; Entre los adjudicatarios el 100 % dedicar\u00e1n el inmueble a residencia habitual, 5 de los 6 son menores de [&hellip;]<\/p>\n","protected":false},"author":2,"featured_media":13078,"comment_status":"open","ping_status":"open","sticky":false,"template":"","format":"standard","meta":{"site-sidebar-layout":"default","site-content-layout":"","ast-site-content-layout":"","site-content-style":"default","site-sidebar-style":"default","ast-global-header-display":"","ast-banner-title-visibility":"","ast-main-header-display":"","ast-hfb-above-header-display":"","ast-hfb-below-header-display":"","ast-hfb-mobile-header-display":"","site-post-title":"","ast-breadcrumbs-content":"","ast-featured-img":"","footer-sml-layout":"","theme-transparent-header-meta":"","adv-header-id-meta":"","stick-header-meta":"","header-above-stick-meta":"","header-main-stick-meta":"","header-below-stick-meta":"","astra-migrate-meta-layouts":"default","ast-page-background-enabled":"default","ast-page-background-meta":{"desktop":{"background-color":"var(--ast-global-color-5)","background-image":"","background-repeat":"repeat","background-position":"center center","background-size":"auto","background-attachment":"scroll","background-type":"","background-media":"","overlay-type":"","overlay-color":"","overlay-opacity":"","overlay-gradient":""},"tablet":{"background-color":"","background-image":"","background-repeat":"repeat","background-position":"center center","background-size":"auto","background-attachment":"scroll","background-type":"","background-media":"","overlay-type":"","overlay-color":"","overlay-opacity":"","overlay-gradient":""},"mobile":{"background-color":"","background-image":"","background-repeat":"repeat","background-position":"center center","background-size":"auto","background-attachment":"scroll","background-type":"","background-media":"","overlay-type":"","overlay-color":"","overlay-opacity":"","overlay-gradient":""}},"ast-content-background-meta":{"desktop":{"background-color":"var(--ast-global-color-4)","background-image":"","background-repeat":"repeat","background-position":"center center","background-size":"auto","background-attachment":"scroll","background-type":"","background-media":"","overlay-type":"","overlay-color":"","overlay-opacity":"","overlay-gradient":""},"tablet":{"background-color":"var(--ast-global-color-4)","background-image":"","background-repeat":"repeat","background-position":"center center","background-size":"auto","background-attachment":"scroll","background-type":"","background-media":"","overlay-type":"","overlay-color":"","overlay-opacity":"","overlay-gradient":""},"mobile":{"background-color":"var(--ast-global-color-4)","background-image":"","background-repeat":"repeat","background-position":"center center","background-size":"auto","background-attachment":"scroll","background-type":"","background-media":"","overlay-type":"","overlay-color":"","overlay-opacity":"","overlay-gradient":""}}},"categories":[50,22,56],"tags":[],"acf":[],"_links":{"self":[{"href":"https:\/\/plancabanyal.es\/en\/wp-json\/wp\/v2\/posts\/13072"}],"collection":[{"href":"https:\/\/plancabanyal.es\/en\/wp-json\/wp\/v2\/posts"}],"about":[{"href":"https:\/\/plancabanyal.es\/en\/wp-json\/wp\/v2\/types\/post"}],"author":[{"embeddable":true,"href":"https:\/\/plancabanyal.es\/en\/wp-json\/wp\/v2\/users\/2"}],"replies":[{"embeddable":true,"href":"https:\/\/plancabanyal.es\/en\/wp-json\/wp\/v2\/comments?post=13072"}],"version-history":[{"count":2,"href":"https:\/\/plancabanyal.es\/en\/wp-json\/wp\/v2\/posts\/13072\/revisions"}],"predecessor-version":[{"id":13081,"href":"https:\/\/plancabanyal.es\/en\/wp-json\/wp\/v2\/posts\/13072\/revisions\/13081"}],"wp:featuredmedia":[{"embeddable":true,"href":"https:\/\/plancabanyal.es\/en\/wp-json\/wp\/v2\/media\/13078"}],"wp:attachment":[{"href":"https:\/\/plancabanyal.es\/en\/wp-json\/wp\/v2\/media?parent=13072"}],"wp:term":[{"taxonomy":"category","embeddable":true,"href":"https:\/\/plancabanyal.es\/en\/wp-json\/wp\/v2\/categories?post=13072"},{"taxonomy":"post_tag","embeddable":true,"href":"https:\/\/plancabanyal.es\/en\/wp-json\/wp\/v2\/tags?post=13072"}],"curies":[{"name":"wp","href":"https:\/\/api.w.org\/{rel}","templated":true}]}}