{"id":12912,"date":"2025-12-10T10:17:38","date_gmt":"2025-12-10T09:17:38","guid":{"rendered":"https:\/\/plancabanyal.es\/?p=12912"},"modified":"2025-12-15T14:20:16","modified_gmt":"2025-12-15T13:20:16","slug":"el-consejo-de-plan-cabanyal-canyamelar-s-a-aprueba-el-presupuesto-para2026-de-la-sociedad-que-asciende-a-4-935-265-e","status":"publish","type":"post","link":"https:\/\/plancabanyal.es\/en\/el-consejo-de-plan-cabanyal-canyamelar-s-a-aprueba-el-presupuesto-para2026-de-la-sociedad-que-asciende-a-4-935-265-e\/","title":{"rendered":"El consejo de Plan Cabanyal-Canyamelar, S.A. aprueba el presupuesto para 2026 de la sociedad que asciende a  4.935.265 \u20ac"},"content":{"rendered":"<div class=\"dateRedes\">\n<p>10\/12\/2025<\/p>\n<ul>\n<li aria-setsize=\"-1\" data-leveltext=\"\uf0b7\" data-font=\"Symbol\" data-listid=\"1\" data-list-defn-props=\"{&quot;335552541&quot;:1,&quot;335559685&quot;:720,&quot;335559991&quot;:360,&quot;469769226&quot;:&quot;Symbol&quot;,&quot;469769242&quot;:[8226],&quot;469777803&quot;:&quot;left&quot;,&quot;469777804&quot;:&quot;\uf0b7&quot;,&quot;469777815&quot;:&quot;hybridMultilevel&quot;}\" data-aria-posinset=\"1\" data-aria-level=\"1\"><strong>El consejo da cuenta de las auditor\u00edas de legalidad y operatoria de la Intervenci\u00f3n General de la Generalitat Valenciana del ejercicio 2024 y de la Auditor\u00eda de Sistemas, eficiencia y econom\u00eda del Sector P\u00fablico de la GVA del ejercicio 2024 \u00a0<\/strong><\/li>\n<\/ul>\n<ul>\n<li aria-setsize=\"-1\" data-leveltext=\"\uf0b7\" data-font=\"Symbol\" data-listid=\"1\" data-list-defn-props=\"{&quot;335552541&quot;:1,&quot;335559685&quot;:720,&quot;335559991&quot;:360,&quot;469769226&quot;:&quot;Symbol&quot;,&quot;469769242&quot;:[8226],&quot;469777803&quot;:&quot;left&quot;,&quot;469777804&quot;:&quot;\uf0b7&quot;,&quot;469777815&quot;:&quot;hybridMultilevel&quot;}\" data-aria-posinset=\"2\" data-aria-level=\"1\"><strong>La auditor\u00eda de Sistemas, Eficiencia y Econom\u00eda se\u00f1ala que la forma jur\u00eddica &#8220;es la adecuada y no existe duplicidad de funciones con otras entidades p\u00fablicas, aunque advierte de la necesidad de un reequilibrio en la gobernanza de la Sociedad \u00a0<\/strong><\/li>\n<\/ul>\n<ul>\n<li aria-setsize=\"-1\" data-leveltext=\"\uf0b7\" data-font=\"Symbol\" data-listid=\"1\" data-list-defn-props=\"{&quot;335552541&quot;:1,&quot;335559685&quot;:720,&quot;335559991&quot;:360,&quot;469769226&quot;:&quot;Symbol&quot;,&quot;469769242&quot;:[8226],&quot;469777803&quot;:&quot;left&quot;,&quot;469777804&quot;:&quot;\uf0b7&quot;,&quot;469777815&quot;:&quot;hybridMultilevel&quot;}\" data-aria-posinset=\"3\" data-aria-level=\"1\"><strong>&#8220;El Plan Cabanyal Canyamelar es una herramienta fundamental para la regeneraci\u00f3n urbana de todo el Mar\u00edtim y la participaci\u00f3n de la Generalitat en este sentido sigue siendo muy necesaria, entre otras acciones de la sociedad, para impulsar acciones como la construcci\u00f3n de los nuevas viviendas que sustituir\u00e1n a los bloques portuarios\u201d, destaca el concejal de Urbanismo \u00a0<\/strong><\/li>\n<\/ul>\n<ul>\n<li aria-setsize=\"-1\" data-leveltext=\"\uf0b7\" data-font=\"Symbol\" data-listid=\"1\" data-list-defn-props=\"{&quot;335552541&quot;:1,&quot;335559685&quot;:720,&quot;335559991&quot;:360,&quot;469769226&quot;:&quot;Symbol&quot;,&quot;469769242&quot;:[8226],&quot;469777803&quot;:&quot;left&quot;,&quot;469777804&quot;:&quot;\uf0b7&quot;,&quot;469777815&quot;:&quot;hybridMultilevel&quot;}\" data-aria-posinset=\"4\" data-aria-level=\"1\"><strong>\u201cLa participaci\u00f3n de la Generalitat sigue siendo estrat\u00e9gica, pues es necesaria para proyectos como los ARRUs, as\u00ed como es muy importante para llevar adelante las pol\u00edticas de vivienda y regeneraci\u00f3n urbana&#8221;, recalca Giner\u00a0<\/strong><\/li>\n<\/ul>\n<p><span data-ccp-props=\"{}\">\u00a0<\/span><\/p>\n<p><span data-contrast=\"auto\">El consejo de administraci\u00f3n de Plan Cabanyal Canyamelar Sociedad An\u00f3nima (PCCSA), que se ha celebrado este martes, ha aprobado el presupuesto\u00a0 de la Sociedad para el a\u00f1o 2026 que asciende a 4.935. 265 euros.\u00a0 El presupuesto incluye una expectativa de ingresos por la cantidad de 2.213.292 \u20ac de la venta de determinados inmuebles del patrimonio de la sociedad y 2.415.609,07 \u20ac de una permuta de inmuebles que se va a llevar a cabo con el Ayuntamiento de Val\u00e8ncia. <\/span><span data-ccp-props=\"{&quot;335551550&quot;:6,&quot;335551620&quot;:6}\">\u00a0<\/span><\/p>\n<p><span data-ccp-props=\"{&quot;335551550&quot;:6,&quot;335551620&quot;:6}\">\u00a0<\/span><span data-contrast=\"auto\">Este presupuesto, ha asegurado el concejal de Urbanismo, Vivienda y Licencias Juan Giner, \u201ccontiene fundamentalmente partidas destinadas a seguir con la importante y necesaria labor que realiza Plan Cabanyal Canyamelar\u00a0 para la regeneraci\u00f3n urbana del Mar\u00edtimo, con especial incidencia en la rehabilitaci\u00f3n de viviendas y con el objetivo de que regresen a vivir en estos barrios vecinos que antes viv\u00edan en ellos\u201d.\u00a0 En este sentido, se destinar\u00e1n 345.155,39 \u20ac para adquisici\u00f3n de viviendas vac\u00edas en Bloque Portuarios, 150.000 \u20ac para reformar viviendas propias y 79.410 \u20ac en mantenimiento y reparaciones del parque de viviendas del PCCSA.<\/span><span data-ccp-props=\"{&quot;335551550&quot;:6,&quot;335551620&quot;:6}\">\u00a0<\/span><\/p>\n<p><span data-ccp-props=\"{&quot;335551550&quot;:6,&quot;335551620&quot;:6}\">\u00a0<\/span><span data-contrast=\"auto\">Adem\u00e1s, el consejo ha aprobado tambi\u00e9n el C\u00f3digo de \u00c9tica y de Conducta de PCCSA, la Pol\u00edtica de Conflicto de Intereses de la entidad y el Procedimiento de Pagos y Cobros. Documentos que deben guiar las actuaciones de la Entidad desde los principios de legalidad, transparencia, imparcialidad, independencia y ejemplaridad (C\u00f3digo \u00c9tico), as\u00ed como prevenir y gestionar situaciones de conflicto de intereses (Pol\u00edtica de Conflicto de Intereses) y garantizar la eficiencia y el control financiero del PCCSA (Procedimiento de Pagos y Cobros).<\/span><span data-ccp-props=\"{&quot;335551550&quot;:6,&quot;335551620&quot;:6}\">\u00a0<\/span><\/p>\n<p><span data-ccp-props=\"{&quot;335551550&quot;:6,&quot;335551620&quot;:6}\">\u00a0<\/span><span data-contrast=\"auto\">Asimismo, tambi\u00e9n se ha dado cuenta de las auditor\u00edas de legalidad y operatoria de la Intervenci\u00f3n General de la Generalitat Valenciana del ejercicio 2024 y de la Auditor\u00eda de Sistemas, eficiencia y econom\u00eda del Sector P\u00fablico de la GVA del ejercicio 2024. En la auditor\u00eda de legalidad y operatoria cabe rese\u00f1ar la desaparici\u00f3n de los reparos sobre contrataci\u00f3n de los gastos sin expediente, que en 2023 alcanzaban los 292 gastos y que se han regularizado en 2024.<\/span><span data-ccp-props=\"{&quot;335551550&quot;:6,&quot;335551620&quot;:6}\">\u00a0<\/span><\/p>\n<p><span data-ccp-props=\"{&quot;335551550&quot;:6,&quot;335551620&quot;:6}\">\u00a0<\/span><span data-contrast=\"auto\">El Plan Cabanyal Canyamelar, seg\u00fan ha informado el concejal de Urbanismo, Vivienda y Licencias, Juan Giner, regulariz\u00f3 a lo largo del a\u00f1o 2024 los gastos sin expediente que arrastraba la sociedad. \u201cEn este Consejo se han subsando las incidencias, reiteradas a\u00f1o tras a\u00f1o, de no disponer de C\u00f3digo \u00c9tico, Pol\u00edtica de Conflicto de Intereses ni Procedimiento de Pagos y Cobros\u201d, ha destacado.\u00a0<\/span><span data-ccp-props=\"{&quot;335551550&quot;:6,&quot;335551620&quot;:6}\">\u00a0<\/span><\/p>\n<p><span data-ccp-props=\"{&quot;335551550&quot;:6,&quot;335551620&quot;:6}\">\u00a0<\/span><span data-contrast=\"auto\">En cuanto a las conclusiones de la auditor\u00eda de Sistemas, Eficiencia y Econom\u00eda se\u00f1alan que la forma jur\u00eddica \u201ces la adecuada y no existe duplicidad de funciones con otras entidades P\u00fablicas\u201d, aunque advierten de la necesidad de un reequilibrio en el gobierno de la Sociedad.\u00a0 <\/span><span data-ccp-props=\"{&quot;335551550&quot;:6,&quot;335551620&quot;:6}\">\u00a0<\/span><\/p>\n<p><span data-ccp-props=\"{&quot;335551550&quot;:6,&quot;335551620&quot;:6}\">\u00a0<\/span><span data-contrast=\"auto\">Al respecto, Giner ha indicado que \u201cel Plan Cabanyal Canyamelar \u201ces una herramienta fundamental para la regeneraci\u00f3n de nuestros barrios y la participaci\u00f3n de la Generalitat en este sentido sigue siendo muy necesaria para impulsar, entre otras acciones de la sociedad, la construcci\u00f3n de la nuevas viviendas que sustituir\u00e1n a los bloques portuarios\u201d.\u00a0<\/span><span data-ccp-props=\"{&quot;335551550&quot;:6,&quot;335551620&quot;:6}\">\u00a0<\/span><\/p>\n<p><span data-ccp-props=\"{&quot;335551550&quot;:6,&quot;335551620&quot;:6}\">\u00a0<\/span><span data-contrast=\"auto\">Adem\u00e1s, tal y como ha afirmado el concejal de Urbanismo, \u201cla participaci\u00f3n de la Generalitat sigue siendo estrat\u00e9gica, pues es necesaria para proyectos como los ARRUs, as\u00ed como es muy importante para llevar adelante las pol\u00edticas de vivienda y regeneraci\u00f3n urbana, tal y como la propia Generalitat reconoce en el desarrollo de su red de Oficinas Xaloc\u201d, una iniciativa de la GVA que coordina pol\u00edticas de vivienda, rehabilitaci\u00f3n y regeneraci\u00f3n urbana.<\/span><span data-ccp-props=\"{&quot;335551550&quot;:6,&quot;335551620&quot;:6}\">\u00a0<\/span><\/p>\n<p><span data-ccp-props=\"{&quot;335551550&quot;:6,&quot;335551620&quot;:6}\">\u00a0<\/span><span data-contrast=\"auto\">Giner ha subrayado que \u201cel Ayuntamiento trabaja en colaboraci\u00f3n con la Generalitat en la regeneraci\u00f3n del Cabanyal-Canyamelar, con acciones que contribuyen a que vuelvan residir en \u00e9l los vecinos, y con medidas como la moratoria en la concesi\u00f3n de licencias de viviendas tur\u00edsticas y con una nueva normativa que limitar\u00e1 los apartamentos tur\u00edsticos a un m\u00e1ximo del 2% sobre las viviendas residenciales en todos los barrios y distritos de la ciudad\u201d. <\/span><span data-ccp-props=\"{&quot;335551550&quot;:6,&quot;335551620&quot;:6}\">\u00a0<\/span><\/p>\n<p><span data-ccp-props=\"{&quot;335551550&quot;:6,&quot;335551620&quot;:6}\">\u00a0<\/span><\/p>\n<p><b><span data-contrast=\"auto\">Revitalizaci\u00f3n del Cabanyal-Canyamelar<\/span><\/b><span data-ccp-props=\"{&quot;335551550&quot;:6,&quot;335551620&quot;:6}\">\u00a0<\/span><span data-ccp-props=\"{&quot;335551550&quot;:6,&quot;335551620&quot;:6}\">\u00a0<\/span><\/p>\n<p><span data-contrast=\"auto\">Por otra parte, el concejal Juan Giner ha explicado que desde el Plan Cabanyal-Canyamelar, e<\/span><span data-contrast=\"auto\">ntre los a\u00f1os 2024 y 2025, se han puesto <\/span><span data-contrast=\"auto\">a disposici\u00f3n p\u00fablica m\u00e1s de 50 viviendas y solares para uso residencial y locales para uso comercial en el barrio por medio de procedimientos como subastas p\u00fablicas. Los pliegos que regulan los procedimientos excluyen espec\u00edficamente dedicar cualquier inmueble a apartamento tur\u00edstico. El 60 % de los adjudicatarios de un inmueble subastado por la Sociedad Plan Cabanyal-Canyamelar son o han sido residentes de estos barrios<\/span><span data-ccp-props=\"{&quot;335551550&quot;:6,&quot;335551620&quot;:6}\">\u00a0<\/span><\/p>\n<p><span data-ccp-props=\"{&quot;335551550&quot;:6,&quot;335551620&quot;:6}\">\u00a0<\/span><span data-contrast=\"auto\">Al respecto, Giner ha subrayado que \u201cel Ayuntamiento est\u00e1 verdaderamente concienciado y trabajando y para hacer posible la regeneraci\u00f3n del Cabanyal-Canyamelar, con acciones que contribuyen a que vuelvan residir en \u00e9l lo vecinos, y con medidas como la moratoria en la concesi\u00f3n de licencias de viviendas tur\u00edsticas y con una nueva normativa que limitar\u00e1 los apartamentos tur\u00edsticos a un m\u00e1ximo del 2% sobre las viviendas residenciales en todos los barrios y distritos de la ciudad\u201d. <\/span><span data-ccp-props=\"{&quot;335551550&quot;:6,&quot;335551620&quot;:6}\">\u00a0<\/span><\/p>\n<p><span data-ccp-props=\"{&quot;335551550&quot;:6,&quot;335551620&quot;:6}\">\u00a0<\/span><span data-contrast=\"auto\">Entre los adjudicatarios de viviendas subastadas por el Plan Cabanyal,\u00a0 el 83% dedicar\u00e1n el inmueble a residencia habitual, el 100% son menores de 35 a\u00f1os y un 50% son actualmente vecinos del Cabanyal o Canyamelar. Adem\u00e1s, cabe recordar que estos inmuebles bajo ning\u00fan concepto podr\u00e1n convertirse en apartamentos tur\u00edsticos.\u00a0<\/span><span data-ccp-props=\"{&quot;335551550&quot;:6,&quot;335551620&quot;:6}\">\u00a0<\/span><\/p>\n<p><span data-ccp-props=\"{&quot;335551550&quot;:6,&quot;335551620&quot;:6}\">\u00a0<\/span><span data-contrast=\"auto\">\u201cUna revitalizaci\u00f3n muy visible con tan solo recorrer las calles y plazas de estos barrios marineros, donde se han llevado a cabo obras de reurbanizaci\u00f3n en multitud de calles, plazas y espacios verdes, y donde adem\u00e1s est\u00e1 en la \u00faltima fase la puesta en marcha de dotaciones p\u00fablicas, ha concluido Giner.\u00a0\u00a0\u00a0<\/span><span data-ccp-props=\"{&quot;335551550&quot;:6,&quot;335551620&quot;:6}\">\u00a0<\/span><\/p>\n<\/div>\n<p>Fuente: <a href=\"https:\/\/www.valencia.es\/cas\/actualidad\/-\/content\/presupuestos-plan-cabanyal-canyamelar-2026\" target=\"_blank\" rel=\"noopener\">Actualidad Ayuntamiento de Valencia<\/a><\/p>\n<div><\/div>\n","protected":false},"excerpt":{"rendered":"<p>10\/12\/2025 El consejo da cuenta de las auditor\u00edas de legalidad y operatoria de la Intervenci\u00f3n General de la Generalitat Valenciana [&hellip;]<\/p>\n","protected":false},"author":2,"featured_media":12915,"comment_status":"open","ping_status":"open","sticky":false,"template":"","format":"standard","meta":{"site-sidebar-layout":"default","site-content-layout":"","ast-site-content-layout":"","site-content-style":"default","site-sidebar-style":"default","ast-global-header-display":"","ast-banner-title-visibility":"","ast-main-header-display":"","ast-hfb-above-header-display":"","ast-hfb-below-header-display":"","ast-hfb-mobile-header-display":"","site-post-title":"","ast-breadcrumbs-content":"","ast-featured-img":"","footer-sml-layout":"","theme-transparent-header-meta":"","adv-header-id-meta":"","stick-header-meta":"","header-above-stick-meta":"","header-main-stick-meta":"","header-below-stick-meta":"","astra-migrate-meta-layouts":"default","ast-page-background-enabled":"default","ast-page-background-meta":{"desktop":{"background-color":"var(--ast-global-color-5)","background-image":"","background-repeat":"repeat","background-position":"center center","background-size":"auto","background-attachment":"scroll","background-type":"","background-media":"","overlay-type":"","overlay-color":"","overlay-opacity":"","overlay-gradient":""},"tablet":{"background-color":"","background-image":"","background-repeat":"repeat","background-position":"center center","background-size":"auto","background-attachment":"scroll","background-type":"","background-media":"","overlay-type":"","overlay-color":"","overlay-opacity":"","overlay-gradient":""},"mobile":{"background-color":"","background-image":"","background-repeat":"repeat","background-position":"center center","background-size":"auto","background-attachment":"scroll","background-type":"","background-media":"","overlay-type":"","overlay-color":"","overlay-opacity":"","overlay-gradient":""}},"ast-content-background-meta":{"desktop":{"background-color":"var(--ast-global-color-4)","background-image":"","background-repeat":"repeat","background-position":"center center","background-size":"auto","background-attachment":"scroll","background-type":"","background-media":"","overlay-type":"","overlay-color":"","overlay-opacity":"","overlay-gradient":""},"tablet":{"background-color":"var(--ast-global-color-4)","background-image":"","background-repeat":"repeat","background-position":"center center","background-size":"auto","background-attachment":"scroll","background-type":"","background-media":"","overlay-type":"","overlay-color":"","overlay-opacity":"","overlay-gradient":""},"mobile":{"background-color":"var(--ast-global-color-4)","background-image":"","background-repeat":"repeat","background-position":"center center","background-size":"auto","background-attachment":"scroll","background-type":"","background-media":"","overlay-type":"","overlay-color":"","overlay-opacity":"","overlay-gradient":""}}},"categories":[50,22,56],"tags":[],"acf":[],"_links":{"self":[{"href":"https:\/\/plancabanyal.es\/en\/wp-json\/wp\/v2\/posts\/12912"}],"collection":[{"href":"https:\/\/plancabanyal.es\/en\/wp-json\/wp\/v2\/posts"}],"about":[{"href":"https:\/\/plancabanyal.es\/en\/wp-json\/wp\/v2\/types\/post"}],"author":[{"embeddable":true,"href":"https:\/\/plancabanyal.es\/en\/wp-json\/wp\/v2\/users\/2"}],"replies":[{"embeddable":true,"href":"https:\/\/plancabanyal.es\/en\/wp-json\/wp\/v2\/comments?post=12912"}],"version-history":[{"count":2,"href":"https:\/\/plancabanyal.es\/en\/wp-json\/wp\/v2\/posts\/12912\/revisions"}],"predecessor-version":[{"id":12929,"href":"https:\/\/plancabanyal.es\/en\/wp-json\/wp\/v2\/posts\/12912\/revisions\/12929"}],"wp:featuredmedia":[{"embeddable":true,"href":"https:\/\/plancabanyal.es\/en\/wp-json\/wp\/v2\/media\/12915"}],"wp:attachment":[{"href":"https:\/\/plancabanyal.es\/en\/wp-json\/wp\/v2\/media?parent=12912"}],"wp:term":[{"taxonomy":"category","embeddable":true,"href":"https:\/\/plancabanyal.es\/en\/wp-json\/wp\/v2\/categories?post=12912"},{"taxonomy":"post_tag","embeddable":true,"href":"https:\/\/plancabanyal.es\/en\/wp-json\/wp\/v2\/tags?post=12912"}],"curies":[{"name":"wp","href":"https:\/\/api.w.org\/{rel}","templated":true}]}}