{"id":12833,"date":"2025-11-10T12:47:35","date_gmt":"2025-11-10T11:47:35","guid":{"rendered":"https:\/\/plancabanyal.es\/la-junta-municipal-del-maritim-convoca-un-concurso-de-belenes-dirigido-a-entidades-ciudadanas\/"},"modified":"2025-11-27T14:04:25","modified_gmt":"2025-11-27T13:04:25","slug":"la-junta-municipal-del-maritim-convoca-un-concurso-de-belenes-dirigido-a-entidades-ciudadanas","status":"publish","type":"post","link":"https:\/\/plancabanyal.es\/en\/la-junta-municipal-del-maritim-convoca-un-concurso-de-belenes-dirigido-a-entidades-ciudadanas\/","title":{"rendered":"La Junta Municipal del Mar\u00edtim convoca un concurso de Belenes dirigido a entidades ciudadanas"},"content":{"rendered":"\n<p><\/p>\n\n\n<ul>\n<li style=\"list-style-type: none;\">\u00a0<\/li>\n<\/ul>\n<p>\u00a0<\/p>\n<ul>\n<li><strong>El plazo para presentar las instancias de participaci\u00f3n se abre este lunes 10 hasta el 30 de noviembre, ambos inclusive<\/strong><\/li>\n<\/ul>\n<ul>\n<li><strong>El objetivo es fomentar el conocimiento de esta manifestaci\u00f3n cultural y apoyar esta tradici\u00f3n<\/strong><\/li>\n<\/ul>\n<ul>\n<li><strong>Las bases indican dos categor\u00edas, tradicional y dise\u00f1o libre, y la obligaci\u00f3n de representar cinco escenas imprescindibles en cada Bel\u00e9n<\/strong><\/li>\n<\/ul>\n<p>La Junta Municipal del Mar\u00edtim convoca un concurso de Belenes 2025, cuyo objetivo principal es fomentar el conocimiento de esta manifestaci\u00f3n cultural y apoyar esta tradici\u00f3n en sus diferentes composiciones.<\/p>\n<p>Podr\u00e1n participar \u00fanicamente las entidades inscritas en el Registro Municipal de Entidades Ciudadanas del Ayuntamiento de Val\u00e8ncia, que est\u00e9n situadas f\u00edsicamente en la demarcaci\u00f3n de esta Junta y que cumplan con los requisitos de la convocatoria.<\/p>\n<p>Las bases del concurso indican dos categor\u00edas, tradicional y dise\u00f1o libre, y la obligaci\u00f3n de representar cinco escenas imprescindibles en cada Bel\u00e9n, ya que no hacerlo supondr\u00e1 la exclusi\u00f3n. En concreto, habr\u00e1 que incluir la escena del nacimiento del ni\u00f1o Jes\u00fas; de la adoraci\u00f3n de los pastores en el portal; de los Reyes Magos de Oriente; de la anunciaci\u00f3n del \u00e1ngel a los pastores; y de la anunciaci\u00f3n del arc\u00e1ngel Gabriel a la Virgen Mar\u00eda.<\/p>\n<p>El jurado, compuesto por personas con conocimientos y expertas en el arte Belenista, as\u00ed como profesionales del sector, valorar\u00e1 a partes iguales el esfuerzo y participaci\u00f3n en la realizaci\u00f3n, la perspectiva t\u00e9cnica del Bel\u00e9n, la originalidad de la composici\u00f3n y las figuras, la creatividad del conjunto y la relaci\u00f3n entre el tama\u00f1o y la calidad de la composici\u00f3n. La visita de valoraci\u00f3n a los belenes se har\u00e1 a partir del d\u00eda 9 diciembre entre las 17:00 y las 22:00 horas. El veredicto se notificar\u00e1 personalmente a las entidades premiadas y se publicar\u00e1 en el tabl\u00f3n de edictos de la Junta Municipal del Mar\u00edtim durante la semana posterior a la resoluci\u00f3n.<\/p>\n<p>El plazo para presentar las instancias de participaci\u00f3n se abre este lunes 10 hasta el 30 de noviembre, ambos inclusive. Las solicitudes, que se realizar\u00e1n por medio de instancia general, se presentar\u00e1n en la Sede Electr\u00f3nica del Ayuntamiento o en el Registro General de Entrada de la Junta de Mar\u00edtimo (calle Barraca,53).<\/p>\n<p>Para un mejor seguimiento de las instancias, se deber\u00e1 enviar copia de la misma al correo de la Junta Municipal (<a href=\"mailto:jmmaritim@valencia.es\">jmmaritim@valencia.es<\/a>) e indicar el nombre de la entidad participante, el lugar de ubicaci\u00f3n del Bel\u00e9n y horario de visita, la persona responsable y tel\u00e9fono de contacto, as\u00ed como el coste aproximado del pesebre.<\/p>\n<p><strong>Premios en met\u00e1lico<\/strong><\/p>\n<p>Los premios que se conceder\u00e1n ascienden a una cuant\u00eda total m\u00e1xima de 1.900 euros y se repartir\u00e1n de la siguiente manera:<\/p>\n<p>Categor\u00eda Tradicional<\/p>\n<ul>\n<li>1\u00ba premio de 450 euros y diploma<\/li>\n<li>2\u00ba premio de 350 euros y diploma<\/li>\n<li>3\u00ba premio de 150 euros y diploma<\/li>\n<\/ul>\n<p>Categor\u00eda Dise\u00f1o libre<\/p>\n<ul>\n<li>1\u00ba premio de 450 euros y diploma<\/li>\n<li>2\u00ba premio de 350 euros y diploma<\/li>\n<li>3\u00ba premio de 150 euros y diploma<\/li>\n<\/ul>\n<p>Y 10 acc\u00e9sits con diploma a distribuir entre ambas categor\u00edas. Adem\u00e1s, los premios en met\u00e1lico, que no podr\u00e1n concederse\u00a0<em>ex-aequo<\/em>, ser\u00e1n compatibles con cualquier otro premio, subvenci\u00f3n o ayuda para la misma finalidad, librados por cualquier otra entidad si, en conjunto, no superan el coste total de la realizaci\u00f3n del Bel\u00e9n.<\/p>\n<p>Los belenes premiados con dotaci\u00f3n econ\u00f3mica, tendr\u00e1n que estar accesibles al p\u00fablico con un horario de visitas indicado a la puerta del establecimiento.<\/p>\n<p>Fuente: <a href=\"https:\/\/www.valencia.es\/cas\/actualidad\/-\/content\/convocatoria-concurso-de-belenes-de-la-jm-mar%C3%ADtim\" target=\"_blank\" rel=\"noopener\">Ayuntamiento de Val\u00e8ncia<\/a><\/p>\n<div>\u00a0<\/div>\n<div>\u00a0<\/div>\n<div class=\"portlet-boundary portlet-static-end paywall-portlet products_res\">\u00a0<\/div>\n<div>\u00a0<\/div>","protected":false},"excerpt":{"rendered":"<p>\u00a0 \u00a0 El plazo para presentar las instancias de participaci\u00f3n se abre este lunes 10 hasta el 30 de noviembre, [&hellip;]<\/p>\n","protected":false},"author":2,"featured_media":12830,"comment_status":"closed","ping_status":"closed","sticky":false,"template":"","format":"standard","meta":{"site-sidebar-layout":"default","site-content-layout":"","ast-site-content-layout":"","site-content-style":"default","site-sidebar-style":"default","ast-global-header-display":"","ast-banner-title-visibility":"","ast-main-header-display":"","ast-hfb-above-header-display":"","ast-hfb-below-header-display":"","ast-hfb-mobile-header-display":"","site-post-title":"","ast-breadcrumbs-content":"","ast-featured-img":"","footer-sml-layout":"","theme-transparent-header-meta":"","adv-header-id-meta":"","stick-header-meta":"","header-above-stick-meta":"","header-main-stick-meta":"","header-below-stick-meta":"","astra-migrate-meta-layouts":"default","ast-page-background-enabled":"default","ast-page-background-meta":{"desktop":{"background-color":"var(--ast-global-color-5)","background-image":"","background-repeat":"repeat","background-position":"center center","background-size":"auto","background-attachment":"scroll","background-type":"","background-media":"","overlay-type":"","overlay-color":"","overlay-opacity":"","overlay-gradient":""},"tablet":{"background-color":"","background-image":"","background-repeat":"repeat","background-position":"center center","background-size":"auto","background-attachment":"scroll","background-type":"","background-media":"","overlay-type":"","overlay-color":"","overlay-opacity":"","overlay-gradient":""},"mobile":{"background-color":"","background-image":"","background-repeat":"repeat","background-position":"center center","background-size":"auto","background-attachment":"scroll","background-type":"","background-media":"","overlay-type":"","overlay-color":"","overlay-opacity":"","overlay-gradient":""}},"ast-content-background-meta":{"desktop":{"background-color":"var(--ast-global-color-4)","background-image":"","background-repeat":"repeat","background-position":"center center","background-size":"auto","background-attachment":"scroll","background-type":"","background-media":"","overlay-type":"","overlay-color":"","overlay-opacity":"","overlay-gradient":""},"tablet":{"background-color":"var(--ast-global-color-4)","background-image":"","background-repeat":"repeat","background-position":"center center","background-size":"auto","background-attachment":"scroll","background-type":"","background-media":"","overlay-type":"","overlay-color":"","overlay-opacity":"","overlay-gradient":""},"mobile":{"background-color":"var(--ast-global-color-4)","background-image":"","background-repeat":"repeat","background-position":"center center","background-size":"auto","background-attachment":"scroll","background-type":"","background-media":"","overlay-type":"","overlay-color":"","overlay-opacity":"","overlay-gradient":""}}},"categories":[50,22],"tags":[],"acf":[],"_links":{"self":[{"href":"https:\/\/plancabanyal.es\/en\/wp-json\/wp\/v2\/posts\/12833"}],"collection":[{"href":"https:\/\/plancabanyal.es\/en\/wp-json\/wp\/v2\/posts"}],"about":[{"href":"https:\/\/plancabanyal.es\/en\/wp-json\/wp\/v2\/types\/post"}],"author":[{"embeddable":true,"href":"https:\/\/plancabanyal.es\/en\/wp-json\/wp\/v2\/users\/2"}],"replies":[{"embeddable":true,"href":"https:\/\/plancabanyal.es\/en\/wp-json\/wp\/v2\/comments?post=12833"}],"version-history":[{"count":1,"href":"https:\/\/plancabanyal.es\/en\/wp-json\/wp\/v2\/posts\/12833\/revisions"}],"predecessor-version":[{"id":12853,"href":"https:\/\/plancabanyal.es\/en\/wp-json\/wp\/v2\/posts\/12833\/revisions\/12853"}],"wp:featuredmedia":[{"embeddable":true,"href":"https:\/\/plancabanyal.es\/en\/wp-json\/wp\/v2\/media\/12830"}],"wp:attachment":[{"href":"https:\/\/plancabanyal.es\/en\/wp-json\/wp\/v2\/media?parent=12833"}],"wp:term":[{"taxonomy":"category","embeddable":true,"href":"https:\/\/plancabanyal.es\/en\/wp-json\/wp\/v2\/categories?post=12833"},{"taxonomy":"post_tag","embeddable":true,"href":"https:\/\/plancabanyal.es\/en\/wp-json\/wp\/v2\/tags?post=12833"}],"curies":[{"name":"wp","href":"https:\/\/api.w.org\/{rel}","templated":true}]}}