{"id":12586,"date":"2025-09-16T13:54:07","date_gmt":"2025-09-16T11:54:07","guid":{"rendered":"https:\/\/plancabanyal.es\/?p=12586"},"modified":"2025-09-16T13:54:07","modified_gmt":"2025-09-16T11:54:07","slug":"valencia-impulsa-rutas-accesibles-por-los-barrios-para-conmemorar-el-dia-internacional-de-las-lenguas-de-signos","status":"publish","type":"post","link":"https:\/\/plancabanyal.es\/en\/valencia-impulsa-rutas-accesibles-por-los-barrios-para-conmemorar-el-dia-internacional-de-las-lenguas-de-signos\/","title":{"rendered":"Val\u00e8ncia impulsa rutas accesibles por los barrios para conmemorar el D\u00eda Internacional de las Lenguas de Signos"},"content":{"rendered":"\n<p><\/p>\n\n\n<p><img loading=\"lazy\" class=\"aligncenter  wp-image-12583\" src=\"https:\/\/plancabanyal.es\/wp-content\/uploads\/2025\/09\/Turisme-de-barris-La-Malva-rosa.-cast-1024x576.jpg\" alt=\"\" width=\"549\" height=\"309\" srcset=\"https:\/\/plancabanyal.es\/wp-content\/uploads\/2025\/09\/Turisme-de-barris-La-Malva-rosa.-cast-1024x576.jpg 1024w, https:\/\/plancabanyal.es\/wp-content\/uploads\/2025\/09\/Turisme-de-barris-La-Malva-rosa.-cast-300x169.jpg 300w, https:\/\/plancabanyal.es\/wp-content\/uploads\/2025\/09\/Turisme-de-barris-La-Malva-rosa.-cast-768x432.jpg 768w, https:\/\/plancabanyal.es\/wp-content\/uploads\/2025\/09\/Turisme-de-barris-La-Malva-rosa.-cast-1536x864.jpg 1536w, https:\/\/plancabanyal.es\/wp-content\/uploads\/2025\/09\/Turisme-de-barris-La-Malva-rosa.-cast.jpg 1920w\" sizes=\"(max-width: 549px) 100vw, 549px\" \/><\/p>\n<ul>\n<li><strong>El programa municipal \u2018<\/strong><a href=\"https:\/\/www.valencia.es\/cas\/turismo\/rutas-turisticas-barrios\"><strong>Turismo de barrios\u2019<\/strong><\/a><strong>\u00a0se realizar\u00e1 durante los d\u00edas 23, 24, 25 y 26 con int\u00e9rpretes de lengua de signos<\/strong><\/li>\n<li><strong>El director general de Personas con Discapacidad indica que \u201ccon esta programaci\u00f3n, Val\u00e8ncia reafirma su compromiso con la diversidad ling\u00fc\u00edstica, la accesibilidad universal\u201d<\/strong><\/li>\n<\/ul>\n<ul>\n<li><strong>El Ayuntamiento ha habilitado el correo\u00a0<a href=\"mailto:inscripcionturismo@valencia.es\">inscripcionturismo@valencia.es<\/a>\u00a0para facilitar la participaci\u00f3n<\/strong><\/li>\n<\/ul>\n<p>Las visitas guiadas y gratuitas que organiza la Delegaci\u00f3n de Turismo para dar a conocer la riqueza patrimonial y cultural de los barrios se realizar\u00e1n, durante la pr\u00f3xima semana, con int\u00e9rpretes de lengua de signos. Esta iniciativa, impulsada en el marco de la conmemoraci\u00f3n del D\u00eda Internacional de las Lenguas de Signos, \u201cresponde al objetivo municipal de promover la inclusi\u00f3n y la accesibilidad de todas las personas a todos los recursos p\u00fablicos\u201d.<\/p>\n<p>El director general de Personas con Discapacidad, Javier Copov\u00ed, ha informado hoy de la realizaci\u00f3n de estas rutas y ha indicado que, para facilitar y garantizar una adecuada organizaci\u00f3n y participaci\u00f3n, el Ayuntamiento ha habilitado un correo electr\u00f3nico para formalizar las inscripciones (inscripcionturismo@valencia.es).<\/p>\n<p>Estas visitas se realizar\u00e1n entre el martes 23 y el viernes 26. Cada d\u00eda se llevar\u00e1n a cabo dos rutas que, partir de las 19:00 horas, recorrer\u00e1n enclaves emblem\u00e1ticos como el Jard\u00ed del T\u00faria, La Malva-rosa, Benim\u00e0met, El Cabanyal\u2013Canyamelar, Orriols, Patraix, Pobles del Nord y Pobles del Sud.<\/p>\n<p>\u201cCon esta programaci\u00f3n, Val\u00e8ncia reafirma su compromiso con la diversidad ling\u00fc\u00edstica, la accesibilidad universal y el turismo de proximidad, en el marco de una celebraci\u00f3n que pone en valor el papel de las lenguas de signos como herramienta de comunicaci\u00f3n y cohesi\u00f3n social\u201d, ha asegurado Copov\u00ed.<\/p>\n<p>Fuente: <a href=\"https:\/\/www.valencia.es\/cas\/actualidad\/-\/content\/plazos-permisos-ocupaci%C3%B3n-comisiones-falleras-2026\" data-wplink-edit=\"true\">Ayuntamiento de Valencia<\/a><\/p>","protected":false},"excerpt":{"rendered":"<p>El programa municipal \u2018Turismo de barrios\u2019\u00a0se realizar\u00e1 durante los d\u00edas 23, 24, 25 y 26 con int\u00e9rpretes de lengua de [&hellip;]<\/p>\n","protected":false},"author":2,"featured_media":12584,"comment_status":"closed","ping_status":"closed","sticky":false,"template":"","format":"standard","meta":{"site-sidebar-layout":"default","site-content-layout":"","ast-site-content-layout":"","site-content-style":"default","site-sidebar-style":"default","ast-global-header-display":"","ast-banner-title-visibility":"","ast-main-header-display":"","ast-hfb-above-header-display":"","ast-hfb-below-header-display":"","ast-hfb-mobile-header-display":"","site-post-title":"","ast-breadcrumbs-content":"","ast-featured-img":"","footer-sml-layout":"","theme-transparent-header-meta":"","adv-header-id-meta":"","stick-header-meta":"","header-above-stick-meta":"","header-main-stick-meta":"","header-below-stick-meta":"","astra-migrate-meta-layouts":"default","ast-page-background-enabled":"default","ast-page-background-meta":{"desktop":{"background-color":"var(--ast-global-color-5)","background-image":"","background-repeat":"repeat","background-position":"center center","background-size":"auto","background-attachment":"scroll","background-type":"","background-media":"","overlay-type":"","overlay-color":"","overlay-opacity":"","overlay-gradient":""},"tablet":{"background-color":"","background-image":"","background-repeat":"repeat","background-position":"center center","background-size":"auto","background-attachment":"scroll","background-type":"","background-media":"","overlay-type":"","overlay-color":"","overlay-opacity":"","overlay-gradient":""},"mobile":{"background-color":"","background-image":"","background-repeat":"repeat","background-position":"center center","background-size":"auto","background-attachment":"scroll","background-type":"","background-media":"","overlay-type":"","overlay-color":"","overlay-opacity":"","overlay-gradient":""}},"ast-content-background-meta":{"desktop":{"background-color":"var(--ast-global-color-4)","background-image":"","background-repeat":"repeat","background-position":"center center","background-size":"auto","background-attachment":"scroll","background-type":"","background-media":"","overlay-type":"","overlay-color":"","overlay-opacity":"","overlay-gradient":""},"tablet":{"background-color":"var(--ast-global-color-4)","background-image":"","background-repeat":"repeat","background-position":"center center","background-size":"auto","background-attachment":"scroll","background-type":"","background-media":"","overlay-type":"","overlay-color":"","overlay-opacity":"","overlay-gradient":""},"mobile":{"background-color":"var(--ast-global-color-4)","background-image":"","background-repeat":"repeat","background-position":"center center","background-size":"auto","background-attachment":"scroll","background-type":"","background-media":"","overlay-type":"","overlay-color":"","overlay-opacity":"","overlay-gradient":""}}},"categories":[50,22,56],"tags":[],"acf":[],"_links":{"self":[{"href":"https:\/\/plancabanyal.es\/en\/wp-json\/wp\/v2\/posts\/12586"}],"collection":[{"href":"https:\/\/plancabanyal.es\/en\/wp-json\/wp\/v2\/posts"}],"about":[{"href":"https:\/\/plancabanyal.es\/en\/wp-json\/wp\/v2\/types\/post"}],"author":[{"embeddable":true,"href":"https:\/\/plancabanyal.es\/en\/wp-json\/wp\/v2\/users\/2"}],"replies":[{"embeddable":true,"href":"https:\/\/plancabanyal.es\/en\/wp-json\/wp\/v2\/comments?post=12586"}],"version-history":[{"count":1,"href":"https:\/\/plancabanyal.es\/en\/wp-json\/wp\/v2\/posts\/12586\/revisions"}],"predecessor-version":[{"id":12589,"href":"https:\/\/plancabanyal.es\/en\/wp-json\/wp\/v2\/posts\/12586\/revisions\/12589"}],"wp:featuredmedia":[{"embeddable":true,"href":"https:\/\/plancabanyal.es\/en\/wp-json\/wp\/v2\/media\/12584"}],"wp:attachment":[{"href":"https:\/\/plancabanyal.es\/en\/wp-json\/wp\/v2\/media?parent=12586"}],"wp:term":[{"taxonomy":"category","embeddable":true,"href":"https:\/\/plancabanyal.es\/en\/wp-json\/wp\/v2\/categories?post=12586"},{"taxonomy":"post_tag","embeddable":true,"href":"https:\/\/plancabanyal.es\/en\/wp-json\/wp\/v2\/tags?post=12586"}],"curies":[{"name":"wp","href":"https:\/\/api.w.org\/{rel}","templated":true}]}}