{"id":12430,"date":"2025-07-08T11:50:05","date_gmt":"2025-07-08T09:50:05","guid":{"rendered":"https:\/\/plancabanyal.es\/?p=12430"},"modified":"2025-07-08T11:50:05","modified_gmt":"2025-07-08T09:50:05","slug":"ayudas-municipales-al-alquiler-2025-2026","status":"publish","type":"post","link":"https:\/\/plancabanyal.es\/en\/ayudas-municipales-al-alquiler-2025-2026\/","title":{"rendered":"Ayudas municipales al alquiler 2025-2026"},"content":{"rendered":"<div class=\"bloquesdata\">\n<p class=\"bloque_texto\">El objeto de esta convocatoria es facilitar el disfrute de una vivienda o habitaci\u00f3n en r\u00e9gimen de alquiler mediante el otorgamiento de subvenciones a las personas arrendatarias, en r\u00e9gimen de concurrencia competitiva, con destino al pago de la renta del alquiler de vivienda o de habitaci\u00f3n de las mensualidades de diciembre de 2024 a noviembre de 2026, en el t\u00e9rmino municipal de Val\u00e8ncia.<\/p>\n<p><span class=\"bloque_enlace\"><a title=\"Abre enlace\" href=\"https:\/\/sede.valencia.es\/sede\/registro\/procedimiento\/VI.AY.25?lang=1\" target=\"_blank\" rel=\"noopener\">(02\/07\/2025) Enlace al tr\u00e1mite en Sede Electr\u00f3nica.<\/a><\/span><\/p>\n<p class=\"bloque_texto\"><span class=\"bloque_enlace\"><a title=\"Abre PDF\" href=\"https:\/\/www.valencia.es\/documents\/d\/guest\/20250702-definitivas-normas-conv-cast-2025\" target=\"_blank\" rel=\"noopener\">(02\/07\/2025) Bases de la convocatoria (pdf 267 kb).<\/a><\/span><\/p>\n<p class=\"bloque_texto\">Los sucesivos anuncios referentes a esta convocatoria, cuando procedan, se har\u00e1n p\u00fablicos en la forma prevista en las propias bases y el seguimiento del desarrollo de esta convocatoria deber\u00e1 realizarse a trav\u00e9s del propio tr\u00e1mite en la Sede Electr\u00f3nica.<\/p>\n<\/div>\n<div class=\"row m-0\">\n<h3><\/h3>\n<h3 class=\"campanyas_h4 col-12 p-0\">Datos de la campa\u00f1a:<\/h3>\n<div class=\"col-12 col-sm-6 p-0\">\n<div class=\"row m-1\">\n<div class=\"col-12 datoscampanyas\">\n<div>\n<p>Publicaci\u00f3n oficial:\u00a0<strong>BOP N.\u00ba 124, de 2 de julio de 2025.<\/strong><\/p>\n<\/div>\n<div>\n<p>Plazo desde:\u00a0<strong>3 de julio<\/strong><\/p>\n<\/div>\n<div>\n<p>Plazo hasta:\u00a0<strong>4 de agosto de 2025, ambos incluidos.<\/strong><\/p>\n<\/div>\n<\/div>\n<\/div>\n<\/div>\n<div class=\"col-12 col-sm-6 p-0\">\n<div class=\"row m-1\">\n<div class=\"col-12 datoscampanyas\">\n<div class=\"row\">\n<div class=\"col-12\"><a title=\"\" href=\"https:\/\/sede.valencia.es\/sede\/?lang=1\" target=\"\" rel=\"noopener\"><picture data-fileentryid=\"8992551\"><source srcset=\"\/o\/adaptive-media\/image\/8992551\/preview1000\/sede_castellano_160x50.gif?t=1614855567726\" media=\"(max-width:160px)\" \/><source srcset=\"\/o\/adaptive-media\/image\/8992551\/thumbnail300\/sede_castellano_160x50.gif?t=1614855567726\" media=\"(max-width:160px) and (min-width:160px)\" \/><img id=\"img27F0F938CC496D86C125829E0043DF7E\" class=\"aligncenter\" title=\"Sede Electr\u00f3nica\" src=\"https:\/\/www.valencia.es\/documents\/20142\/44448\/sede_castellano_160x50.gif\/9a54cfa6-e3ed-eb72-ae71-319c66254bff?t=1594967830967\" alt=\"Sede Electr\u00f3nica\" \/><\/picture><\/a><\/div>\n<div class=\"col-12\">\n<div class=\"bloque_imagen\">\n<div class=\"imagenPie\"><picture data-fileentryid=\"8992561\"><source srcset=\"\/o\/adaptive-media\/image\/8992561\/preview1000\/100bsns1.gif?t=1614855567679\" media=\"(max-width:94px)\" \/><source srcset=\"\/o\/adaptive-media\/image\/8992561\/thumbnail300\/100bsns1.gif?t=1614855567679\" media=\"(max-width:94px) and (min-width:94px)\" \/><img id=\"img71BD829492C4DB57C1257FEA00425B91\" class=\"aligncenter\" title=\"Base de datos Nacional de Subvenciones\" src=\"https:\/\/www.valencia.es\/documents\/20142\/44448\/100bsns1.gif\/b7d07efb-f088-be60-e4e8-8c6cb352e627?t=1594967831018\" alt=\"Base de datos Nacional de Subvenciones\" \/><\/picture><\/div>\n<\/div>\n<p style=\"text-align: center;\"><span class=\"bloque_enlace\"><a title=\"\" href=\"http:\/\/www.pap.minhap.gob.es\/bdnstrans\/GE\/es\/concesiones\" target=\"_blank\" rel=\"noopener\">Acceso a la Base de Datos Nacional de Subvenciones<\/a><\/span><\/p>\n<\/div>\n<\/div>\n<\/div>\n<\/div>\n<\/div>\n<\/div>\n<div class=\"row\">\n<div class=\"col-12\">\n<h3><\/h3>\n<h3><\/h3>\n<h3 class=\"campanyas_h4\">Registros Municipales<\/h3>\n<p><a class=\"regMun\" href=\"https:\/\/www.valencia.es\/cas\/infociudad\/-\/asset_publisher\/zLt1BRtYvpBF\/content\/infociudad-registros-municipales\">Registros Municipales<\/a><\/div>\n<div><\/div>\n<\/div>\n<div class=\"row\">\n<div class=\"col-12\">\n<h3><\/h3>\n<h3 class=\"campanyas_h4\">Puede encontrar este documento en:<\/h3>\n<ul>\n<li class=\"enlaces-inline\">\/\u00a0<a class=\"enlace-colores\" href=\"https:\/\/www.valencia.es\/cas\/tramites\/informacion-publica\">INFORMACI\u00d3N P\u00daBLICA<\/a>\u00a0\/<a class=\"enlace-colores\" href=\"https:\/\/www.valencia.es\/cas\/tramites\/informacion-publica\/-\/categories\/38046\">SUBVENCIONES<\/a><\/li>\n<li class=\"enlaces-inline\">\/\u00a0<a class=\"enlace-colores\" href=\"https:\/\/www.valencia.es\/cas\/tramites\/informacion-publica\">INFORMACI\u00d3N P\u00daBLICA<\/a>\u00a0\/<a class=\"enlace-colores\" href=\"https:\/\/www.valencia.es\/cas\/tramites\/informacion-publica\/-\/categories\/38060\">VIVIENDA<\/a><\/li>\n<\/ul>\n<\/div>\n<\/div>\n<p>Fuente: <a href=\"https:\/\/www.valencia.es\/cas\/campa%C3%B1as-municipales\/-\/content\/ayudas-municipales-alquiler-2025\" target=\"_blank\" rel=\"noopener\">Ajuntament de Val\u00e8ncia<\/a><\/p>\n","protected":false},"excerpt":{"rendered":"<p>El objeto de esta convocatoria es facilitar el disfrute de una vivienda o habitaci\u00f3n en r\u00e9gimen de alquiler mediante el [&hellip;]<\/p>\n","protected":false},"author":2,"featured_media":12428,"comment_status":"closed","ping_status":"closed","sticky":false,"template":"","format":"standard","meta":{"site-sidebar-layout":"default","site-content-layout":"","ast-site-content-layout":"","site-content-style":"default","site-sidebar-style":"default","ast-global-header-display":"","ast-banner-title-visibility":"","ast-main-header-display":"","ast-hfb-above-header-display":"","ast-hfb-below-header-display":"","ast-hfb-mobile-header-display":"","site-post-title":"","ast-breadcrumbs-content":"","ast-featured-img":"","footer-sml-layout":"","theme-transparent-header-meta":"","adv-header-id-meta":"","stick-header-meta":"","header-above-stick-meta":"","header-main-stick-meta":"","header-below-stick-meta":"","astra-migrate-meta-layouts":"default","ast-page-background-enabled":"default","ast-page-background-meta":{"desktop":{"background-color":"var(--ast-global-color-5)","background-image":"","background-repeat":"repeat","background-position":"center center","background-size":"auto","background-attachment":"scroll","background-type":"","background-media":"","overlay-type":"","overlay-color":"","overlay-opacity":"","overlay-gradient":""},"tablet":{"background-color":"","background-image":"","background-repeat":"repeat","background-position":"center center","background-size":"auto","background-attachment":"scroll","background-type":"","background-media":"","overlay-type":"","overlay-color":"","overlay-opacity":"","overlay-gradient":""},"mobile":{"background-color":"","background-image":"","background-repeat":"repeat","background-position":"center center","background-size":"auto","background-attachment":"scroll","background-type":"","background-media":"","overlay-type":"","overlay-color":"","overlay-opacity":"","overlay-gradient":""}},"ast-content-background-meta":{"desktop":{"background-color":"var(--ast-global-color-4)","background-image":"","background-repeat":"repeat","background-position":"center center","background-size":"auto","background-attachment":"scroll","background-type":"","background-media":"","overlay-type":"","overlay-color":"","overlay-opacity":"","overlay-gradient":""},"tablet":{"background-color":"var(--ast-global-color-4)","background-image":"","background-repeat":"repeat","background-position":"center center","background-size":"auto","background-attachment":"scroll","background-type":"","background-media":"","overlay-type":"","overlay-color":"","overlay-opacity":"","overlay-gradient":""},"mobile":{"background-color":"var(--ast-global-color-4)","background-image":"","background-repeat":"repeat","background-position":"center center","background-size":"auto","background-attachment":"scroll","background-type":"","background-media":"","overlay-type":"","overlay-color":"","overlay-opacity":"","overlay-gradient":""}}},"categories":[50,22,56],"tags":[],"acf":[],"_links":{"self":[{"href":"https:\/\/plancabanyal.es\/en\/wp-json\/wp\/v2\/posts\/12430"}],"collection":[{"href":"https:\/\/plancabanyal.es\/en\/wp-json\/wp\/v2\/posts"}],"about":[{"href":"https:\/\/plancabanyal.es\/en\/wp-json\/wp\/v2\/types\/post"}],"author":[{"embeddable":true,"href":"https:\/\/plancabanyal.es\/en\/wp-json\/wp\/v2\/users\/2"}],"replies":[{"embeddable":true,"href":"https:\/\/plancabanyal.es\/en\/wp-json\/wp\/v2\/comments?post=12430"}],"version-history":[{"count":2,"href":"https:\/\/plancabanyal.es\/en\/wp-json\/wp\/v2\/posts\/12430\/revisions"}],"predecessor-version":[{"id":12436,"href":"https:\/\/plancabanyal.es\/en\/wp-json\/wp\/v2\/posts\/12430\/revisions\/12436"}],"wp:featuredmedia":[{"embeddable":true,"href":"https:\/\/plancabanyal.es\/en\/wp-json\/wp\/v2\/media\/12428"}],"wp:attachment":[{"href":"https:\/\/plancabanyal.es\/en\/wp-json\/wp\/v2\/media?parent=12430"}],"wp:term":[{"taxonomy":"category","embeddable":true,"href":"https:\/\/plancabanyal.es\/en\/wp-json\/wp\/v2\/categories?post=12430"},{"taxonomy":"post_tag","embeddable":true,"href":"https:\/\/plancabanyal.es\/en\/wp-json\/wp\/v2\/tags?post=12430"}],"curies":[{"name":"wp","href":"https:\/\/api.w.org\/{rel}","templated":true}]}}