{"id":11887,"date":"2025-06-12T11:29:41","date_gmt":"2025-06-12T09:29:41","guid":{"rendered":"https:\/\/plancabanyal.es\/?p=11887"},"modified":"2025-06-12T13:16:25","modified_gmt":"2025-06-12T11:16:25","slug":"el-ayuntamiento-inicia-las-obras-del-centro-de-artes-escenicas-del-cabanyal-canyamelar","status":"publish","type":"post","link":"https:\/\/plancabanyal.es\/en\/el-ayuntamiento-inicia-las-obras-del-centro-de-artes-escenicas-del-cabanyal-canyamelar\/","title":{"rendered":"El Ayuntamiento inicia las obras del Centro de Artes Esc\u00e9nicas del Cabanyal-Canyamelar"},"content":{"rendered":"\n<figure class=\"wp-block-image size-large\"><img loading=\"lazy\" width=\"1024\" height=\"576\" src=\"https:\/\/plancabanyal.es\/wp-content\/uploads\/2025\/06\/6011-bombalino-arts-esceniques-Cabanyal-1024x576.jpg\" alt=\"\" class=\"wp-image-11893\" srcset=\"https:\/\/plancabanyal.es\/wp-content\/uploads\/2025\/06\/6011-bombalino-arts-esceniques-Cabanyal-1024x576.jpg 1024w, https:\/\/plancabanyal.es\/wp-content\/uploads\/2025\/06\/6011-bombalino-arts-esceniques-Cabanyal-300x169.jpg 300w, https:\/\/plancabanyal.es\/wp-content\/uploads\/2025\/06\/6011-bombalino-arts-esceniques-Cabanyal-768x432.jpg 768w, https:\/\/plancabanyal.es\/wp-content\/uploads\/2025\/06\/6011-bombalino-arts-esceniques-Cabanyal.jpg 1066w\" sizes=\"(max-width: 1024px) 100vw, 1024px\" \/><\/figure>\n\n\n<p>11\/06\/2025<\/p>\n<div>\n<ul>\n<li><strong>Las obras durar\u00e1n 15 meses y acabar\u00e1n en el oto\u00f1o de 2026<\/strong><\/li>\n<\/ul>\n<ul>\n<li><strong>El centro cultural dispondr\u00e1 de sala de representaciones, salas de ensayo, salas de taller y puntos de encuentro para los profesionales de las artes esc\u00e9nicas<\/strong><\/li>\n<\/ul>\n<ul>\n<li><strong>El Ayuntamiento ha adjudicado hoy el contrato de redacci\u00f3n del proyecto de rehabilitaci\u00f3n del Polideportivo del Cabanyal<\/strong><\/li>\n<\/ul>\n<p>La Concejal\u00eda de Acci\u00f3n Cultural, Patrimonio y Recursos Culturales ha comenzado las obras del Centro de Artes Esc\u00e9nicas \u201cBombalino\u201d, en el barrio del Cabanyal-Canyamelar. \u201cEste es el proyecto del \u00e1rea cultural de m\u00e1s presupuesto y de mayor calidad que estamos construyendo, seguimos desarrollando un proyecto de ciudad vinculado a la cultura y una ciudad que pone en valor la cultura como uno de los elementos diferenciales\u201d, ha afirmado la alcaldesa.<\/p>\n<p>Mar\u00eda Jos\u00e9 Catal\u00e1 ha visitado el centro acompa\u00f1ada del concejal Jos\u00e9 Luis Moreno as\u00ed como responsables de la obra y el dise\u00f1o del edificio y familiares de Bombalino y asociaciones de vecinos del barrio. El futuro Centro de Artes Esc\u00e9nicas \u201cBombalino\u201d, ubicado entre las calles de Mari\u00e0 Cuber, Vicent Brull y la plaza de Calabuig, rehabilita unas naves industriales antiguas y, adem\u00e1s, incorporar\u00e1 un edificio de nueva planta. Las obras de rehabilitaci\u00f3n, con un coste de 4.449.734 euros, IVA incluido, durar\u00e1n 15 meses y est\u00e1 previsto que finalicen en el oto\u00f1o de 2026.<\/p>\n<p>La alcaldesa ha destacado que \u201cestamos ante un proyecto, ante una f\u00e1brica de artes esc\u00e9nicas, donde recordamos y ponemos en valor una figura recordada, que es la figura de Bombalino, con una apuesta por el teatro, por el teatro de t\u00edteres, por la infancia y por acercar las artes esc\u00e9nicas a nuestros ni\u00f1os y a nuestros j\u00f3venes\u201d.<\/p>\n<p>Seg\u00fan Mar\u00eda Jos\u00e9 Catal\u00e1, \u201cel proyecto se redact\u00f3 en 2022 pero en 2023 no se puso presupuesto y, al llegar este equipo de gobierno, nosotros impulsamos el proyecto, licitamos las obras, adjudicamos las obras y estamos destinando 4,5 millones a este proyecto\u201d.<\/p>\n<p>La alcaldesa ha a\u00f1adido que \u201cla cultura transformar\u00e1 esta ciudad y este barrio se convertir\u00e1 en un barrio del teatro gracias a esta apuesta porque no habr\u00e1 un lugar de artes esc\u00e9nicas tan emblem\u00e1tico, de estas dimensiones y con tantas posibilidades como tendr\u00e1 este lugar\u201d.<\/p>\n<p><strong>Centro Bombalino<\/strong><\/p>\n<p>El centro, de 1.800 metros cuadrados entre las naves y el edificio de nueva construcci\u00f3n, ser\u00e1 un laboratorio de creaci\u00f3n, formaci\u00f3n y encuentro de artistas del mundo del teatro, la danza, el circo y las artes vivas. Dispondr\u00e1 de dos grandes espacios interconectados. Por un lado, las naves industriales y por otra, el edificio de nueva construcci\u00f3n en la plaza de Calabuig.<\/p>\n<p>Una de las naves industriales ser\u00e1 la sala negra, un espacio adaptable y vers\u00e1til para representaciones multiusos, y la otra ser\u00e1 la sala blanca, un espacio de ensayos divisible por medio de paneles m\u00f3viles. Las dos estar\u00e1n aisladas e insonorizadas para poder ser empleadas de manera simult\u00e1nea sin interferencias.<\/p>\n<p>Adem\u00e1s, el centro dispondr\u00e1 de equipamientos como lavabos, vestuarios, almacenes y salas de talleres, para facilitar la actividad.<\/p>\n<p>En cuanto al edificio anexo de nueva construcci\u00f3n, dispondr\u00e1 de servicios de cotrabajo, espacios di\u00e1fanos para encuentros, un vest\u00edbulo com\u00fan y unas gradas fijas, adem\u00e1s de recepci\u00f3n, cafeter\u00eda, salas de reuniones y despachos.<\/p>\n<p>El objetivo es que el centro se convierta en un lugar de referencia para el intercambio art\u00edstico, la formaci\u00f3n y la producci\u00f3n de artes esc\u00e9nicas en la ciudad de Val\u00e8ncia. El nombre del centro, Bombalino, rinde homenaje al actor y empresario teatral Gabriel Fariza, integrando del grupo de payasos \u201cBombalino y Cuchufleta\u201d, y que falleci\u00f3 en 2019. Fariza cre\u00f3 en 1995, juntamente con su mujer, Maite Miralles, la sala de teatro de t\u00edteres \u201cLa Estrella\u201d, en el barrio del Cabanyal-Canyamelar. La compa\u00f1\u00eda cre\u00f3 una est\u00e9tica propia, un nuevo lenguaje teatral y una dramaturgia comprometida con el valor pedag\u00f3gico de las artes esc\u00e9nicas en la infancia.<\/p>\n<p>El Centro de Artes Esc\u00e9nicas Bombalino se une a los centros culturales de proximidad de los que ya dispone el barrio del Cabanyal-Canyamelar, como el centro Reina 121 o l\u2019Escorxador, y el Teatre El Musical, en la plaza del Rosario. Para finales de este a\u00f1o est\u00e1 prevista tambi\u00e9n la inauguraci\u00f3n del nuevo Museu de la Mar, en la Casa dels Bous.<\/p>\n<p><strong>Proyecto de rehabilitaci\u00f3n del polideportivo<\/strong><\/p>\n<p>La alcaldesa ha anunciado que el Ayuntamiento ha adjudicado por 37.497 euros el contrato de redacci\u00f3n y la direcci\u00f3n facultativa de las obras de rehabilitaci\u00f3n del Polideportivo del Cabanyal. La empresa adjudicataria es X\u00faquer-Arqing SL, que dispondr\u00e1 de dos meses para la redacci\u00f3n del proyecto. La futura rehabilitaci\u00f3n del Polideportivo del Cabanyal durar\u00e1 seis meses y tiene un presupuesto de 1,5 millones de euros, IVA incluido.<\/p>\n<p>El proyecto incluye obras de rehabilitaci\u00f3n, de las instalaciones y los equipamientos existentes as\u00ed como rehabilitaci\u00f3n de la cubierta, instalaciones el\u00e9ctricas, carpinter\u00eda, equipamiento de las salas, vestuarios y salas de entrenamiento, entre otras obras.<\/p>\n<\/div>\n<p>Fuente: <a href=\"https:\/\/www.valencia.es\/cas\/actualidad\/-\/content\/inicio-obras-centro-artes-esc%C3%A9nicas-bombalino-cabanyal-val%C3%A8ncia\" target=\"_blank\" rel=\"noopener\">Actualidad Ajuntament de Val\u00e8ncia<\/a><\/p>","protected":false},"excerpt":{"rendered":"<p>11\/06\/2025 Las obras durar\u00e1n 15 meses y acabar\u00e1n en el oto\u00f1o de 2026 El centro cultural dispondr\u00e1 de sala de [&hellip;]<\/p>\n","protected":false},"author":2,"featured_media":11894,"comment_status":"closed","ping_status":"closed","sticky":false,"template":"","format":"standard","meta":{"site-sidebar-layout":"default","site-content-layout":"","ast-site-content-layout":"","site-content-style":"default","site-sidebar-style":"default","ast-global-header-display":"","ast-banner-title-visibility":"","ast-main-header-display":"","ast-hfb-above-header-display":"","ast-hfb-below-header-display":"","ast-hfb-mobile-header-display":"","site-post-title":"","ast-breadcrumbs-content":"","ast-featured-img":"","footer-sml-layout":"","theme-transparent-header-meta":"","adv-header-id-meta":"","stick-header-meta":"","header-above-stick-meta":"","header-main-stick-meta":"","header-below-stick-meta":"","astra-migrate-meta-layouts":"default","ast-page-background-enabled":"default","ast-page-background-meta":{"desktop":{"background-color":"var(--ast-global-color-5)","background-image":"","background-repeat":"repeat","background-position":"center center","background-size":"auto","background-attachment":"scroll","background-type":"","background-media":"","overlay-type":"","overlay-color":"","overlay-opacity":"","overlay-gradient":""},"tablet":{"background-color":"","background-image":"","background-repeat":"repeat","background-position":"center center","background-size":"auto","background-attachment":"scroll","background-type":"","background-media":"","overlay-type":"","overlay-color":"","overlay-opacity":"","overlay-gradient":""},"mobile":{"background-color":"","background-image":"","background-repeat":"repeat","background-position":"center center","background-size":"auto","background-attachment":"scroll","background-type":"","background-media":"","overlay-type":"","overlay-color":"","overlay-opacity":"","overlay-gradient":""}},"ast-content-background-meta":{"desktop":{"background-color":"var(--ast-global-color-4)","background-image":"","background-repeat":"repeat","background-position":"center center","background-size":"auto","background-attachment":"scroll","background-type":"","background-media":"","overlay-type":"","overlay-color":"","overlay-opacity":"","overlay-gradient":""},"tablet":{"background-color":"var(--ast-global-color-4)","background-image":"","background-repeat":"repeat","background-position":"center center","background-size":"auto","background-attachment":"scroll","background-type":"","background-media":"","overlay-type":"","overlay-color":"","overlay-opacity":"","overlay-gradient":""},"mobile":{"background-color":"var(--ast-global-color-4)","background-image":"","background-repeat":"repeat","background-position":"center center","background-size":"auto","background-attachment":"scroll","background-type":"","background-media":"","overlay-type":"","overlay-color":"","overlay-opacity":"","overlay-gradient":""}}},"categories":[50,22,56],"tags":[],"acf":[],"_links":{"self":[{"href":"https:\/\/plancabanyal.es\/en\/wp-json\/wp\/v2\/posts\/11887"}],"collection":[{"href":"https:\/\/plancabanyal.es\/en\/wp-json\/wp\/v2\/posts"}],"about":[{"href":"https:\/\/plancabanyal.es\/en\/wp-json\/wp\/v2\/types\/post"}],"author":[{"embeddable":true,"href":"https:\/\/plancabanyal.es\/en\/wp-json\/wp\/v2\/users\/2"}],"replies":[{"embeddable":true,"href":"https:\/\/plancabanyal.es\/en\/wp-json\/wp\/v2\/comments?post=11887"}],"version-history":[{"count":2,"href":"https:\/\/plancabanyal.es\/en\/wp-json\/wp\/v2\/posts\/11887\/revisions"}],"predecessor-version":[{"id":11899,"href":"https:\/\/plancabanyal.es\/en\/wp-json\/wp\/v2\/posts\/11887\/revisions\/11899"}],"wp:featuredmedia":[{"embeddable":true,"href":"https:\/\/plancabanyal.es\/en\/wp-json\/wp\/v2\/media\/11894"}],"wp:attachment":[{"href":"https:\/\/plancabanyal.es\/en\/wp-json\/wp\/v2\/media?parent=11887"}],"wp:term":[{"taxonomy":"category","embeddable":true,"href":"https:\/\/plancabanyal.es\/en\/wp-json\/wp\/v2\/categories?post=11887"},{"taxonomy":"post_tag","embeddable":true,"href":"https:\/\/plancabanyal.es\/en\/wp-json\/wp\/v2\/tags?post=11887"}],"curies":[{"name":"wp","href":"https:\/\/api.w.org\/{rel}","templated":true}]}}