{"id":11641,"date":"2025-06-05T12:34:14","date_gmt":"2025-06-05T10:34:14","guid":{"rendered":"https:\/\/plancabanyal.es\/?p=11641"},"modified":"2025-06-05T12:34:14","modified_gmt":"2025-06-05T10:34:14","slug":"el-ayuntamiento-edita-una-guia-para-impulsar-la-rehabilitacion-energetica-de-edificios","status":"publish","type":"post","link":"https:\/\/plancabanyal.es\/en\/el-ayuntamiento-edita-una-guia-para-impulsar-la-rehabilitacion-energetica-de-edificios\/","title":{"rendered":"El Ayuntamiento edita una gu\u00eda para impulsar la rehabilitaci\u00f3n energ\u00e9tica de edificios"},"content":{"rendered":"<p>05\/06\/2025<\/p>\n<p>&nbsp;<\/p>\n<div>\n<ul>\n<li><strong>La publicaci\u00f3n, que se presenta ma\u00f1ana, es gratuita y est\u00e1 disponible en formato digital en la p\u00e1gina web de la Fundaci\u00f3 Val\u00e8ncia Clima i Energia<\/strong><\/li>\n<\/ul>\n<ul>\n<li><strong>Se dirige a profesionales de la rehabilitaci\u00f3n y tambi\u00e9n es \u00fatil para la ciudadan\u00eda interesada en este tipo de reforma<\/strong><\/li>\n<\/ul>\n<p>&nbsp;<\/p>\n<p><a href=\"https:\/\/climaienergia.com\/es\/\">Val\u00e8ncia Clima i Energia<\/a>, la fundaci\u00f3n municipal que trabaja para impulsar la transici\u00f3n energ\u00e9tica de la ciudad, ha editado la \u2018Gu\u00eda VERD: Val\u00e8ncia Viviendas Eficientes y Rehabilitaci\u00f3n Descarbonizada\u2019. Esta publicaci\u00f3n, compuesta por dos vol\u00famenes complementarios, aborda el reto de la rehabilitaci\u00f3n energ\u00e9tica de inmuebles desde un enfoque t\u00e9cnico y ciudadano.<\/p>\n<p>\u201cEl objetivo de esta gu\u00eda es facilitar la transici\u00f3n hacia una edificaci\u00f3n m\u00e1s eficiente, sostenible y saludable, y responde al compromiso de la ciudad de Val\u00e8ncia con la neutralidad clim\u00e1tica antes de 2030\u201d, tal como ha explicado el concejal de Mejora Clim\u00e1tica y Eficiencia Energ\u00e9tica, Carlos Mundina.<\/p>\n<p>Esta publicaci\u00f3n gratuita se dirige tanto a profesionales del sector de la construcci\u00f3n y administraciones p\u00fablicas como a la ciudadan\u00eda, comunidades de propietarios y personas interesadas en mejorar la eficiencia energ\u00e9tica de sus hogares.<\/p>\n<p>\u201cRehabilitar energ\u00e9ticamente los edificios de Val\u00e8ncia no solo contribuye a reducir las emisiones, sino que mejora el confort t\u00e9rmico, la salud de las personas, el valor de las viviendas y genera empleo local. Esta gu\u00eda es una herramienta pr\u00e1ctica para avanzar hacia una ciudad m\u00e1s justa, resiliente y sostenible\u201d, ha resaltado el concejal.<\/p>\n<p>El Volumen I de la gu\u00eda ofrece una visi\u00f3n t\u00e9cnica especializada sobre soluciones constructivas sostenibles, materiales biobasados (que se originan de materias primas renovables de origen biol\u00f3gico), estrategias de descarbonizaci\u00f3n y criterios ambientales para la contrataci\u00f3n p\u00fablica. Est\u00e1 pensado para personal t\u00e9cnico, profesionales de la arquitectura e ingenier\u00eda, y gestores p\u00fablicos implicados en procesos de rehabilitaci\u00f3n y licitaci\u00f3n de obras.<\/p>\n<p>El Volumen II, por su parte, est\u00e1 orientado a la ciudadan\u00eda e incluye un recorrido detallado sobre todo el proceso de rehabilitaci\u00f3n energ\u00e9tica: desde la identificaci\u00f3n de necesidades en el edificio hasta la ejecuci\u00f3n de las obras y el disfrute de los beneficios. Aporta ejemplos reales, consejos pr\u00e1cticos, informaci\u00f3n sobre ayudas disponibles, requisitos normativos y claves para facilitar la toma de decisiones en comunidades vecinales.<\/p>\n<p>Ambos vol\u00famenes est\u00e1n disponibles en formato digital en la p\u00e1gina web de la Fundaci\u00f3 Val\u00e8ncia Clima i Energia y en las Oficinas de la Energ\u00eda, puntos municipales de atenci\u00f3n donde se ofrece asesoramiento gratuito y personalizado sobre eficiencia energ\u00e9tica, ayudas a la rehabilitaci\u00f3n y mejora del confort en el hogar.<\/p>\n<p>La gu\u00eda ha sido redactada por la Fundaci\u00f3n Cesefor, con la colaboraci\u00f3n de Dark Matter Labs, Democratic Society y CitiES2030, en el marco del proyecto europeo EU CINCO 2.0. La iniciativa cuenta con el apoyo del proyecto europeo\u00a0<a href=\"https:\/\/climaienergia.com\/es\/proyectos-tranformadores\/\">URBANEW<\/a>, que impulsa la descarbonizaci\u00f3n urbana en varias ciudades espa\u00f1olas, entre ellas Val\u00e8ncia.<\/p>\n<p>&nbsp;<\/p>\n<p>Descargable:<\/p>\n<p><a href=\"https:\/\/climaienergia.com\/es\/proyectos-tranformadores\/urbanew\/\">https:\/\/climaienergia.com\/es\/proyectos-tranformadores\/urbanew\/<\/a><\/p>\n<\/div>\n<p>&nbsp;<\/p>\n<p>Fuente: <a href=\"https:\/\/www.valencia.es\/cas\/actualidad\/-\/content\/guia-para-rehabilitaciones-energ%C3%A9ticas\" target=\"_blank\" rel=\"noopener\">Actualidad Ajuntament de Val\u00e8ncia<\/a><\/p>\n","protected":false},"excerpt":{"rendered":"<p>05\/06\/2025 &nbsp; La publicaci\u00f3n, que se presenta ma\u00f1ana, es gratuita y est\u00e1 disponible en formato digital en la p\u00e1gina web [&hellip;]<\/p>\n","protected":false},"author":2,"featured_media":11644,"comment_status":"open","ping_status":"open","sticky":false,"template":"","format":"standard","meta":{"site-sidebar-layout":"default","site-content-layout":"","ast-site-content-layout":"","site-content-style":"default","site-sidebar-style":"default","ast-global-header-display":"","ast-banner-title-visibility":"","ast-main-header-display":"","ast-hfb-above-header-display":"","ast-hfb-below-header-display":"","ast-hfb-mobile-header-display":"","site-post-title":"","ast-breadcrumbs-content":"","ast-featured-img":"","footer-sml-layout":"","theme-transparent-header-meta":"","adv-header-id-meta":"","stick-header-meta":"","header-above-stick-meta":"","header-main-stick-meta":"","header-below-stick-meta":"","astra-migrate-meta-layouts":"default","ast-page-background-enabled":"default","ast-page-background-meta":{"desktop":{"background-color":"var(--ast-global-color-5)","background-image":"","background-repeat":"repeat","background-position":"center center","background-size":"auto","background-attachment":"scroll","background-type":"","background-media":"","overlay-type":"","overlay-color":"","overlay-opacity":"","overlay-gradient":""},"tablet":{"background-color":"","background-image":"","background-repeat":"repeat","background-position":"center center","background-size":"auto","background-attachment":"scroll","background-type":"","background-media":"","overlay-type":"","overlay-color":"","overlay-opacity":"","overlay-gradient":""},"mobile":{"background-color":"","background-image":"","background-repeat":"repeat","background-position":"center center","background-size":"auto","background-attachment":"scroll","background-type":"","background-media":"","overlay-type":"","overlay-color":"","overlay-opacity":"","overlay-gradient":""}},"ast-content-background-meta":{"desktop":{"background-color":"var(--ast-global-color-4)","background-image":"","background-repeat":"repeat","background-position":"center center","background-size":"auto","background-attachment":"scroll","background-type":"","background-media":"","overlay-type":"","overlay-color":"","overlay-opacity":"","overlay-gradient":""},"tablet":{"background-color":"var(--ast-global-color-4)","background-image":"","background-repeat":"repeat","background-position":"center center","background-size":"auto","background-attachment":"scroll","background-type":"","background-media":"","overlay-type":"","overlay-color":"","overlay-opacity":"","overlay-gradient":""},"mobile":{"background-color":"var(--ast-global-color-4)","background-image":"","background-repeat":"repeat","background-position":"center center","background-size":"auto","background-attachment":"scroll","background-type":"","background-media":"","overlay-type":"","overlay-color":"","overlay-opacity":"","overlay-gradient":""}}},"categories":[50,22,56],"tags":[],"acf":[],"_links":{"self":[{"href":"https:\/\/plancabanyal.es\/en\/wp-json\/wp\/v2\/posts\/11641"}],"collection":[{"href":"https:\/\/plancabanyal.es\/en\/wp-json\/wp\/v2\/posts"}],"about":[{"href":"https:\/\/plancabanyal.es\/en\/wp-json\/wp\/v2\/types\/post"}],"author":[{"embeddable":true,"href":"https:\/\/plancabanyal.es\/en\/wp-json\/wp\/v2\/users\/2"}],"replies":[{"embeddable":true,"href":"https:\/\/plancabanyal.es\/en\/wp-json\/wp\/v2\/comments?post=11641"}],"version-history":[{"count":1,"href":"https:\/\/plancabanyal.es\/en\/wp-json\/wp\/v2\/posts\/11641\/revisions"}],"predecessor-version":[{"id":11648,"href":"https:\/\/plancabanyal.es\/en\/wp-json\/wp\/v2\/posts\/11641\/revisions\/11648"}],"wp:featuredmedia":[{"embeddable":true,"href":"https:\/\/plancabanyal.es\/en\/wp-json\/wp\/v2\/media\/11644"}],"wp:attachment":[{"href":"https:\/\/plancabanyal.es\/en\/wp-json\/wp\/v2\/media?parent=11641"}],"wp:term":[{"taxonomy":"category","embeddable":true,"href":"https:\/\/plancabanyal.es\/en\/wp-json\/wp\/v2\/categories?post=11641"},{"taxonomy":"post_tag","embeddable":true,"href":"https:\/\/plancabanyal.es\/en\/wp-json\/wp\/v2\/tags?post=11641"}],"curies":[{"name":"wp","href":"https:\/\/api.w.org\/{rel}","templated":true}]}}