{"id":11479,"date":"2025-04-29T13:34:55","date_gmt":"2025-04-29T11:34:55","guid":{"rendered":"https:\/\/plancabanyal.es\/?p=11479"},"modified":"2025-04-29T13:34:55","modified_gmt":"2025-04-29T11:34:55","slug":"un-millon-de-euros-para-renovar-el-alumbrado-publico-de-los-barrios-de-la-malva-rosa-torrefiel-y-el-cabanyal","status":"publish","type":"post","link":"https:\/\/plancabanyal.es\/en\/un-millon-de-euros-para-renovar-el-alumbrado-publico-de-los-barrios-de-la-malva-rosa-torrefiel-y-el-cabanyal\/","title":{"rendered":"Un mill\u00f3n de euros para renovar el alumbrado p\u00fablico de los barrios de La Malva-rosa, Torrefiel y El Cabanyal"},"content":{"rendered":"<div class=\"dateRedes\">\n<p>25\/04\/2025<\/p>\n<\/div>\n<p>&nbsp;<\/p>\n<ul>\n<li><strong>La Junta de Gobierno acuerda la adjudicaci\u00f3n del contrato para la mejora de este servicio<\/strong><\/li>\n<\/ul>\n<ul>\n<li><strong>534 nuevas luminarias con tecnolog\u00eda LED sustituir\u00e1n <\/strong><strong>antiguos b\u00e1culos de carretera y faroles obsoletos<\/strong><\/li>\n<\/ul>\n<p>&nbsp;<\/p>\n<p>El Ayuntamiento ha impulsado hoy la renovaci\u00f3n y mejora del alumbrado p\u00fablico de La Malva-rosa y El Cabanyal, en el distrito de Poblats Mar\u00edtims, y de Torrefiel, en Rascanya, al adjudicar el contrato para la instalaci\u00f3n de 534 nuevas luces con tecnolog\u00eda LED y el suministro del citado servicio de iluminaci\u00f3n.<\/p>\n<p>La intervenci\u00f3n, que se ejecutar\u00e1 en tres meses, con un presupuesto total de casi un mill\u00f3n de euros (950.470,60 \u20ac), prev\u00e9 la sustituci\u00f3n de los antiguos b\u00e1culos de carretera y faroles obsoletos de las calles y plazas de estos barrios, por nuevas farolas y brazos de fachada. Tambi\u00e9n incluye la instalaci\u00f3n de controladores para la gesti\u00f3n remota del alumbrado para conseguir \u201cun alto rendimiento luminoso y un menor consumo de energ\u00eda\u201d.<\/p>\n<p>La Junta de Gobierno ha acordado otorgar este contrato a dos empresas en tres lotes. La mercantil ImesAPI S.A se encargar\u00e1, con una partida de 345.866,42 euros, de la renovaci\u00f3n y mejora del alumbrado p\u00fablico de parte de La Malva-rosa; mientras que la Sociedad Ib\u00e9rica de Construcciones El\u00e9ctricas S.A intervendr\u00e1, con 306.169,78 euros en otras ubicaciones de este barrio, y con 298.434,40 euros, en Torrefiel y El Cabanyal.<\/p>\n<p>Concretamente, en La Malva-rosa se va a renovar la iluminaci\u00f3n de las plazas Cronista Francesc Momblanch y Llibertador Sim\u00f3n Bol\u00edvar y las calles Gran Can\u00e0ria, Beat Juan Grande, Doctor \u00c1lvaro L\u00f3pez, Enginyer Fausto El\u00edo, Mendiz\u00e1bal, Enginyer Manuel Maese, Font d\u2019en Carr\u00f2s, Vicent la Roda, Sant Rafael, Sant Joan de D\u00e9u y Riu Tajo.<\/p>\n<p>Los cambios del alumbrado p\u00fablico de Torrefiel se materializar\u00e1n en la avenida de la Constituci\u00f3, desde la bifurcaci\u00f3n con la calle Comte de Lumiares hasta el cruce con la avenida Germans Machado y calles adyacentes. Y en El Cabanyal-Canyamelar el Ayuntamiento va a mejorar la iluminaci\u00f3n de las Mar\u00ed Blas de Lezo y Llu\u00eds Peix\u00f3.<\/p>\n<p>En el acuerdo de la Junta de Gobierno consta que el objetivo de esta actuaci\u00f3n municipal es \u201creducir el consumo de energ\u00eda el\u00e9ctrica de la instalaci\u00f3n p\u00fablica\u201d, y con este fin se programar\u00e1n las luminarias de LED seg\u00fan la siguiente curva de encendido: hasta las 22:00 horas con el 100 % de la potencia nominal; desde las 22:00 y hasta las 00:00 horas con el 80 % y a partir de las 00:00 horas con el 50 %.<\/p>\n<p>&nbsp;<\/p>\n<p>Fuente:\u00a0<a href=\"https:\/\/www.valencia.es\/cas\/actualidad\/-\/content\/mejora-iluminaci%C3%B3n-p%C3%BAblica-malva-rosa-torrefiel-y-el-cabanyal\" target=\"_blank\" rel=\"noopener\">Actualidad Ayuntamiento de Val\u00e8ncia<\/a><\/p>\n<p>&nbsp;<\/p>\n<div><\/div>\n","protected":false},"excerpt":{"rendered":"<p>25\/04\/2025 &nbsp; La Junta de Gobierno acuerda la adjudicaci\u00f3n del contrato para la mejora de este servicio 534 nuevas luminarias [&hellip;]<\/p>\n","protected":false},"author":2,"featured_media":11482,"comment_status":"open","ping_status":"open","sticky":false,"template":"","format":"standard","meta":{"site-sidebar-layout":"default","site-content-layout":"","ast-site-content-layout":"","site-content-style":"default","site-sidebar-style":"default","ast-global-header-display":"","ast-banner-title-visibility":"","ast-main-header-display":"","ast-hfb-above-header-display":"","ast-hfb-below-header-display":"","ast-hfb-mobile-header-display":"","site-post-title":"","ast-breadcrumbs-content":"","ast-featured-img":"","footer-sml-layout":"","theme-transparent-header-meta":"","adv-header-id-meta":"","stick-header-meta":"","header-above-stick-meta":"","header-main-stick-meta":"","header-below-stick-meta":"","astra-migrate-meta-layouts":"default","ast-page-background-enabled":"default","ast-page-background-meta":{"desktop":{"background-color":"var(--ast-global-color-5)","background-image":"","background-repeat":"repeat","background-position":"center center","background-size":"auto","background-attachment":"scroll","background-type":"","background-media":"","overlay-type":"","overlay-color":"","overlay-opacity":"","overlay-gradient":""},"tablet":{"background-color":"","background-image":"","background-repeat":"repeat","background-position":"center center","background-size":"auto","background-attachment":"scroll","background-type":"","background-media":"","overlay-type":"","overlay-color":"","overlay-opacity":"","overlay-gradient":""},"mobile":{"background-color":"","background-image":"","background-repeat":"repeat","background-position":"center center","background-size":"auto","background-attachment":"scroll","background-type":"","background-media":"","overlay-type":"","overlay-color":"","overlay-opacity":"","overlay-gradient":""}},"ast-content-background-meta":{"desktop":{"background-color":"var(--ast-global-color-4)","background-image":"","background-repeat":"repeat","background-position":"center center","background-size":"auto","background-attachment":"scroll","background-type":"","background-media":"","overlay-type":"","overlay-color":"","overlay-opacity":"","overlay-gradient":""},"tablet":{"background-color":"var(--ast-global-color-4)","background-image":"","background-repeat":"repeat","background-position":"center center","background-size":"auto","background-attachment":"scroll","background-type":"","background-media":"","overlay-type":"","overlay-color":"","overlay-opacity":"","overlay-gradient":""},"mobile":{"background-color":"var(--ast-global-color-4)","background-image":"","background-repeat":"repeat","background-position":"center center","background-size":"auto","background-attachment":"scroll","background-type":"","background-media":"","overlay-type":"","overlay-color":"","overlay-opacity":"","overlay-gradient":""}}},"categories":[50,22,56],"tags":[],"acf":[],"_links":{"self":[{"href":"https:\/\/plancabanyal.es\/en\/wp-json\/wp\/v2\/posts\/11479"}],"collection":[{"href":"https:\/\/plancabanyal.es\/en\/wp-json\/wp\/v2\/posts"}],"about":[{"href":"https:\/\/plancabanyal.es\/en\/wp-json\/wp\/v2\/types\/post"}],"author":[{"embeddable":true,"href":"https:\/\/plancabanyal.es\/en\/wp-json\/wp\/v2\/users\/2"}],"replies":[{"embeddable":true,"href":"https:\/\/plancabanyal.es\/en\/wp-json\/wp\/v2\/comments?post=11479"}],"version-history":[{"count":1,"href":"https:\/\/plancabanyal.es\/en\/wp-json\/wp\/v2\/posts\/11479\/revisions"}],"predecessor-version":[{"id":11485,"href":"https:\/\/plancabanyal.es\/en\/wp-json\/wp\/v2\/posts\/11479\/revisions\/11485"}],"wp:featuredmedia":[{"embeddable":true,"href":"https:\/\/plancabanyal.es\/en\/wp-json\/wp\/v2\/media\/11482"}],"wp:attachment":[{"href":"https:\/\/plancabanyal.es\/en\/wp-json\/wp\/v2\/media?parent=11479"}],"wp:term":[{"taxonomy":"category","embeddable":true,"href":"https:\/\/plancabanyal.es\/en\/wp-json\/wp\/v2\/categories?post=11479"},{"taxonomy":"post_tag","embeddable":true,"href":"https:\/\/plancabanyal.es\/en\/wp-json\/wp\/v2\/tags?post=11479"}],"curies":[{"name":"wp","href":"https:\/\/api.w.org\/{rel}","templated":true}]}}