{"id":11199,"date":"2025-04-02T12:57:55","date_gmt":"2025-04-02T10:57:55","guid":{"rendered":"https:\/\/plancabanyal.es\/?p=11199"},"modified":"2025-04-04T11:14:41","modified_gmt":"2025-04-04T09:14:41","slug":"publicacion-los-cuentos-de-la-yaya-mareta","status":"publish","type":"post","link":"https:\/\/plancabanyal.es\/en\/publicacion-los-cuentos-de-la-yaya-mareta\/","title":{"rendered":"Publicaci\u00f3n  &#8220;Los cuentos de la Yaya Mareta&#8221;"},"content":{"rendered":"<div class=\"dateRedes\">\n<p>02\/04\/2025<\/p>\n<p>&nbsp;<\/p>\n<\/div>\n<p>Con motivo del centenario de la Junta Mayor de la Semana Santa Marinera, llega este precioso libro infantil que recoge las tradiciones y or\u00edgenes de nuestra fiesta m\u00e1s querida.<\/p>\n<p><span class=\"css-1jxf684 r-bcqeeo r-1ttztb7 r-qvutc0 r-poiln3\">Escrito por Jos\u00e9 Vilaseca e ilustrado por Alberto Mu\u00f1oz e Irene Ant\u00f3n Tello, es ideal para acercar nuestra historia a las nuevas generaciones.<\/span><\/p>\n<p><span class=\"css-1jxf684 r-bcqeeo r-1ttztb7 r-qvutc0 r-poiln3\">\u00bfD\u00f3nde puedes conseguirlo? <\/span><span class=\"css-1jxf684 r-bcqeeo r-1ttztb7 r-qvutc0 r-poiln3\">\u00a0En todas las Librer\u00edas Ideas. <\/span><span class=\"css-1jxf684 r-bcqeeo r-1ttztb7 r-qvutc0 r-poiln3\">\u00a0Por la zona del Mar\u00edtimo: <\/span><span class=\"css-1jxf684 r-bcqeeo r-1ttztb7 r-qvutc0 r-poiln3\">Papeler\u00eda Comp\u00e1s <\/span><span class=\"css-1jxf684 r-bcqeeo r-1ttztb7 r-qvutc0 r-poiln3\">Kiosko Barraca <\/span><span class=\"css-1jxf684 r-bcqeeo r-1ttztb7 r-qvutc0 r-poiln3\">Papeler\u00eda Mari (frente al Instituto Sorolla).<\/span><\/p>\n<p><img loading=\"lazy\" class=\"r-4qtqp9 r-dflpy8 r-k4bwe5 r-1kpi4qh r-pp5qcn r-h9hxbl\" title=\"Globo terr\u00e1queo con meridianos\" draggable=\"false\" src=\"https:\/\/abs-0.twimg.com\/emoji\/v2\/svg\/1f310.svg\" alt=\"\ud83c\udf10\" width=\"32\" height=\"32\" \/><span class=\"css-1jxf684 r-bcqeeo r-1ttztb7 r-qvutc0 r-poiln3\"> Compra online en: Stella Gemella Editorial<\/span><\/p>\n<p>&nbsp;<\/p>\n<p>Fuente: <a href=\"https:\/\/x.com\/jmssmv\/status\/1907339737477648769\" target=\"_blank\" rel=\"noopener\">Post Junta Mayor Semana Santa Marinera<\/a><\/p>\n<p>&nbsp;<\/p>\n<div><\/div>\n","protected":false},"excerpt":{"rendered":"<p>02\/04\/2025 &nbsp; Con motivo del centenario de la Junta Mayor de la Semana Santa Marinera, llega este precioso libro infantil [&hellip;]<\/p>\n","protected":false},"author":2,"featured_media":11202,"comment_status":"open","ping_status":"open","sticky":false,"template":"","format":"standard","meta":{"site-sidebar-layout":"default","site-content-layout":"","ast-site-content-layout":"","site-content-style":"default","site-sidebar-style":"default","ast-global-header-display":"","ast-banner-title-visibility":"","ast-main-header-display":"","ast-hfb-above-header-display":"","ast-hfb-below-header-display":"","ast-hfb-mobile-header-display":"","site-post-title":"","ast-breadcrumbs-content":"","ast-featured-img":"","footer-sml-layout":"","theme-transparent-header-meta":"","adv-header-id-meta":"","stick-header-meta":"","header-above-stick-meta":"","header-main-stick-meta":"","header-below-stick-meta":"","astra-migrate-meta-layouts":"default","ast-page-background-enabled":"default","ast-page-background-meta":{"desktop":{"background-color":"var(--ast-global-color-5)","background-image":"","background-repeat":"repeat","background-position":"center center","background-size":"auto","background-attachment":"scroll","background-type":"","background-media":"","overlay-type":"","overlay-color":"","overlay-opacity":"","overlay-gradient":""},"tablet":{"background-color":"","background-image":"","background-repeat":"repeat","background-position":"center center","background-size":"auto","background-attachment":"scroll","background-type":"","background-media":"","overlay-type":"","overlay-color":"","overlay-opacity":"","overlay-gradient":""},"mobile":{"background-color":"","background-image":"","background-repeat":"repeat","background-position":"center center","background-size":"auto","background-attachment":"scroll","background-type":"","background-media":"","overlay-type":"","overlay-color":"","overlay-opacity":"","overlay-gradient":""}},"ast-content-background-meta":{"desktop":{"background-color":"var(--ast-global-color-4)","background-image":"","background-repeat":"repeat","background-position":"center center","background-size":"auto","background-attachment":"scroll","background-type":"","background-media":"","overlay-type":"","overlay-color":"","overlay-opacity":"","overlay-gradient":""},"tablet":{"background-color":"var(--ast-global-color-4)","background-image":"","background-repeat":"repeat","background-position":"center center","background-size":"auto","background-attachment":"scroll","background-type":"","background-media":"","overlay-type":"","overlay-color":"","overlay-opacity":"","overlay-gradient":""},"mobile":{"background-color":"var(--ast-global-color-4)","background-image":"","background-repeat":"repeat","background-position":"center center","background-size":"auto","background-attachment":"scroll","background-type":"","background-media":"","overlay-type":"","overlay-color":"","overlay-opacity":"","overlay-gradient":""}}},"categories":[22],"tags":[],"acf":[],"_links":{"self":[{"href":"https:\/\/plancabanyal.es\/en\/wp-json\/wp\/v2\/posts\/11199"}],"collection":[{"href":"https:\/\/plancabanyal.es\/en\/wp-json\/wp\/v2\/posts"}],"about":[{"href":"https:\/\/plancabanyal.es\/en\/wp-json\/wp\/v2\/types\/post"}],"author":[{"embeddable":true,"href":"https:\/\/plancabanyal.es\/en\/wp-json\/wp\/v2\/users\/2"}],"replies":[{"embeddable":true,"href":"https:\/\/plancabanyal.es\/en\/wp-json\/wp\/v2\/comments?post=11199"}],"version-history":[{"count":1,"href":"https:\/\/plancabanyal.es\/en\/wp-json\/wp\/v2\/posts\/11199\/revisions"}],"predecessor-version":[{"id":11205,"href":"https:\/\/plancabanyal.es\/en\/wp-json\/wp\/v2\/posts\/11199\/revisions\/11205"}],"wp:featuredmedia":[{"embeddable":true,"href":"https:\/\/plancabanyal.es\/en\/wp-json\/wp\/v2\/media\/11202"}],"wp:attachment":[{"href":"https:\/\/plancabanyal.es\/en\/wp-json\/wp\/v2\/media?parent=11199"}],"wp:term":[{"taxonomy":"category","embeddable":true,"href":"https:\/\/plancabanyal.es\/en\/wp-json\/wp\/v2\/categories?post=11199"},{"taxonomy":"post_tag","embeddable":true,"href":"https:\/\/plancabanyal.es\/en\/wp-json\/wp\/v2\/tags?post=11199"}],"curies":[{"name":"wp","href":"https:\/\/api.w.org\/{rel}","templated":true}]}}