{"id":10674,"date":"2025-01-27T09:44:58","date_gmt":"2025-01-27T08:44:58","guid":{"rendered":"https:\/\/plancabanyal.es\/?p=10674"},"modified":"2025-01-27T09:44:58","modified_gmt":"2025-01-27T08:44:58","slug":"la-santa-faz-de-valencia-presenta-su-maqueta-en-3d-de-la-mano-del-artista-fallero-vicente-dominguez","status":"publish","type":"post","link":"https:\/\/plancabanyal.es\/en\/la-santa-faz-de-valencia-presenta-su-maqueta-en-3d-de-la-mano-del-artista-fallero-vicente-dominguez\/","title":{"rendered":"La Santa Faz de Valencia presenta su maqueta en 3D de la mano del artista fallero Vicente Dom\u00ednguez"},"content":{"rendered":"<div class=\"dateRedes\">\n<p><strong>24\/01\/2025<\/strong><\/p>\n<p>&nbsp;<\/p>\n<\/div>\n<ul>\n<li>\n<h4>La hermandad toma la iniciativa en su centenario del paso que esculpi\u00f3 Benlliure en su \u00faltima etapa<\/h4>\n<\/li>\n<\/ul>\n<p>&nbsp;<\/p>\n<div id=\"wms-intext\" class=\"wms-intext\">\n<div id=\"jw-1218512185\">\n<p>La\u00a0<strong>Real Hermandad de la Santa Faz<\/strong>\u00a0(Canyamelar\u2013Valencia) de la Semana Santa Marinera celebra en este ejercicio 2024-2025 el centenario de su fundaci\u00f3n y primera salida procesional a las calles del barrio del Canyamelar. Una hermandad que es reconocida por todos como la iniciadora del resurgimiento y actual organizaci\u00f3n de la Semana Santa Marinera de Valencia, declarada de nuevo Fiesta de Inter\u00e9s Tur\u00edstico Nacional en 2011 y Medalla de Oro de la ciudad en 2016 por el Ayuntamiento de Valencia<\/p>\n<p>Dentro del extenso programa de actos conmemorativos previstos a lo largo del Centenario, esta Hermandad realizar\u00e1 el pr\u00f3ximo s\u00e1bado 25 de enero uno muy especial para ella al estar estrechamente vinculado con su trono-anda del \u201cPaso de la Ver\u00f3nica\u201d, \u00fanica escultura religiosa de D. Mariano Benlliure que puede admirarse en la Semana Santa Marinera de Valencia.<\/p>\n<p>Se trata de la presentaci\u00f3n oficial de la impresi\u00f3n en 3D de la maqueta de dicho trono-anda propiedad de la Real Hermandad desde 1944.<\/p>\n<p>Esta maqueta en 3D del \u201c<strong>Paso de la Ver\u00f3nica\u201d de Benlliure<\/strong>\u00a0es obra del reconocido\u00a0<strong>artista fallero<\/strong>\u00a0<strong>Vicente Dom\u00ednguez<\/strong>\u00a0y responde a la petici\u00f3n y encargo realizada por la Real Hermandad de la Santa Faz, con ocasi\u00f3n de su centenario.<\/p>\n<p>Si el valor patrimonial, hist\u00f3rico y sentimental de esta magn\u00edfica maqueta para la\u00a0<em>Santa Faz<\/em>\u00a0es elevado, la obtenci\u00f3n, para su creaci\u00f3n y dise\u00f1o, de un complet\u00edsimo \u00e1lbum de im\u00e1genes digitales se considera de capital importancia no s\u00f3lo para la Semana Santa Marinera sino tambi\u00e9n para el patrimonio art\u00edstico de todos los valencianos.<\/p>\n<p>Y ello es as\u00ed, porque con este vasto documento digital se garantiza el tener la seguridad de que, a diferencia de lo ocurrido lamentablemente en otras ocasiones en la Semana Santa Marinera, en caso de desaparici\u00f3n o destrucci\u00f3n del\u00a0<em>Paso de la Ver\u00f3nica<\/em>, se podr\u00eda reproducir, con total exactitud y a una escala real, el \u00fanico trono-anda original del escultor Mariano Benlliure que procesiona en la ciudad de Valencia.<\/p>\n<p>Esta primera maqueta en impresi\u00f3n 3D de un trono anda de la Semana Santa Marinera de Valencia ser\u00e1 presentada, a las 19 horas de este pr\u00f3ximo s\u00e1bado 25 de enero, en el local social de la Real Hermandad de la Santa Faz sito en la C\/ Jos\u00e9 Benlliure 59 B.<\/p>\n<p>&nbsp;<\/p>\n<h4>El ayuntamiento, la Generalitat y la Diputaci\u00f3n aceptan cargos honor\u00edficos de la entidad<\/h4>\n<p>En el mismo acto, se har\u00e1n p\u00fablicas las aceptaciones oficiales de diferentes nombramientos honor\u00edficos otorgados a las principales autoridades valencianas: a partir de este centenario, la\u00a0<strong>Alcald\u00eda del Ayuntamiento de Valencia<\/strong>\u00a0ostentar\u00e1 la\u00a0<strong>Presidencia Honor\u00edfica Perpetua<\/strong>\u00a0de la Real Hermandad de la Santa Faz mientras que, la\u00a0<strong>Presidencia de la Generalitat Valenciana<\/strong>\u00a0y la\u00a0<strong>Presidencia de la Diputaci\u00f3n Provincial de Valencia<\/strong>, ser\u00e1n ambas\u00a0<strong>Protectoras Honor\u00edficas Perpetuas<\/strong>.<\/p>\n<div class=\"v-c-cmp v-n-mrg\"><\/div>\n<\/div>\n<\/div>\n<p>Fuente: <a href=\"https:\/\/noticiasciudadanas.com\/la-santa-faz-presenta-su-maqueta-en-3d\/\" target=\"_blank\" rel=\"noopener\">Noticias Ciudadanas<\/a><\/p>\n<p>&nbsp;<\/p>\n<p>&nbsp;<\/p>\n","protected":false},"excerpt":{"rendered":"<p>24\/01\/2025 &nbsp; La hermandad toma la iniciativa en su centenario del paso que esculpi\u00f3 Benlliure en su \u00faltima etapa &nbsp; [&hellip;]<\/p>\n","protected":false},"author":2,"featured_media":10671,"comment_status":"open","ping_status":"open","sticky":false,"template":"","format":"standard","meta":{"site-sidebar-layout":"default","site-content-layout":"","ast-site-content-layout":"","site-content-style":"default","site-sidebar-style":"default","ast-global-header-display":"","ast-banner-title-visibility":"","ast-main-header-display":"","ast-hfb-above-header-display":"","ast-hfb-below-header-display":"","ast-hfb-mobile-header-display":"","site-post-title":"","ast-breadcrumbs-content":"","ast-featured-img":"","footer-sml-layout":"","theme-transparent-header-meta":"","adv-header-id-meta":"","stick-header-meta":"","header-above-stick-meta":"","header-main-stick-meta":"","header-below-stick-meta":"","astra-migrate-meta-layouts":"default","ast-page-background-enabled":"default","ast-page-background-meta":{"desktop":{"background-color":"var(--ast-global-color-5)","background-image":"","background-repeat":"repeat","background-position":"center center","background-size":"auto","background-attachment":"scroll","background-type":"","background-media":"","overlay-type":"","overlay-color":"","overlay-opacity":"","overlay-gradient":""},"tablet":{"background-color":"","background-image":"","background-repeat":"repeat","background-position":"center center","background-size":"auto","background-attachment":"scroll","background-type":"","background-media":"","overlay-type":"","overlay-color":"","overlay-opacity":"","overlay-gradient":""},"mobile":{"background-color":"","background-image":"","background-repeat":"repeat","background-position":"center center","background-size":"auto","background-attachment":"scroll","background-type":"","background-media":"","overlay-type":"","overlay-color":"","overlay-opacity":"","overlay-gradient":""}},"ast-content-background-meta":{"desktop":{"background-color":"var(--ast-global-color-4)","background-image":"","background-repeat":"repeat","background-position":"center center","background-size":"auto","background-attachment":"scroll","background-type":"","background-media":"","overlay-type":"","overlay-color":"","overlay-opacity":"","overlay-gradient":""},"tablet":{"background-color":"var(--ast-global-color-4)","background-image":"","background-repeat":"repeat","background-position":"center center","background-size":"auto","background-attachment":"scroll","background-type":"","background-media":"","overlay-type":"","overlay-color":"","overlay-opacity":"","overlay-gradient":""},"mobile":{"background-color":"var(--ast-global-color-4)","background-image":"","background-repeat":"repeat","background-position":"center center","background-size":"auto","background-attachment":"scroll","background-type":"","background-media":"","overlay-type":"","overlay-color":"","overlay-opacity":"","overlay-gradient":""}}},"categories":[50,22,56],"tags":[],"acf":[],"_links":{"self":[{"href":"https:\/\/plancabanyal.es\/en\/wp-json\/wp\/v2\/posts\/10674"}],"collection":[{"href":"https:\/\/plancabanyal.es\/en\/wp-json\/wp\/v2\/posts"}],"about":[{"href":"https:\/\/plancabanyal.es\/en\/wp-json\/wp\/v2\/types\/post"}],"author":[{"embeddable":true,"href":"https:\/\/plancabanyal.es\/en\/wp-json\/wp\/v2\/users\/2"}],"replies":[{"embeddable":true,"href":"https:\/\/plancabanyal.es\/en\/wp-json\/wp\/v2\/comments?post=10674"}],"version-history":[{"count":1,"href":"https:\/\/plancabanyal.es\/en\/wp-json\/wp\/v2\/posts\/10674\/revisions"}],"predecessor-version":[{"id":10677,"href":"https:\/\/plancabanyal.es\/en\/wp-json\/wp\/v2\/posts\/10674\/revisions\/10677"}],"wp:featuredmedia":[{"embeddable":true,"href":"https:\/\/plancabanyal.es\/en\/wp-json\/wp\/v2\/media\/10671"}],"wp:attachment":[{"href":"https:\/\/plancabanyal.es\/en\/wp-json\/wp\/v2\/media?parent=10674"}],"wp:term":[{"taxonomy":"category","embeddable":true,"href":"https:\/\/plancabanyal.es\/en\/wp-json\/wp\/v2\/categories?post=10674"},{"taxonomy":"post_tag","embeddable":true,"href":"https:\/\/plancabanyal.es\/en\/wp-json\/wp\/v2\/tags?post=10674"}],"curies":[{"name":"wp","href":"https:\/\/api.w.org\/{rel}","templated":true}]}}