{"id":10615,"date":"2025-01-08T09:45:34","date_gmt":"2025-01-08T08:45:34","guid":{"rendered":"https:\/\/plancabanyal.es\/?p=10615"},"modified":"2025-01-08T09:45:34","modified_gmt":"2025-01-08T08:45:34","slug":"el-plan-vivienda-avanza-segun-las-objetivos-fijados-para-que-la-ciudad-incremente-el-parque-de-vivienda-publica-y-de-alquiler-asequible","status":"publish","type":"post","link":"https:\/\/plancabanyal.es\/en\/el-plan-vivienda-avanza-segun-las-objetivos-fijados-para-que-la-ciudad-incremente-el-parque-de-vivienda-publica-y-de-alquiler-asequible\/","title":{"rendered":"El plan + Vivienda avanza seg\u00fan las objetivos fijados \u201cpara que la ciudad incremente el parque de vivienda p\u00fablica y de alquiler asequible\u201d"},"content":{"rendered":"<div class=\"dateRedes\">\n<p><strong>08\/01\/2025<\/strong><\/p>\n<\/div>\n<p>&nbsp;<\/p>\n<p>El Plan + Vivienda del Ayuntamiento de Val\u00e8ncia, dise\u00f1ado para la construcci\u00f3n de 955 viviendas, en los pr\u00f3ximos a\u00f1os, tal y como ha explicado el concejal de Urbanismo, Juan Giner, \u201cavanza seg\u00fan las previsiones y objetivos fijados inicialmente para que la ciudad incremente notablemente el parque de vivienda p\u00fablica y de alquiler asequible\u201d.<\/p>\n<p>\u201cLa vivienda es uno de los ejes fundamentales de la gesti\u00f3n del gobierno de la alcaldesa Mar\u00eda Jos\u00e9 Catal\u00e1. Desde un primer momento pusimos en marcha medidas de medio y corto plazo y otras de largo plazo que nos permitir\u00e1n que al final de la legislatura 1000 nuevas viviendas incrementar\u00e1n el parque p\u00fablico de la ciudad\u201d, ha afirmado Giner.<\/p>\n<p>Por un lado, ha se\u00f1alado Juan Giner, \u201cse ha apostado por la compra directa de viviendas que ha permitido que en el \u00faltimo a\u00f1o dispongamos ya de 139 viviendas en Safranar y en La Torre, pero adem\u00e1s, a medio y largo plazo, se han puesto en marcha otras medidas como las permutas o los derechos de superficie con el objetivo, entre otros, de reducir los plazos de construcci\u00f3n de las viviendas y garantizar que el Plan + Vivienda responda a una de las preocupaciones m\u00e1s demandas por los vecinos\u201d.<\/p>\n<p>\u201cDurante los \u00faltimos 8 a\u00f1os, con el gobierno del Rialto\u201d, ha continuado el concejal,\u201d s\u00f3lo escuchamos promesas, pero la realidad nos demostr\u00f3 que el gobierno de Comprom\u00eds y del PSPV carec\u00eda de una pol\u00edtica clara de vivienda. Pero ahora, gracias al Plan + Vivienda estamos demostrando que hay otra forma de gestionar y de dar soluciones a los vecinos\u201d.<\/p>\n<p>De esta manera, de acuerdo con esta programaci\u00f3n, el Ayuntamiento ha impulsado la construcci\u00f3n directa de vivienda nueva de protecci\u00f3n p\u00fablica (427) destinada a alquiler asequible, bien sea a trav\u00e9s del servicio de Vivienda de la Delegaci\u00f3n de Urbanismo y Vivienda (69) bien a trav\u00e9s de la sociedad AUMSA (307) o Plan Cabanyal (51).<\/p>\n<p>En concreto, el Servicio de Vivienda abri\u00f3 hace 15 d\u00edas abrir el procedimiento de licitaci\u00f3n para construir un edificio de 10 viviendas de protecci\u00f3n p\u00fablica en el barrio de La Fonteta de Sant Llu\u00eds, en Quatre Carreres.<\/p>\n<p>Adem\u00e1s, la concejal\u00eda de Urbanismo est\u00e1 finalizando el an\u00e1lisis de las 26 ofertas que se han presentado en el procedimiento de licitaci\u00f3n del contrato de redacci\u00f3n del proyecto de obras de edificaci\u00f3n para la construcci\u00f3n de 59 viviendas en la calle Pintor Sabater en el barrio de Na Rovella (Quatre Carreres).<\/p>\n<p>Asimismo, desde la sociedad del Plan Cabanyal se construir\u00e1n 51 viviendas que sustituir\u00e1n a los bloques portuarios. En la actualidad se est\u00e1 revisando el proyecto que ya se ha presentado.<\/p>\n<p>Por su parte, Aumsa est\u00e1 construyendo las 307 viviendas en distintas fases. Ha ampliado el parque p\u00fablico de VPP con la adquisici\u00f3n de vivienda ya construida en Safranar (131) y La Torre (8) Se ha sumado tambi\u00e9n al Convenio de colaboraci\u00f3n con la Generalitat Valenciana, a trav\u00e9s del Evha, para la construcci\u00f3n de viviendas nuevas con la cesi\u00f3n de parcelas para VPP (82), que ya est\u00e1 adjudicado, en Quatre Carreres y en el Parque Central.<\/p>\n<p>Igualmente, a trav\u00e9s de la permuta de vivienda de protecci\u00f3n p\u00fablica por suelo se van a adquirir 86 nuevas viviendas de VPP en Quatre Carreres para incrementar el parque p\u00fablico de vivienda, que ya est\u00e1n en construcci\u00f3n y que finalizar\u00e1n en el segundo trimestre de 2026, a la vez permitir\u00e1 la construcci\u00f3n de m\u00e1s de 400 nuevas viviendas de Protecci\u00f3n P\u00fablica de promoci\u00f3n privada para su venta.<\/p>\n<p>Del mismo modo, a trav\u00e9s de la constituci\u00f3n de derechos de superficie sobre parcelas de propiedad municipal se posibilitar\u00e1 la construcci\u00f3n de 221 viviendas. Las parcelas que se permutar\u00e1n se encuentran en el sector Fuente San Luis. Se ha presentado una oferta que en estos momentos se est\u00e1 analizando, desde los correspondientes servicios, para comprobar si cumple con todos los requisitos establecidos en los pliegos t\u00e9cnicos y administrativos.<\/p>\n<p>&nbsp;<\/p>\n<p>Fuente: <a href=\"https:\/\/www.valencia.es\/cas\/actualidad\/-\/content\/plan-vivienda-val%C3%A8ncia\" target=\"_blank\" rel=\"noopener\">www.valencia.es<\/a><\/p>\n<p>&nbsp;<\/p>\n<p>&nbsp;<\/p>\n<p>&nbsp;<\/p>\n","protected":false},"excerpt":{"rendered":"<p>08\/01\/2025 &nbsp; El Plan + Vivienda del Ayuntamiento de Val\u00e8ncia, dise\u00f1ado para la construcci\u00f3n de 955 viviendas, en los pr\u00f3ximos [&hellip;]<\/p>\n","protected":false},"author":2,"featured_media":10618,"comment_status":"open","ping_status":"open","sticky":false,"template":"","format":"standard","meta":{"site-sidebar-layout":"default","site-content-layout":"","ast-site-content-layout":"","site-content-style":"default","site-sidebar-style":"default","ast-global-header-display":"","ast-banner-title-visibility":"","ast-main-header-display":"","ast-hfb-above-header-display":"","ast-hfb-below-header-display":"","ast-hfb-mobile-header-display":"","site-post-title":"","ast-breadcrumbs-content":"","ast-featured-img":"","footer-sml-layout":"","theme-transparent-header-meta":"","adv-header-id-meta":"","stick-header-meta":"","header-above-stick-meta":"","header-main-stick-meta":"","header-below-stick-meta":"","astra-migrate-meta-layouts":"default","ast-page-background-enabled":"default","ast-page-background-meta":{"desktop":{"background-color":"var(--ast-global-color-5)","background-image":"","background-repeat":"repeat","background-position":"center center","background-size":"auto","background-attachment":"scroll","background-type":"","background-media":"","overlay-type":"","overlay-color":"","overlay-opacity":"","overlay-gradient":""},"tablet":{"background-color":"","background-image":"","background-repeat":"repeat","background-position":"center center","background-size":"auto","background-attachment":"scroll","background-type":"","background-media":"","overlay-type":"","overlay-color":"","overlay-opacity":"","overlay-gradient":""},"mobile":{"background-color":"","background-image":"","background-repeat":"repeat","background-position":"center center","background-size":"auto","background-attachment":"scroll","background-type":"","background-media":"","overlay-type":"","overlay-color":"","overlay-opacity":"","overlay-gradient":""}},"ast-content-background-meta":{"desktop":{"background-color":"var(--ast-global-color-4)","background-image":"","background-repeat":"repeat","background-position":"center center","background-size":"auto","background-attachment":"scroll","background-type":"","background-media":"","overlay-type":"","overlay-color":"","overlay-opacity":"","overlay-gradient":""},"tablet":{"background-color":"var(--ast-global-color-4)","background-image":"","background-repeat":"repeat","background-position":"center center","background-size":"auto","background-attachment":"scroll","background-type":"","background-media":"","overlay-type":"","overlay-color":"","overlay-opacity":"","overlay-gradient":""},"mobile":{"background-color":"var(--ast-global-color-4)","background-image":"","background-repeat":"repeat","background-position":"center center","background-size":"auto","background-attachment":"scroll","background-type":"","background-media":"","overlay-type":"","overlay-color":"","overlay-opacity":"","overlay-gradient":""}}},"categories":[50,22,56],"tags":[],"acf":[],"_links":{"self":[{"href":"https:\/\/plancabanyal.es\/en\/wp-json\/wp\/v2\/posts\/10615"}],"collection":[{"href":"https:\/\/plancabanyal.es\/en\/wp-json\/wp\/v2\/posts"}],"about":[{"href":"https:\/\/plancabanyal.es\/en\/wp-json\/wp\/v2\/types\/post"}],"author":[{"embeddable":true,"href":"https:\/\/plancabanyal.es\/en\/wp-json\/wp\/v2\/users\/2"}],"replies":[{"embeddable":true,"href":"https:\/\/plancabanyal.es\/en\/wp-json\/wp\/v2\/comments?post=10615"}],"version-history":[{"count":1,"href":"https:\/\/plancabanyal.es\/en\/wp-json\/wp\/v2\/posts\/10615\/revisions"}],"predecessor-version":[{"id":10621,"href":"https:\/\/plancabanyal.es\/en\/wp-json\/wp\/v2\/posts\/10615\/revisions\/10621"}],"wp:featuredmedia":[{"embeddable":true,"href":"https:\/\/plancabanyal.es\/en\/wp-json\/wp\/v2\/media\/10618"}],"wp:attachment":[{"href":"https:\/\/plancabanyal.es\/en\/wp-json\/wp\/v2\/media?parent=10615"}],"wp:term":[{"taxonomy":"category","embeddable":true,"href":"https:\/\/plancabanyal.es\/en\/wp-json\/wp\/v2\/categories?post=10615"},{"taxonomy":"post_tag","embeddable":true,"href":"https:\/\/plancabanyal.es\/en\/wp-json\/wp\/v2\/tags?post=10615"}],"curies":[{"name":"wp","href":"https:\/\/api.w.org\/{rel}","templated":true}]}}